{"id":57051,"date":"2025-11-05T08:28:46","date_gmt":"2025-11-05T11:28:46","guid":{"rendered":"https:\/\/municipalidadpucon.cl\/?p=57051"},"modified":"2025-11-05T08:28:46","modified_gmt":"2025-11-05T11:28:46","slug":"puconinas-recibieron-certificado-en-diseno-y-confeccion-de-telares","status":"publish","type":"post","link":"https:\/\/municipalidadpucon.cl\/?p=57051","title":{"rendered":"Puconinas recibieron certificado en dise\u00f1o y confecci\u00f3n de telares"},"content":{"rendered":"<p><em><strong>Fueron 11 las beneficiadas, luego de participar del programa Becas Laborales, facilitadas por la Municipalidad de Puc\u00f3n en coordinaci\u00f3n con el Servicio Nacional de Capacitaci\u00f3n y Empleo (SENCE).<\/strong><\/em><\/p>\n<p><img decoding=\"async\" class=\"alignnone size-medium wp-image-57052\" src=\"https:\/\/municipalidadpucon.cl\/wp-content\/uploads\/2025\/11\/2-2-300x200.jpeg\" alt=\"\" width=\"300\" height=\"200\" srcset=\"https:\/\/municipalidadpucon.cl\/wp-content\/uploads\/2025\/11\/2-2-200x133.jpeg 200w, https:\/\/municipalidadpucon.cl\/wp-content\/uploads\/2025\/11\/2-2-300x200.jpeg 300w, https:\/\/municipalidadpucon.cl\/wp-content\/uploads\/2025\/11\/2-2-400x267.jpeg 400w, https:\/\/municipalidadpucon.cl\/wp-content\/uploads\/2025\/11\/2-2-600x400.jpeg 600w, https:\/\/municipalidadpucon.cl\/wp-content\/uploads\/2025\/11\/2-2-768x512.jpeg 768w, https:\/\/municipalidadpucon.cl\/wp-content\/uploads\/2025\/11\/2-2-800x533.jpeg 800w, https:\/\/municipalidadpucon.cl\/wp-content\/uploads\/2025\/11\/2-2-1024x683.jpeg 1024w, https:\/\/municipalidadpucon.cl\/wp-content\/uploads\/2025\/11\/2-2-1200x800.jpeg 1200w, https:\/\/municipalidadpucon.cl\/wp-content\/uploads\/2025\/11\/2-2-scaled.jpeg 1300w\" sizes=\"(max-width: 300px) 100vw, 300px\" \/> <img decoding=\"async\" class=\"alignnone size-medium wp-image-57053\" src=\"https:\/\/municipalidadpucon.cl\/wp-content\/uploads\/2025\/11\/3-2-300x200.jpeg\" alt=\"\" width=\"300\" height=\"200\" srcset=\"https:\/\/municipalidadpucon.cl\/wp-content\/uploads\/2025\/11\/3-2-200x133.jpeg 200w, https:\/\/municipalidadpucon.cl\/wp-content\/uploads\/2025\/11\/3-2-300x200.jpeg 300w, https:\/\/municipalidadpucon.cl\/wp-content\/uploads\/2025\/11\/3-2-400x267.jpeg 400w, https:\/\/municipalidadpucon.cl\/wp-content\/uploads\/2025\/11\/3-2-600x400.jpeg 600w, https:\/\/municipalidadpucon.cl\/wp-content\/uploads\/2025\/11\/3-2-768x512.jpeg 768w, https:\/\/municipalidadpucon.cl\/wp-content\/uploads\/2025\/11\/3-2-800x533.jpeg 800w, https:\/\/municipalidadpucon.cl\/wp-content\/uploads\/2025\/11\/3-2-1024x683.jpeg 1024w, https:\/\/municipalidadpucon.cl\/wp-content\/uploads\/2025\/11\/3-2-1200x800.jpeg 1200w, https:\/\/municipalidadpucon.cl\/wp-content\/uploads\/2025\/11\/3-2-scaled.jpeg 1300w\" sizes=\"(max-width: 300px) 100vw, 300px\" \/> <img decoding=\"async\" class=\"alignnone size-medium wp-image-57054\" src=\"https:\/\/municipalidadpucon.cl\/wp-content\/uploads\/2025\/11\/4-2-300x200.jpeg\" alt=\"\" width=\"300\" height=\"200\" srcset=\"https:\/\/municipalidadpucon.cl\/wp-content\/uploads\/2025\/11\/4-2-200x133.jpeg 200w, https:\/\/municipalidadpucon.cl\/wp-content\/uploads\/2025\/11\/4-2-300x200.jpeg 300w, https:\/\/municipalidadpucon.cl\/wp-content\/uploads\/2025\/11\/4-2-400x267.jpeg 400w, https:\/\/municipalidadpucon.cl\/wp-content\/uploads\/2025\/11\/4-2-600x400.jpeg 600w, https:\/\/municipalidadpucon.cl\/wp-content\/uploads\/2025\/11\/4-2-768x512.jpeg 768w, https:\/\/municipalidadpucon.cl\/wp-content\/uploads\/2025\/11\/4-2-800x533.jpeg 800w, https:\/\/municipalidadpucon.cl\/wp-content\/uploads\/2025\/11\/4-2-1024x683.jpeg 1024w, https:\/\/municipalidadpucon.cl\/wp-content\/uploads\/2025\/11\/4-2-1200x800.jpeg 1200w, https:\/\/municipalidadpucon.cl\/wp-content\/uploads\/2025\/11\/4-2-scaled.jpeg 1300w\" sizes=\"(max-width: 300px) 100vw, 300px\" \/> <img decoding=\"async\" class=\"alignnone size-medium wp-image-57055\" src=\"https:\/\/municipalidadpucon.cl\/wp-content\/uploads\/2025\/11\/5-1-300x200.jpeg\" alt=\"\" width=\"300\" height=\"200\" srcset=\"https:\/\/municipalidadpucon.cl\/wp-content\/uploads\/2025\/11\/5-1-200x133.jpeg 200w, https:\/\/municipalidadpucon.cl\/wp-content\/uploads\/2025\/11\/5-1-300x200.jpeg 300w, https:\/\/municipalidadpucon.cl\/wp-content\/uploads\/2025\/11\/5-1-400x267.jpeg 400w, https:\/\/municipalidadpucon.cl\/wp-content\/uploads\/2025\/11\/5-1-600x400.jpeg 600w, https:\/\/municipalidadpucon.cl\/wp-content\/uploads\/2025\/11\/5-1-768x512.jpeg 768w, https:\/\/municipalidadpucon.cl\/wp-content\/uploads\/2025\/11\/5-1-800x533.jpeg 800w, https:\/\/municipalidadpucon.cl\/wp-content\/uploads\/2025\/11\/5-1-1024x683.jpeg 1024w, https:\/\/municipalidadpucon.cl\/wp-content\/uploads\/2025\/11\/5-1-1200x800.jpeg 1200w, https:\/\/municipalidadpucon.cl\/wp-content\/uploads\/2025\/11\/5-1-scaled.jpeg 1300w\" sizes=\"(max-width: 300px) 100vw, 300px\" \/><\/p>\n<p>Una emotiva ceremonia de certificaci\u00f3n se realiz\u00f3 hace algunos d\u00edas en la comuna de Puc\u00f3n destinada a mujeres que se titularon y aprobaron el curso de dise\u00f1o y confecci\u00f3n de tejido a telar, un proyecto al cual la postulaci\u00f3n estuvo a cargo de la Municipalidad de Puc\u00f3n, a trav\u00e9s de la Oficina de Intermediaci\u00f3n Laboral (OMIL) y en coordinaci\u00f3n con el Servicio Nacional de Capacitaci\u00f3n y Empleo (SENCE).<\/p>\n<p>Fueron once mujeres de la comuna lacustre las que agradecieron ser parte de este programa de becas laborales de capacitaci\u00f3n y que concret\u00f3 la entidad Assesor Capacitaci\u00f3n, organismo t\u00e9cnico de capacitaci\u00f3n que concret\u00f3 estas muy valoradas clases te\u00f3ricas y pr\u00e1cticas, con una duraci\u00f3n de 187 horas acad\u00e9micas.<br \/>\n<strong>ATENCI\u00d3N PRESENCIAL<\/strong><\/p>\n<p>\u201cEste curso fue formulado por la oficina OMIL, a trav\u00e9s del programa de becas laborales de SENCE, donde fue ejecutado por el organismo t\u00e9cnico de capacitaci\u00f3n\u201d, indic\u00f3 la encargada de la OMIL Puc\u00f3n, Sandra Delgadillo, quien destac\u00f3 que, como organismo asesor al empleo, sigue con su funcionamiento diario en calle Ansorena N\u00b0585, esquina con Uruguay.<\/p>\n<!--[if lt IE 9]><script>document.createElement('audio');<\/script><![endif]-->\n<audio class=\"wp-audio-shortcode\" id=\"audio-57051-1\" preload=\"none\" style=\"width: 100%;\" controls=\"controls\"><source type=\"audio\/mpeg\" src=\"https:\/\/municipalidadpucon.cl\/wp-content\/uploads\/2025\/11\/Sandra-Delgadillo-a-cargo-de-OMIL-detalla-del-programa-.mp3?_=1\" \/><a href=\"https:\/\/municipalidadpucon.cl\/wp-content\/uploads\/2025\/11\/Sandra-Delgadillo-a-cargo-de-OMIL-detalla-del-programa-.mp3\">https:\/\/municipalidadpucon.cl\/wp-content\/uploads\/2025\/11\/Sandra-Delgadillo-a-cargo-de-OMIL-detalla-del-programa-.mp3<\/a><\/audio>\n<p><img decoding=\"async\" class=\"alignnone size-medium wp-image-57057\" src=\"https:\/\/municipalidadpucon.cl\/wp-content\/uploads\/2025\/11\/6-2-300x225.jpg\" alt=\"\" width=\"300\" height=\"225\" srcset=\"https:\/\/municipalidadpucon.cl\/wp-content\/uploads\/2025\/11\/6-2-200x150.jpg 200w, https:\/\/municipalidadpucon.cl\/wp-content\/uploads\/2025\/11\/6-2-300x225.jpg 300w, https:\/\/municipalidadpucon.cl\/wp-content\/uploads\/2025\/11\/6-2-400x300.jpg 400w, https:\/\/municipalidadpucon.cl\/wp-content\/uploads\/2025\/11\/6-2-600x450.jpg 600w, https:\/\/municipalidadpucon.cl\/wp-content\/uploads\/2025\/11\/6-2-768x576.jpg 768w, https:\/\/municipalidadpucon.cl\/wp-content\/uploads\/2025\/11\/6-2-800x600.jpg 800w, https:\/\/municipalidadpucon.cl\/wp-content\/uploads\/2025\/11\/6-2-1024x768.jpg 1024w, https:\/\/municipalidadpucon.cl\/wp-content\/uploads\/2025\/11\/6-2-1200x900.jpg 1200w, https:\/\/municipalidadpucon.cl\/wp-content\/uploads\/2025\/11\/6-2.jpg 1280w\" sizes=\"(max-width: 300px) 100vw, 300px\" \/> <img decoding=\"async\" class=\"alignnone size-medium wp-image-57058\" src=\"https:\/\/municipalidadpucon.cl\/wp-content\/uploads\/2025\/11\/7-2-300x225.jpg\" alt=\"\" width=\"300\" height=\"225\" srcset=\"https:\/\/municipalidadpucon.cl\/wp-content\/uploads\/2025\/11\/7-2-200x150.jpg 200w, https:\/\/municipalidadpucon.cl\/wp-content\/uploads\/2025\/11\/7-2-300x225.jpg 300w, https:\/\/municipalidadpucon.cl\/wp-content\/uploads\/2025\/11\/7-2-400x300.jpg 400w, https:\/\/municipalidadpucon.cl\/wp-content\/uploads\/2025\/11\/7-2-600x450.jpg 600w, https:\/\/municipalidadpucon.cl\/wp-content\/uploads\/2025\/11\/7-2-768x576.jpg 768w, https:\/\/municipalidadpucon.cl\/wp-content\/uploads\/2025\/11\/7-2-800x600.jpg 800w, https:\/\/municipalidadpucon.cl\/wp-content\/uploads\/2025\/11\/7-2-1024x768.jpg 1024w, https:\/\/municipalidadpucon.cl\/wp-content\/uploads\/2025\/11\/7-2-1200x900.jpg 1200w, https:\/\/municipalidadpucon.cl\/wp-content\/uploads\/2025\/11\/7-2.jpg 1280w\" sizes=\"(max-width: 300px) 100vw, 300px\" \/><\/p>\n<p>La OMIL, adem\u00e1s de este tipo de instancias, tambi\u00e9n ha venido liderando otros programas de asesor\u00eda al trabajo remunerado en la zona, como el referido \u201cApresto Laboral\u201d, dedicado a estudiantes de cuarto a\u00f1o medio de la comuna; entre ellos, de los liceos Hoteler\u00eda y Turismo, Montemar\u00eda, Pablo VI y el Complejo Carlos Holzapfel, de administraci\u00f3n educativa p\u00fablica.<\/p>\n<p>&nbsp;<\/p>\n","protected":false},"excerpt":{"rendered":"<p>Fueron 11 las beneficiadas, luego de participar del programa Becas [&hellip;]<\/p>\n","protected":false},"author":10,"featured_media":57059,"comment_status":"closed","ping_status":"open","sticky":false,"template":"","format":"standard","meta":[],"categories":[3],"tags":[],"_links":{"self":[{"href":"https:\/\/municipalidadpucon.cl\/index.php?rest_route=\/wp\/v2\/posts\/57051"}],"collection":[{"href":"https:\/\/municipalidadpucon.cl\/index.php?rest_route=\/wp\/v2\/posts"}],"about":[{"href":"https:\/\/municipalidadpucon.cl\/index.php?rest_route=\/wp\/v2\/types\/post"}],"author":[{"embeddable":true,"href":"https:\/\/municipalidadpucon.cl\/index.php?rest_route=\/wp\/v2\/users\/10"}],"replies":[{"embeddable":true,"href":"https:\/\/municipalidadpucon.cl\/index.php?rest_route=%2Fwp%2Fv2%2Fcomments&post=57051"}],"version-history":[{"count":1,"href":"https:\/\/municipalidadpucon.cl\/index.php?rest_route=\/wp\/v2\/posts\/57051\/revisions"}],"predecessor-version":[{"id":57060,"href":"https:\/\/municipalidadpucon.cl\/index.php?rest_route=\/wp\/v2\/posts\/57051\/revisions\/57060"}],"wp:featuredmedia":[{"embeddable":true,"href":"https:\/\/municipalidadpucon.cl\/index.php?rest_route=\/wp\/v2\/media\/57059"}],"wp:attachment":[{"href":"https:\/\/municipalidadpucon.cl\/index.php?rest_route=%2Fwp%2Fv2%2Fmedia&parent=57051"}],"wp:term":[{"taxonomy":"category","embeddable":true,"href":"https:\/\/municipalidadpucon.cl\/index.php?rest_route=%2Fwp%2Fv2%2Fcategories&post=57051"},{"taxonomy":"post_tag","embeddable":true,"href":"https:\/\/municipalidadpucon.cl\/index.php?rest_route=%2Fwp%2Fv2%2Ftags&post=57051"}],"curies":[{"name":"wp","href":"https:\/\/api.w.org\/{rel}","templated":true}]}}