{"id":57061,"date":"2025-11-05T09:38:40","date_gmt":"2025-11-05T12:38:40","guid":{"rendered":"https:\/\/municipalidadpucon.cl\/?p=57061"},"modified":"2025-11-05T09:38:40","modified_gmt":"2025-11-05T12:38:40","slug":"municipio-se-une-a-personas-mayores-por-termino-del-proyecto-mas-ama","status":"publish","type":"post","link":"https:\/\/municipalidadpucon.cl\/?p=57061","title":{"rendered":"Municipio se une a personas mayores por t\u00e9rmino del proyecto \u201cM\u00e1s AMA\u201d"},"content":{"rendered":"<p><em><strong>En el Presupuesto de la Naci\u00f3n, el programa M\u00e1s Adulto Mayor Autovalente no est\u00e1 incluido, lo que ha generado una ola de reclamos en el sistema de salud municipal, que es desde donde se atiende a centenar de beneficiados en la comuna lacustre.<\/strong><\/em><\/p>\n<p><img decoding=\"async\" class=\"size-medium wp-image-57062 aligncenter\" src=\"https:\/\/municipalidadpucon.cl\/wp-content\/uploads\/2025\/11\/2-3-300x225.jpeg\" alt=\"\" width=\"300\" height=\"225\" srcset=\"https:\/\/municipalidadpucon.cl\/wp-content\/uploads\/2025\/11\/2-3-200x150.jpeg 200w, https:\/\/municipalidadpucon.cl\/wp-content\/uploads\/2025\/11\/2-3-300x225.jpeg 300w, https:\/\/municipalidadpucon.cl\/wp-content\/uploads\/2025\/11\/2-3-400x300.jpeg 400w, https:\/\/municipalidadpucon.cl\/wp-content\/uploads\/2025\/11\/2-3-600x450.jpeg 600w, https:\/\/municipalidadpucon.cl\/wp-content\/uploads\/2025\/11\/2-3-768x576.jpeg 768w, https:\/\/municipalidadpucon.cl\/wp-content\/uploads\/2025\/11\/2-3-800x600.jpeg 800w, https:\/\/municipalidadpucon.cl\/wp-content\/uploads\/2025\/11\/2-3-1024x768.jpeg 1024w, https:\/\/municipalidadpucon.cl\/wp-content\/uploads\/2025\/11\/2-3-1200x900.jpeg 1200w, https:\/\/municipalidadpucon.cl\/wp-content\/uploads\/2025\/11\/2-3.jpeg 1280w\" sizes=\"(max-width: 300px) 100vw, 300px\" \/><\/p>\n<p>Conocida las primeras discusiones por definir el Presupuesto de la Naci\u00f3n 2026, se conoci\u00f3 la reducci\u00f3n o abierto desfinanciamiento para proyectos de trascendencia social, como es el caso del Programa M\u00e1s Adulto Mayor Autovalente (MAS AMA), lo que en la comuna de Puc\u00f3n uni\u00f3 a los funcionarios de salud municipal, los beneficiarios del proyecto y, adem\u00e1s, al propio Municipio local que, por medio del alcalde Sebasti\u00e1n \u00c1lvarez, expres\u00f3 su completo apoyo a la solicitud de no terminar con esta iniciativa gubernamental.<\/p>\n<p>\u201cEstamos s\u00faper preocupados, porque ya con los anuncios de recortes en los programas sociales del Ministerio de Desarrollo Social, nos han pegado un golpe duro a las personas m\u00e1s vulnerables en la comuna\u201d, dijo la primera autoridad comunal, quien lament\u00f3 que peligre la continuidad del M\u00c1S AMA, porque \u201cafecta a un programa de prevenci\u00f3n para mantener una mejor calidad de vida de las personas mayores. Es un programa, como ellos lo han dicho, les da vida, los entretiene, los hace sonre\u00edr, o sea, tiene un componente fundamental en la vida y lo m\u00e1s bonito es que es preventivo\u201d.<\/p>\n<!--[if lt IE 9]><script>document.createElement('audio');<\/script><![endif]-->\n<audio class=\"wp-audio-shortcode\" id=\"audio-57061-1\" preload=\"none\" style=\"width: 100%;\" controls=\"controls\"><source type=\"audio\/mpeg\" src=\"https:\/\/municipalidadpucon.cl\/wp-content\/uploads\/2025\/11\/Alcalde-Sebastian-Alvarez-preocupado-por-recortes-en-Presupuesto-social-.mp3?_=1\" \/><a href=\"https:\/\/municipalidadpucon.cl\/wp-content\/uploads\/2025\/11\/Alcalde-Sebastian-Alvarez-preocupado-por-recortes-en-Presupuesto-social-.mp3\">https:\/\/municipalidadpucon.cl\/wp-content\/uploads\/2025\/11\/Alcalde-Sebastian-Alvarez-preocupado-por-recortes-en-Presupuesto-social-.mp3<\/a><\/audio>\n<p><img decoding=\"async\" class=\"alignnone size-medium wp-image-57064\" src=\"https:\/\/municipalidadpucon.cl\/wp-content\/uploads\/2025\/11\/3-3-225x300.jpeg\" alt=\"\" width=\"225\" height=\"300\" srcset=\"https:\/\/municipalidadpucon.cl\/wp-content\/uploads\/2025\/11\/3-3-200x267.jpeg 200w, https:\/\/municipalidadpucon.cl\/wp-content\/uploads\/2025\/11\/3-3-225x300.jpeg 225w, https:\/\/municipalidadpucon.cl\/wp-content\/uploads\/2025\/11\/3-3-400x533.jpeg 400w, https:\/\/municipalidadpucon.cl\/wp-content\/uploads\/2025\/11\/3-3-600x800.jpeg 600w, https:\/\/municipalidadpucon.cl\/wp-content\/uploads\/2025\/11\/3-3-768x1024.jpeg 768w, https:\/\/municipalidadpucon.cl\/wp-content\/uploads\/2025\/11\/3-3-800x1067.jpeg 800w, https:\/\/municipalidadpucon.cl\/wp-content\/uploads\/2025\/11\/3-3.jpeg 960w\" sizes=\"(max-width: 225px) 100vw, 225px\" \/><\/p>\n<p><strong>PROTESTA CARNAVALESCA<\/strong><\/p>\n<p>Magaly Meri\u00f1o, una de las usuarias de este beneficio, lleg\u00f3 acompa\u00f1ada al edificio municipal para lamentar esta \u201cmala nueva\u201d y, a su vez, participar de un carnaval callejero en la comuna lacustre, explic\u00f3 que \u201ca m\u00ed me perjudica enormemente, porque mi esposo y yo somos los dos solos. \u00c9l trabaja en una amasander\u00eda y yo quedo sola todo el d\u00eda, y esto a m\u00ed me permite distraerme, sacarme de mi soledad. Entonces, yo ya estoy con otra actitud en mi casa esperando a mi esposo cuando llega. Y esto me va a perjudicar mucho si lo terminan\u201d.<\/p>\n<audio class=\"wp-audio-shortcode\" id=\"audio-57061-2\" preload=\"none\" style=\"width: 100%;\" controls=\"controls\"><source type=\"audio\/mpeg\" src=\"https:\/\/municipalidadpucon.cl\/wp-content\/uploads\/2025\/11\/Dos-Personas-Mayores-lamentan-esta-merma-de-recursos-.mp3?_=2\" \/><a href=\"https:\/\/municipalidadpucon.cl\/wp-content\/uploads\/2025\/11\/Dos-Personas-Mayores-lamentan-esta-merma-de-recursos-.mp3\">https:\/\/municipalidadpucon.cl\/wp-content\/uploads\/2025\/11\/Dos-Personas-Mayores-lamentan-esta-merma-de-recursos-.mp3<\/a><\/audio>\n<p>\u201cYo no quiero que se termine este programa, porque me tiene activa con mi salud f\u00edsica y mental. Somos personas solas y necesitamos de este programa\u201d, insisti\u00f3 Ruby Vergara, otra usuaria, a la vez que valor\u00f3 la ayuda profesional de kinesiolog\u00eda y tambi\u00e9n \u00b4de terapeuta ocupacional. \u201cEs un da\u00f1o muy grande que nos van a hacer con quitarnos estos recursos para poder ser m\u00e1s autovalentes\u201d, recalc\u00f3 la puconina.<\/p>\n<p><strong>AUTOVALENCIA EN PELIGRO<\/strong><\/p>\n<p>Junto al alcalde de la comuna, las personas mayores tambi\u00e9n recibieron en su reclamo el apoyo de la Asociaci\u00f3n de Funcionarios de la Salud Municipal (AFUSAM) y organizaciones de personas mayores, quienes desatacaron este programa M\u00e1s Adulto Mayor Autovalente, el que pone en pr\u00e1ctica el Ministerio de Salud con el objetivo de prolongar la autovalencia y mejorar la calidad de vida de personas mayores de 60 a\u00f1os, que -hasta ahora- implementa talleres, actividades de esparcimiento y atenci\u00f3n profesional en los Centros de Salud Familiar (CESFAM).<\/p>\n<p><img decoding=\"async\" class=\"alignnone size-medium wp-image-57066\" src=\"https:\/\/municipalidadpucon.cl\/wp-content\/uploads\/2025\/11\/4-3-300x225.jpeg\" alt=\"\" width=\"300\" height=\"225\" srcset=\"https:\/\/municipalidadpucon.cl\/wp-content\/uploads\/2025\/11\/4-3-200x150.jpeg 200w, https:\/\/municipalidadpucon.cl\/wp-content\/uploads\/2025\/11\/4-3-300x225.jpeg 300w, https:\/\/municipalidadpucon.cl\/wp-content\/uploads\/2025\/11\/4-3-400x300.jpeg 400w, https:\/\/municipalidadpucon.cl\/wp-content\/uploads\/2025\/11\/4-3-600x450.jpeg 600w, https:\/\/municipalidadpucon.cl\/wp-content\/uploads\/2025\/11\/4-3-768x576.jpeg 768w, https:\/\/municipalidadpucon.cl\/wp-content\/uploads\/2025\/11\/4-3-800x600.jpeg 800w, https:\/\/municipalidadpucon.cl\/wp-content\/uploads\/2025\/11\/4-3-1024x768.jpeg 1024w, https:\/\/municipalidadpucon.cl\/wp-content\/uploads\/2025\/11\/4-3-1200x900.jpeg 1200w, https:\/\/municipalidadpucon.cl\/wp-content\/uploads\/2025\/11\/4-3.jpeg 1280w\" sizes=\"(max-width: 300px) 100vw, 300px\" \/><\/p>\n<p>\u201cEl programa M\u00c1S AMA tiene que continuar, tiene que seguir y tiene que establecerse en la Ley de Presupuesto de la naci\u00f3n\u201d, insisti\u00f3 la primera autoridad comunal de Puc\u00f3n, quien agreg\u00f3 que \u201cno puede ser que el reajuste per c\u00e1pita no supere los mil pesos, porque los gastos de salud son crecientes. Si, lamentablemente, se mantiene el reajuste presupuestario, nos van a hacer entrar en una crisis de la salud municipal, y eso no lo quieren ni los trabajadores ni los beneficiarios de los distintos programas\u201d, rubric\u00f3 el alcalde Sebasti\u00e1n \u00c1lvarez.<\/p>\n<audio class=\"wp-audio-shortcode\" id=\"audio-57061-3\" preload=\"none\" style=\"width: 100%;\" controls=\"controls\"><source type=\"audio\/mpeg\" src=\"https:\/\/municipalidadpucon.cl\/wp-content\/uploads\/2025\/11\/Alcalde-Sebastian-Alvarez-pide-que-continue-el-programa-Mas-AMA-.mp3?_=3\" \/><a href=\"https:\/\/municipalidadpucon.cl\/wp-content\/uploads\/2025\/11\/Alcalde-Sebastian-Alvarez-pide-que-continue-el-programa-Mas-AMA-.mp3\">https:\/\/municipalidadpucon.cl\/wp-content\/uploads\/2025\/11\/Alcalde-Sebastian-Alvarez-pide-que-continue-el-programa-Mas-AMA-.mp3<\/a><\/audio>\n","protected":false},"excerpt":{"rendered":"<p>En el Presupuesto de la Naci\u00f3n, el programa M\u00e1s Adulto [&hellip;]<\/p>\n","protected":false},"author":10,"featured_media":57069,"comment_status":"closed","ping_status":"open","sticky":false,"template":"","format":"standard","meta":[],"categories":[98,3],"tags":[],"_links":{"self":[{"href":"https:\/\/municipalidadpucon.cl\/index.php?rest_route=\/wp\/v2\/posts\/57061"}],"collection":[{"href":"https:\/\/municipalidadpucon.cl\/index.php?rest_route=\/wp\/v2\/posts"}],"about":[{"href":"https:\/\/municipalidadpucon.cl\/index.php?rest_route=\/wp\/v2\/types\/post"}],"author":[{"embeddable":true,"href":"https:\/\/municipalidadpucon.cl\/index.php?rest_route=\/wp\/v2\/users\/10"}],"replies":[{"embeddable":true,"href":"https:\/\/municipalidadpucon.cl\/index.php?rest_route=%2Fwp%2Fv2%2Fcomments&post=57061"}],"version-history":[{"count":1,"href":"https:\/\/municipalidadpucon.cl\/index.php?rest_route=\/wp\/v2\/posts\/57061\/revisions"}],"predecessor-version":[{"id":57070,"href":"https:\/\/municipalidadpucon.cl\/index.php?rest_route=\/wp\/v2\/posts\/57061\/revisions\/57070"}],"wp:featuredmedia":[{"embeddable":true,"href":"https:\/\/municipalidadpucon.cl\/index.php?rest_route=\/wp\/v2\/media\/57069"}],"wp:attachment":[{"href":"https:\/\/municipalidadpucon.cl\/index.php?rest_route=%2Fwp%2Fv2%2Fmedia&parent=57061"}],"wp:term":[{"taxonomy":"category","embeddable":true,"href":"https:\/\/municipalidadpucon.cl\/index.php?rest_route=%2Fwp%2Fv2%2Fcategories&post=57061"},{"taxonomy":"post_tag","embeddable":true,"href":"https:\/\/municipalidadpucon.cl\/index.php?rest_route=%2Fwp%2Fv2%2Ftags&post=57061"}],"curies":[{"name":"wp","href":"https:\/\/api.w.org\/{rel}","templated":true}]}}