{"id":57072,"date":"2025-11-06T08:45:29","date_gmt":"2025-11-06T11:45:29","guid":{"rendered":"https:\/\/municipalidadpucon.cl\/?p=57072"},"modified":"2025-11-06T08:45:29","modified_gmt":"2025-11-06T11:45:29","slug":"basquetbolistas-de-pucon-se-clasificaron-a-mundial-senior-40","status":"publish","type":"post","link":"https:\/\/municipalidadpucon.cl\/?p=57072","title":{"rendered":"Basquetbolistas de Puc\u00f3n se clasificaron a Mundial senior +40"},"content":{"rendered":"<p><em><strong>Elenco que tuvo como base el quinteto de D\u2019Toros de la urbe lacustre result\u00f3 vicecampe\u00f3n de Chile, tras perder la final con INCOS de Vi\u00f1a del Mar, en evento nacional realizado, precisamente, en la Ciudad Jard\u00edn el \u00faltimo fin de semana.<\/strong><\/em><\/p>\n<p><img decoding=\"async\" class=\"alignnone size-medium wp-image-57073\" src=\"https:\/\/municipalidadpucon.cl\/wp-content\/uploads\/2025\/11\/2-4-300x240.jpeg\" alt=\"\" width=\"300\" height=\"240\" srcset=\"https:\/\/municipalidadpucon.cl\/wp-content\/uploads\/2025\/11\/2-4-177x142.jpeg 177w, https:\/\/municipalidadpucon.cl\/wp-content\/uploads\/2025\/11\/2-4-200x160.jpeg 200w, https:\/\/municipalidadpucon.cl\/wp-content\/uploads\/2025\/11\/2-4-300x240.jpeg 300w, https:\/\/municipalidadpucon.cl\/wp-content\/uploads\/2025\/11\/2-4-400x320.jpeg 400w, https:\/\/municipalidadpucon.cl\/wp-content\/uploads\/2025\/11\/2-4-600x480.jpeg 600w, https:\/\/municipalidadpucon.cl\/wp-content\/uploads\/2025\/11\/2-4-768x614.jpeg 768w, https:\/\/municipalidadpucon.cl\/wp-content\/uploads\/2025\/11\/2-4-800x640.jpeg 800w, https:\/\/municipalidadpucon.cl\/wp-content\/uploads\/2025\/11\/2-4-1024x819.jpeg 1024w, https:\/\/municipalidadpucon.cl\/wp-content\/uploads\/2025\/11\/2-4.jpeg 1134w\" sizes=\"(max-width: 300px) 100vw, 300px\" \/><\/p>\n<p>El quinteto basquetbol\u00edstico de D\u2019Toros de Puc\u00f3n acaba de titularse como el segundo mejor equipo senior mayores de 40 a\u00f1os de Chile, tras resultar vicecampe\u00f3n del certamen nacional que hasta el pasado fin de semana se desarroll\u00f3 en la ciudad de Vi\u00f1a del Mar y por lo cual consigui\u00f3 pasajes para el pr\u00f3ximo Campeonato Mundial que se realizar\u00e1 en Fortaleza, Brasil<\/p>\n<p>Precisamente, ante los locales de INCOS -tambi\u00e9n clasificados a la justa internacional- es que el elenco dirigido t\u00e9cnicamente por Joaqu\u00edn Cuiti\u00f1o cay\u00f3 en el partido definitorio, despu\u00e9s de haber tenido su mejor campa\u00f1a hist\u00f3rica en este tipo de cert\u00e1menes, al haber derrotado en la fase regular a los representantes de Magallanes, Chill\u00e1n, Vitacura y de Antofagasta, este \u00faltimo en la fase semifinal.<\/p>\n<p><strong>PROTAGONISTAS<\/strong><\/p>\n<p>Los puconinos llegaron a estas instancias, despu\u00e9s de titularse monarcas a nivel regional del Campeonato MaxiB\u00e1squet, que tiene como sede a la ciudad de Temuco. Entre los jugadores destacados del combinado local estuvo Michael Ernst, exbasquetbolista profesional y referente de este combinado que lo completaron Pedro Ahumada, Felipe Bustamante, Tom\u00e1s Cartagena, Juan Esparza, Mauricio Espinoza, Sebasti\u00e1n y Juan Fuenzalida, Desiderio M\u00e9ndez, Patricio Miranda, Ra\u00fal Monroy, Ariel Pe\u00f1a y Juan Pablo Sorrel.<\/p>\n<p>Quien manifest\u00f3 su satisfacci\u00f3n, a pesar de haber perdido la final, fue el entrenador del cuadro puconino, Joaqu\u00edn Cuiti\u00f1o, quien destac\u00f3 que el evento de Vi\u00f1a del Mar 2025 \u201cfue nuestro tercer Campeonato Nacional. En el primero salimos decimoterceros, en el segundo fuimos octavos y ahora salimos segundos, entonces cada vez estamos m\u00e1s cerca de la meta\u201d.<\/p>\n<!--[if lt IE 9]><script>document.createElement('audio');<\/script><![endif]-->\n<audio class=\"wp-audio-shortcode\" id=\"audio-57072-1\" preload=\"none\" style=\"width: 100%;\" controls=\"controls\"><source type=\"audio\/mpeg\" src=\"https:\/\/municipalidadpucon.cl\/wp-content\/uploads\/2025\/11\/Joaquin-Cuitino-DT-Seleccion-Pucon-40-feliz-con-evolucion-competitiva-.mp3?_=1\" \/><a href=\"https:\/\/municipalidadpucon.cl\/wp-content\/uploads\/2025\/11\/Joaquin-Cuitino-DT-Seleccion-Pucon-40-feliz-con-evolucion-competitiva-.mp3\">https:\/\/municipalidadpucon.cl\/wp-content\/uploads\/2025\/11\/Joaquin-Cuitino-DT-Seleccion-Pucon-40-feliz-con-evolucion-competitiva-.mp3<\/a><\/audio>\n<p><img decoding=\"async\" class=\"alignnone size-medium wp-image-57075\" src=\"https:\/\/municipalidadpucon.cl\/wp-content\/uploads\/2025\/11\/3-4-300x240.jpeg\" alt=\"\" width=\"300\" height=\"240\" srcset=\"https:\/\/municipalidadpucon.cl\/wp-content\/uploads\/2025\/11\/3-4-177x142.jpeg 177w, https:\/\/municipalidadpucon.cl\/wp-content\/uploads\/2025\/11\/3-4-200x160.jpeg 200w, https:\/\/municipalidadpucon.cl\/wp-content\/uploads\/2025\/11\/3-4-300x240.jpeg 300w, https:\/\/municipalidadpucon.cl\/wp-content\/uploads\/2025\/11\/3-4-400x320.jpeg 400w, https:\/\/municipalidadpucon.cl\/wp-content\/uploads\/2025\/11\/3-4-600x480.jpeg 600w, https:\/\/municipalidadpucon.cl\/wp-content\/uploads\/2025\/11\/3-4-768x614.jpeg 768w, https:\/\/municipalidadpucon.cl\/wp-content\/uploads\/2025\/11\/3-4-800x640.jpeg 800w, https:\/\/municipalidadpucon.cl\/wp-content\/uploads\/2025\/11\/3-4-1024x819.jpeg 1024w, https:\/\/municipalidadpucon.cl\/wp-content\/uploads\/2025\/11\/3-4.jpeg 1134w\" sizes=\"(max-width: 300px) 100vw, 300px\" \/> <img decoding=\"async\" class=\"alignnone size-medium wp-image-57076\" src=\"https:\/\/municipalidadpucon.cl\/wp-content\/uploads\/2025\/11\/4-5-300x240.jpeg\" alt=\"\" width=\"300\" height=\"240\" srcset=\"https:\/\/municipalidadpucon.cl\/wp-content\/uploads\/2025\/11\/4-5-177x142.jpeg 177w, https:\/\/municipalidadpucon.cl\/wp-content\/uploads\/2025\/11\/4-5-200x160.jpeg 200w, https:\/\/municipalidadpucon.cl\/wp-content\/uploads\/2025\/11\/4-5-300x240.jpeg 300w, https:\/\/municipalidadpucon.cl\/wp-content\/uploads\/2025\/11\/4-5-400x320.jpeg 400w, https:\/\/municipalidadpucon.cl\/wp-content\/uploads\/2025\/11\/4-5-600x480.jpeg 600w, https:\/\/municipalidadpucon.cl\/wp-content\/uploads\/2025\/11\/4-5-768x614.jpeg 768w, https:\/\/municipalidadpucon.cl\/wp-content\/uploads\/2025\/11\/4-5-800x640.jpeg 800w, https:\/\/municipalidadpucon.cl\/wp-content\/uploads\/2025\/11\/4-5-1024x819.jpeg 1024w, https:\/\/municipalidadpucon.cl\/wp-content\/uploads\/2025\/11\/4-5.jpeg 1134w\" sizes=\"(max-width: 300px) 100vw, 300px\" \/> <img decoding=\"async\" class=\"alignnone size-medium wp-image-57077\" src=\"https:\/\/municipalidadpucon.cl\/wp-content\/uploads\/2025\/11\/5-2-200x300.jpeg\" alt=\"\" width=\"200\" height=\"300\" srcset=\"https:\/\/municipalidadpucon.cl\/wp-content\/uploads\/2025\/11\/5-2-200x300.jpeg 200w, https:\/\/municipalidadpucon.cl\/wp-content\/uploads\/2025\/11\/5-2-400x600.jpeg 400w, https:\/\/municipalidadpucon.cl\/wp-content\/uploads\/2025\/11\/5-2-600x900.jpeg 600w, https:\/\/municipalidadpucon.cl\/wp-content\/uploads\/2025\/11\/5-2-683x1024.jpeg 683w, https:\/\/municipalidadpucon.cl\/wp-content\/uploads\/2025\/11\/5-2-768x1152.jpeg 768w, https:\/\/municipalidadpucon.cl\/wp-content\/uploads\/2025\/11\/5-2-800x1200.jpeg 800w, https:\/\/municipalidadpucon.cl\/wp-content\/uploads\/2025\/11\/5-2-scaled.jpeg 867w\" sizes=\"(max-width: 200px) 100vw, 200px\" \/><\/p>\n<p><strong>A BUSCAR RECURSOS<\/strong><\/p>\n<p>Cuiti\u00f1o valor\u00f3 que \u201clo reconfortante era que el primer y segundo lugar clasificaban directo al Mundial, que se va a jugar en Fortaleza, Brasil, el a\u00f1o 2027. Ahora nos queda empezar a levantar recursos, juntar auspiciadores, marcas y todo eso para llegar a la meta\u201d. El estratega cesteril reconoce que, el pr\u00f3ximo desaf\u00edo internacional \u201ces bastante m\u00e1s caro que ir a Vi\u00f1a del Mar, mover a 15 personas a otro pa\u00eds por siete d\u00edas igual es complicado\u201d.<\/p>\n<p><img decoding=\"async\" class=\"alignnone size-medium wp-image-57079\" src=\"https:\/\/municipalidadpucon.cl\/wp-content\/uploads\/2025\/11\/6-1-200x300.jpeg\" alt=\"\" width=\"200\" height=\"300\" srcset=\"https:\/\/municipalidadpucon.cl\/wp-content\/uploads\/2025\/11\/6-1-200x300.jpeg 200w, https:\/\/municipalidadpucon.cl\/wp-content\/uploads\/2025\/11\/6-1-400x600.jpeg 400w, https:\/\/municipalidadpucon.cl\/wp-content\/uploads\/2025\/11\/6-1-600x900.jpeg 600w, https:\/\/municipalidadpucon.cl\/wp-content\/uploads\/2025\/11\/6-1-683x1024.jpeg 683w, https:\/\/municipalidadpucon.cl\/wp-content\/uploads\/2025\/11\/6-1-768x1152.jpeg 768w, https:\/\/municipalidadpucon.cl\/wp-content\/uploads\/2025\/11\/6-1-800x1200.jpeg 800w, https:\/\/municipalidadpucon.cl\/wp-content\/uploads\/2025\/11\/6-1-scaled.jpeg 867w\" sizes=\"(max-width: 200px) 100vw, 200px\" \/> <img decoding=\"async\" class=\"alignnone size-medium wp-image-57080\" src=\"https:\/\/municipalidadpucon.cl\/wp-content\/uploads\/2025\/11\/7-300x240.jpeg\" alt=\"\" width=\"300\" height=\"240\" srcset=\"https:\/\/municipalidadpucon.cl\/wp-content\/uploads\/2025\/11\/7-177x142.jpeg 177w, https:\/\/municipalidadpucon.cl\/wp-content\/uploads\/2025\/11\/7-200x160.jpeg 200w, https:\/\/municipalidadpucon.cl\/wp-content\/uploads\/2025\/11\/7-300x240.jpeg 300w, https:\/\/municipalidadpucon.cl\/wp-content\/uploads\/2025\/11\/7-400x320.jpeg 400w, https:\/\/municipalidadpucon.cl\/wp-content\/uploads\/2025\/11\/7-600x480.jpeg 600w, https:\/\/municipalidadpucon.cl\/wp-content\/uploads\/2025\/11\/7-768x614.jpeg 768w, https:\/\/municipalidadpucon.cl\/wp-content\/uploads\/2025\/11\/7-800x640.jpeg 800w, https:\/\/municipalidadpucon.cl\/wp-content\/uploads\/2025\/11\/7-1024x819.jpeg 1024w, https:\/\/municipalidadpucon.cl\/wp-content\/uploads\/2025\/11\/7.jpeg 1134w\" sizes=\"(max-width: 300px) 100vw, 300px\" \/><\/p>\n<p><strong>M\u00c1S COMPETENCIA<\/strong><\/p>\n<p>Mientras tanto, la escuadra basquetbol\u00edstica de Puc\u00f3n sigue compitiendo, en la capital de La Araucan\u00eda, en un nuevo certamen regional de la serie federada de la MaxiB\u00e1squet, considerando que \u201clos torneos nacionales son cada dos a\u00f1os. Por eso, se hizo este a\u00f1o 2025 y ahora el pr\u00f3ximo Mundial ser\u00e1 en julio de 2027\u201d.<\/p>\n<audio class=\"wp-audio-shortcode\" id=\"audio-57072-2\" preload=\"none\" style=\"width: 100%;\" controls=\"controls\"><source type=\"audio\/mpeg\" src=\"https:\/\/municipalidadpucon.cl\/wp-content\/uploads\/2025\/11\/Joaquin-Cuitino-explica-los-tiempos-de-los-eventos-mundiales.mp3?_=2\" \/><a href=\"https:\/\/municipalidadpucon.cl\/wp-content\/uploads\/2025\/11\/Joaquin-Cuitino-explica-los-tiempos-de-los-eventos-mundiales.mp3\">https:\/\/municipalidadpucon.cl\/wp-content\/uploads\/2025\/11\/Joaquin-Cuitino-explica-los-tiempos-de-los-eventos-mundiales.mp3<\/a><\/audio>\n<p>Por su parte, la m\u00e1s reciente competencia de car\u00e1cter mundial fue el a\u00f1o 2024 en Suecia, por lo que \u201cahora justo toc\u00f3 Brasil, por suerte, que es un poco m\u00e1s barato llegar\u201d, sentenci\u00f3 el DT de D\u2019Toros de Puc\u00f3n, vigentes vicecampeones del b\u00e1squetbol +40 de Chile.<\/p>\n","protected":false},"excerpt":{"rendered":"<p>Elenco que tuvo como base el quinteto de D\u2019Toros de [&hellip;]<\/p>\n","protected":false},"author":10,"featured_media":57082,"comment_status":"closed","ping_status":"open","sticky":false,"template":"","format":"standard","meta":[],"categories":[98,3],"tags":[],"_links":{"self":[{"href":"https:\/\/municipalidadpucon.cl\/index.php?rest_route=\/wp\/v2\/posts\/57072"}],"collection":[{"href":"https:\/\/municipalidadpucon.cl\/index.php?rest_route=\/wp\/v2\/posts"}],"about":[{"href":"https:\/\/municipalidadpucon.cl\/index.php?rest_route=\/wp\/v2\/types\/post"}],"author":[{"embeddable":true,"href":"https:\/\/municipalidadpucon.cl\/index.php?rest_route=\/wp\/v2\/users\/10"}],"replies":[{"embeddable":true,"href":"https:\/\/municipalidadpucon.cl\/index.php?rest_route=%2Fwp%2Fv2%2Fcomments&post=57072"}],"version-history":[{"count":1,"href":"https:\/\/municipalidadpucon.cl\/index.php?rest_route=\/wp\/v2\/posts\/57072\/revisions"}],"predecessor-version":[{"id":57083,"href":"https:\/\/municipalidadpucon.cl\/index.php?rest_route=\/wp\/v2\/posts\/57072\/revisions\/57083"}],"wp:featuredmedia":[{"embeddable":true,"href":"https:\/\/municipalidadpucon.cl\/index.php?rest_route=\/wp\/v2\/media\/57082"}],"wp:attachment":[{"href":"https:\/\/municipalidadpucon.cl\/index.php?rest_route=%2Fwp%2Fv2%2Fmedia&parent=57072"}],"wp:term":[{"taxonomy":"category","embeddable":true,"href":"https:\/\/municipalidadpucon.cl\/index.php?rest_route=%2Fwp%2Fv2%2Fcategories&post=57072"},{"taxonomy":"post_tag","embeddable":true,"href":"https:\/\/municipalidadpucon.cl\/index.php?rest_route=%2Fwp%2Fv2%2Ftags&post=57072"}],"curies":[{"name":"wp","href":"https:\/\/api.w.org\/{rel}","templated":true}]}}