{"id":57092,"date":"2025-11-07T08:42:23","date_gmt":"2025-11-07T11:42:23","guid":{"rendered":"https:\/\/municipalidadpucon.cl\/?p=57092"},"modified":"2025-11-07T08:42:23","modified_gmt":"2025-11-07T11:42:23","slug":"liceo-tecnologico-montemaria-preparo-a-sus-estudiantes-para-el-futuro-trabajo","status":"publish","type":"post","link":"https:\/\/municipalidadpucon.cl\/?p=57092","title":{"rendered":"Liceo Tecnol\u00f3gico Montemar\u00eda \u201cprepar\u00f3\u201d a sus estudiantes para el futuro trabajo"},"content":{"rendered":"<p><em><strong>Certificaci\u00f3n se realiz\u00f3 en dependencias de este establecimiento de la comuna de Puc\u00f3n en una iniciativa encabezada por la Oficina Municipal de Intermediaci\u00f3n Laboral (OMIL).<\/strong><\/em><\/p>\n<p>Como parte de los 68 alumnos de ense\u00f1anza media que de la comuna de Puc\u00f3n se diplomaron en el marco de la actividad denominada \u201cApresto Laboral\u201d, los estudiantes del Liceo Tecnol\u00f3gico Montemar\u00eda de la urbe lacustre recibieron su certificaci\u00f3n en esta iniciativa a cargo de la Oficina de Intermediaci\u00f3n Laboral (OMIL), en un trabajo conjunto con el Departamento de Educaci\u00f3n Municipal.<\/p>\n<p>&nbsp;<\/p>\n<p>Mientras esta ceremonia ya se realiz\u00f3 en el Liceo de Hoteler\u00eda y Turismo, ahora el evento se hizo en el Montemar\u00eda, luego en el Complejo Educacional Carlos Holzapfel y finalmente en el Liceo Pablo VI -en una ceremonia interna-, que fueron las instituciones educacionales que fueron protagonistas de la iniciativa local.<\/p>\n<p><strong>AGRADECIMIENTOS<\/strong><\/p>\n<p>\u201cQuiero dar las gracias, ya que este taller nos ayud\u00f3 mucho, como a m\u00ed y a mis compa\u00f1eros, ya que nos dio herramientas que antes no ten\u00edamos tan claras y nos va a ayudar mucho en el futuro\u201d, destac\u00f3 la estudiante del Liceo Montemar\u00eda, Ignacia Salamanca, tras recibir la muy valorada certificaci\u00f3n.<\/p>\n<!--[if lt IE 9]><script>document.createElement('audio');<\/script><![endif]-->\n<audio class=\"wp-audio-shortcode\" id=\"audio-57092-1\" preload=\"none\" style=\"width: 100%;\" controls=\"controls\"><source type=\"audio\/mpeg\" src=\"https:\/\/municipalidadpucon.cl\/wp-content\/uploads\/2025\/11\/Ignacia-Salamanca-estudiante-agradecida-del-Montemaria-.mp3?_=1\" \/><a href=\"https:\/\/municipalidadpucon.cl\/wp-content\/uploads\/2025\/11\/Ignacia-Salamanca-estudiante-agradecida-del-Montemaria-.mp3\">https:\/\/municipalidadpucon.cl\/wp-content\/uploads\/2025\/11\/Ignacia-Salamanca-estudiante-agradecida-del-Montemaria-.mp3<\/a><\/audio>\n<p>&nbsp;<\/p>\n<p>Fue la encargada de la OMIL Puc\u00f3n, Sandra Delgadillo, quien destac\u00f3 este \u201capresto laboral\u201d que consisti\u00f3 en ense\u00f1arle a los j\u00f3venes, cuando salgan de su cuarto medio, qu\u00e9 es y c\u00f3mo enfrentar una entrevista de trabajo y c\u00f3mo hacer su curr\u00edculo, \u201csiempre con el objetivo de que puedan quedar trabajando\u201d, recalc\u00f3.<\/p>\n<p>Como la ceremonia de entrega de diplomas ya se desarroll\u00f3 en el Liceo Hoteler\u00eda y Turismo de Puc\u00f3n y el Liceo Tecnol\u00f3gico Montemar\u00eda, luego ocurrir\u00e1 lo propio en el Carlos Holzapfel y tambi\u00e9n en el Pablo VI, siempre de la comuna junto al lago y al volc\u00e1n Villarrica.<\/p>\n","protected":false},"excerpt":{"rendered":"<p>Certificaci\u00f3n se realiz\u00f3 en dependencias de este establecimiento de la [&hellip;]<\/p>\n","protected":false},"author":10,"featured_media":57095,"comment_status":"closed","ping_status":"open","sticky":false,"template":"","format":"standard","meta":[],"categories":[3],"tags":[],"_links":{"self":[{"href":"https:\/\/municipalidadpucon.cl\/index.php?rest_route=\/wp\/v2\/posts\/57092"}],"collection":[{"href":"https:\/\/municipalidadpucon.cl\/index.php?rest_route=\/wp\/v2\/posts"}],"about":[{"href":"https:\/\/municipalidadpucon.cl\/index.php?rest_route=\/wp\/v2\/types\/post"}],"author":[{"embeddable":true,"href":"https:\/\/municipalidadpucon.cl\/index.php?rest_route=\/wp\/v2\/users\/10"}],"replies":[{"embeddable":true,"href":"https:\/\/municipalidadpucon.cl\/index.php?rest_route=%2Fwp%2Fv2%2Fcomments&post=57092"}],"version-history":[{"count":1,"href":"https:\/\/municipalidadpucon.cl\/index.php?rest_route=\/wp\/v2\/posts\/57092\/revisions"}],"predecessor-version":[{"id":57096,"href":"https:\/\/municipalidadpucon.cl\/index.php?rest_route=\/wp\/v2\/posts\/57092\/revisions\/57096"}],"wp:featuredmedia":[{"embeddable":true,"href":"https:\/\/municipalidadpucon.cl\/index.php?rest_route=\/wp\/v2\/media\/57095"}],"wp:attachment":[{"href":"https:\/\/municipalidadpucon.cl\/index.php?rest_route=%2Fwp%2Fv2%2Fmedia&parent=57092"}],"wp:term":[{"taxonomy":"category","embeddable":true,"href":"https:\/\/municipalidadpucon.cl\/index.php?rest_route=%2Fwp%2Fv2%2Fcategories&post=57092"},{"taxonomy":"post_tag","embeddable":true,"href":"https:\/\/municipalidadpucon.cl\/index.php?rest_route=%2Fwp%2Fv2%2Ftags&post=57092"}],"curies":[{"name":"wp","href":"https:\/\/api.w.org\/{rel}","templated":true}]}}