{"id":57097,"date":"2025-11-07T08:57:47","date_gmt":"2025-11-07T11:57:47","guid":{"rendered":"https:\/\/municipalidadpucon.cl\/?p=57097"},"modified":"2025-11-07T08:57:47","modified_gmt":"2025-11-07T11:57:47","slug":"priorizadas-se-encuentran-las-mejoras-de-caminos-rurales-en-la-comuna","status":"publish","type":"post","link":"https:\/\/municipalidadpucon.cl\/?p=57097","title":{"rendered":"Priorizadas se encuentran las mejoras de caminos rurales en la comuna"},"content":{"rendered":"<p><em><strong>Diversas labores del Municipio -a cargo de la Red Vial, de Gesti\u00f3n del Riesgo de Desastres (GRD) y Seguridad- busca adelantarse a la pr\u00f3xima temporada estival, enfrentando las m\u00faltiples urgencias viales de la zona lacustre.<\/strong><\/em><\/p>\n<p><img decoding=\"async\" class=\"size-medium wp-image-57098 aligncenter\" src=\"https:\/\/municipalidadpucon.cl\/wp-content\/uploads\/2025\/11\/2-5-300x169.jpeg\" alt=\"\" width=\"300\" height=\"169\" srcset=\"https:\/\/municipalidadpucon.cl\/wp-content\/uploads\/2025\/11\/2-5-200x113.jpeg 200w, https:\/\/municipalidadpucon.cl\/wp-content\/uploads\/2025\/11\/2-5-300x169.jpeg 300w, https:\/\/municipalidadpucon.cl\/wp-content\/uploads\/2025\/11\/2-5-400x225.jpeg 400w, https:\/\/municipalidadpucon.cl\/wp-content\/uploads\/2025\/11\/2-5-600x338.jpeg 600w, https:\/\/municipalidadpucon.cl\/wp-content\/uploads\/2025\/11\/2-5-768x432.jpeg 768w, https:\/\/municipalidadpucon.cl\/wp-content\/uploads\/2025\/11\/2-5-800x450.jpeg 800w, https:\/\/municipalidadpucon.cl\/wp-content\/uploads\/2025\/11\/2-5-1024x576.jpeg 1024w, https:\/\/municipalidadpucon.cl\/wp-content\/uploads\/2025\/11\/2-5-1200x675.jpeg 1200w, https:\/\/municipalidadpucon.cl\/wp-content\/uploads\/2025\/11\/2-5-scaled.jpeg 1300w, https:\/\/municipalidadpucon.cl\/wp-content\/uploads\/2025\/11\/2-5-1536x864.jpeg 1536w\" sizes=\"(max-width: 300px) 100vw, 300px\" \/><\/p>\n<p>Una serie de acciones en terreno ha venido desarrollando la Municipalidad de Puc\u00f3n para la mantenci\u00f3n de caminos, en especial los rurales, asumiendo as\u00ed las numerosas solicitudes vecinales en este \u00e1mbito y para lo cual las coordinaciones las vienen desarrollando, en terreno, la Unidad de Red Vial, la Oficina de Gesti\u00f3n del Riesgo de Desastres (GRD) y el Departamento de Seguridad de la corporaci\u00f3n puconina.<\/p>\n<p>\u201cSiempre la filosof\u00eda de GRD, con todos sus medios asociados, es poder tener los caminos despejados, funcionando en buen estado y principalmente evitando los peligros y los riesgos para la poblaci\u00f3n\u201d, coment\u00f3 el encargado de GRD, Eduardo Tello, recalcando que las v\u00edas de acceso vehicular deben mantenerse despejadas, \u201cen caso de alguna emergencia volc\u00e1nica que es nuestra principal amenaza\u201d.<\/p>\n<!--[if lt IE 9]><script>document.createElement('audio');<\/script><![endif]-->\n<audio class=\"wp-audio-shortcode\" id=\"audio-57097-1\" preload=\"none\" style=\"width: 100%;\" controls=\"controls\"><source type=\"audio\/mpeg\" src=\"https:\/\/municipalidadpucon.cl\/wp-content\/uploads\/2025\/11\/EDuardo-Tello-encargado-GRD-explica-la-bor-de-esta-unidad-.mp3?_=1\" \/><a href=\"https:\/\/municipalidadpucon.cl\/wp-content\/uploads\/2025\/11\/EDuardo-Tello-encargado-GRD-explica-la-bor-de-esta-unidad-.mp3\">https:\/\/municipalidadpucon.cl\/wp-content\/uploads\/2025\/11\/EDuardo-Tello-encargado-GRD-explica-la-bor-de-esta-unidad-.mp3<\/a><\/audio>\n<p><img decoding=\"async\" class=\"alignnone size-medium wp-image-57100\" src=\"https:\/\/municipalidadpucon.cl\/wp-content\/uploads\/2025\/11\/3-5-300x169.jpeg\" alt=\"\" width=\"300\" height=\"169\" srcset=\"https:\/\/municipalidadpucon.cl\/wp-content\/uploads\/2025\/11\/3-5-200x113.jpeg 200w, https:\/\/municipalidadpucon.cl\/wp-content\/uploads\/2025\/11\/3-5-300x169.jpeg 300w, https:\/\/municipalidadpucon.cl\/wp-content\/uploads\/2025\/11\/3-5-400x225.jpeg 400w, https:\/\/municipalidadpucon.cl\/wp-content\/uploads\/2025\/11\/3-5-600x338.jpeg 600w, https:\/\/municipalidadpucon.cl\/wp-content\/uploads\/2025\/11\/3-5-768x432.jpeg 768w, https:\/\/municipalidadpucon.cl\/wp-content\/uploads\/2025\/11\/3-5-800x450.jpeg 800w, https:\/\/municipalidadpucon.cl\/wp-content\/uploads\/2025\/11\/3-5-1024x576.jpeg 1024w, https:\/\/municipalidadpucon.cl\/wp-content\/uploads\/2025\/11\/3-5-1200x675.jpeg 1200w, https:\/\/municipalidadpucon.cl\/wp-content\/uploads\/2025\/11\/3-5-scaled.jpeg 1300w, https:\/\/municipalidadpucon.cl\/wp-content\/uploads\/2025\/11\/3-5-1536x864.jpeg 1536w\" sizes=\"(max-width: 300px) 100vw, 300px\" \/><\/p>\n<p><strong>ALTOS Y DIVERSOS RIESGOS<\/strong><\/p>\n<p>Al respecto, el alcalde de la comuna de Puc\u00f3n, Sebasti\u00e1n \u00c1lvarez, agreg\u00f3 que \u201cPuc\u00f3n tiene alto riesgo por erupciones volc\u00e1nicas, por incendios forestales e inundaciones. O sea, tenemos tres factores de alto riesgo, pero de eso no existe conciencia. Y hay una ley, hoy en d\u00eda, que establece que tiene que haber una evaluaci\u00f3n del riesgo y desastre en cada una de las comunas\u201d.<\/p>\n<audio class=\"wp-audio-shortcode\" id=\"audio-57097-2\" preload=\"none\" style=\"width: 100%;\" controls=\"controls\"><source type=\"audio\/mpeg\" src=\"https:\/\/municipalidadpucon.cl\/wp-content\/uploads\/2025\/11\/Alcalde-Sebastian-Alvarez-los-riesgos-de-la-comuna-.mp3?_=2\" \/><a href=\"https:\/\/municipalidadpucon.cl\/wp-content\/uploads\/2025\/11\/Alcalde-Sebastian-Alvarez-los-riesgos-de-la-comuna-.mp3\">https:\/\/municipalidadpucon.cl\/wp-content\/uploads\/2025\/11\/Alcalde-Sebastian-Alvarez-los-riesgos-de-la-comuna-.mp3<\/a><\/audio>\n<p>La primera autoridad destac\u00f3 en este \u00e1mbito que el Municipio ha asumido acciones que son propias y que se refieren a la prevenci\u00f3n. \u201cSomos capaces de activar operativos, distribuirnos o dividirnos la comuna en seis distintos territorios, tener equipos desplegados 24-7; o sea, somos capaces de todo eso\u201d, detall\u00f3 la autoridad.<\/p>\n<p><strong>LABORES<\/strong><\/p>\n<p>El asesor de GRD, Esteban Backit, apunt\u00f3 a los \u00faltimos trabajos realizados; entre ellos, \u201cla subida Krause, el pasaje Malalcabello, sector Aeropuerto, tambi\u00e9n en Los Riscos, que son caminos de administraci\u00f3n de Vialidad, pero que se encontraban en muy malas condiciones. De hecho, la subida Krause tuvo que ser interrumpido el tr\u00e1nsito\u201d.<\/p>\n<audio class=\"wp-audio-shortcode\" id=\"audio-57097-3\" preload=\"none\" style=\"width: 100%;\" controls=\"controls\"><source type=\"audio\/mpeg\" src=\"https:\/\/municipalidadpucon.cl\/wp-content\/uploads\/2025\/11\/Esteban-Backit-asesor-de-GRD-detalla-los-caminos-intervenidos-.mp3?_=3\" \/><a href=\"https:\/\/municipalidadpucon.cl\/wp-content\/uploads\/2025\/11\/Esteban-Backit-asesor-de-GRD-detalla-los-caminos-intervenidos-.mp3\">https:\/\/municipalidadpucon.cl\/wp-content\/uploads\/2025\/11\/Esteban-Backit-asesor-de-GRD-detalla-los-caminos-intervenidos-.mp3<\/a><\/audio>\n<p><img decoding=\"async\" class=\"alignnone size-medium wp-image-57103\" src=\"https:\/\/municipalidadpucon.cl\/wp-content\/uploads\/2025\/11\/4-6-300x169.jpeg\" alt=\"\" width=\"300\" height=\"169\" srcset=\"https:\/\/municipalidadpucon.cl\/wp-content\/uploads\/2025\/11\/4-6-200x113.jpeg 200w, https:\/\/municipalidadpucon.cl\/wp-content\/uploads\/2025\/11\/4-6-300x169.jpeg 300w, https:\/\/municipalidadpucon.cl\/wp-content\/uploads\/2025\/11\/4-6-400x225.jpeg 400w, https:\/\/municipalidadpucon.cl\/wp-content\/uploads\/2025\/11\/4-6-600x338.jpeg 600w, https:\/\/municipalidadpucon.cl\/wp-content\/uploads\/2025\/11\/4-6-768x432.jpeg 768w, https:\/\/municipalidadpucon.cl\/wp-content\/uploads\/2025\/11\/4-6-800x450.jpeg 800w, https:\/\/municipalidadpucon.cl\/wp-content\/uploads\/2025\/11\/4-6-1024x576.jpeg 1024w, https:\/\/municipalidadpucon.cl\/wp-content\/uploads\/2025\/11\/4-6-1200x675.jpeg 1200w, https:\/\/municipalidadpucon.cl\/wp-content\/uploads\/2025\/11\/4-6-scaled.jpeg 1300w, https:\/\/municipalidadpucon.cl\/wp-content\/uploads\/2025\/11\/4-6-1536x864.jpeg 1536w\" sizes=\"(max-width: 300px) 100vw, 300px\" \/><\/p>\n<p>Fue, precisamente en este punto que, tanto la Unidad de Red Vial como Seguridad P\u00fablica se coordinaron para evitarle inconvenientes a los vecinos del lugar quienes agradecieron el buen estado del paso, luego de una labor de \u201creparaci\u00f3n de la v\u00eda consistente en realizar relleno con estabilizado, esparcimiento y emparejado del material\u201d, coment\u00f3 el director de Seguridad, Juan Carlos Badilla, quien estuvo a cargo de resguardar el correcto paso.<\/p>\n<p><strong>PRESUPUESTO POR MITIGACI\u00d3N<\/strong><\/p>\n<p>Sobre gestiones de m\u00e1s largo aliento, el jefe comunal de Puc\u00f3n coment\u00f3 que \u201cya estuvimos presentes en la Comisi\u00f3n de la C\u00e1mara de Diputados, de la Comisi\u00f3n de Emergencia y Desastre, presente con algunos parlamentarios y ahora quedamos convocados con el Ministro del Interior y el Ministro de Defensa, para establecer y solicitar que se genere la categorizaci\u00f3n nacional de las comunas con mayores niveles de riesgo, emergencia y desastre, y aquellas comunas que est\u00e9n en los primeros lugares, exista una glosa en la Ley de Presupuesto de la Naci\u00f3n y que le permita a las comunas de alto riesgo una inversi\u00f3n en infraestructura de mitigaci\u00f3n\u201d, rubric\u00f3 Sebasti\u00e1n \u00c1lvarez, insistiendo que \u201ctienen que haber medidas de mitigaci\u00f3n y de infraestructura mayor y que el Estado debe disponer\u201d.<\/p>\n","protected":false},"excerpt":{"rendered":"<p>Diversas labores del Municipio -a cargo de la Red Vial, [&hellip;]<\/p>\n","protected":false},"author":10,"featured_media":57104,"comment_status":"closed","ping_status":"open","sticky":false,"template":"","format":"standard","meta":[],"categories":[98,3],"tags":[],"_links":{"self":[{"href":"https:\/\/municipalidadpucon.cl\/index.php?rest_route=\/wp\/v2\/posts\/57097"}],"collection":[{"href":"https:\/\/municipalidadpucon.cl\/index.php?rest_route=\/wp\/v2\/posts"}],"about":[{"href":"https:\/\/municipalidadpucon.cl\/index.php?rest_route=\/wp\/v2\/types\/post"}],"author":[{"embeddable":true,"href":"https:\/\/municipalidadpucon.cl\/index.php?rest_route=\/wp\/v2\/users\/10"}],"replies":[{"embeddable":true,"href":"https:\/\/municipalidadpucon.cl\/index.php?rest_route=%2Fwp%2Fv2%2Fcomments&post=57097"}],"version-history":[{"count":1,"href":"https:\/\/municipalidadpucon.cl\/index.php?rest_route=\/wp\/v2\/posts\/57097\/revisions"}],"predecessor-version":[{"id":57105,"href":"https:\/\/municipalidadpucon.cl\/index.php?rest_route=\/wp\/v2\/posts\/57097\/revisions\/57105"}],"wp:featuredmedia":[{"embeddable":true,"href":"https:\/\/municipalidadpucon.cl\/index.php?rest_route=\/wp\/v2\/media\/57104"}],"wp:attachment":[{"href":"https:\/\/municipalidadpucon.cl\/index.php?rest_route=%2Fwp%2Fv2%2Fmedia&parent=57097"}],"wp:term":[{"taxonomy":"category","embeddable":true,"href":"https:\/\/municipalidadpucon.cl\/index.php?rest_route=%2Fwp%2Fv2%2Fcategories&post=57097"},{"taxonomy":"post_tag","embeddable":true,"href":"https:\/\/municipalidadpucon.cl\/index.php?rest_route=%2Fwp%2Fv2%2Ftags&post=57097"}],"curies":[{"name":"wp","href":"https:\/\/api.w.org\/{rel}","templated":true}]}}