{"id":57190,"date":"2025-11-13T10:38:01","date_gmt":"2025-11-13T13:38:01","guid":{"rendered":"https:\/\/municipalidadpucon.cl\/?p=57190"},"modified":"2025-11-13T10:38:01","modified_gmt":"2025-11-13T13:38:01","slug":"motocrosista-de-pucon-se-titula-campeon-de-chile-en-los-50cc","status":"publish","type":"post","link":"https:\/\/municipalidadpucon.cl\/?p=57190","title":{"rendered":"Motocrosista de Puc\u00f3n se titula campe\u00f3n de Chile en los 50cc"},"content":{"rendered":"<p><em><strong>Corredor local Tom\u00e1s \u00c1guila, de s\u00f3lo 8 a\u00f1os, fue confirmado en el liderazgo de su serie a nivel nacional; mientras que con el apoyo familiar y auspiciadores hace sus \u201cprimeras armas\u201d internacionales, espec\u00edficamente en Brasil.<\/strong><\/em><\/p>\n<p><img decoding=\"async\" class=\"alignnone size-medium wp-image-57191\" src=\"https:\/\/municipalidadpucon.cl\/wp-content\/uploads\/2025\/11\/2-9-300x225.jpeg\" alt=\"\" width=\"300\" height=\"225\" srcset=\"https:\/\/municipalidadpucon.cl\/wp-content\/uploads\/2025\/11\/2-9-200x150.jpeg 200w, https:\/\/municipalidadpucon.cl\/wp-content\/uploads\/2025\/11\/2-9-300x225.jpeg 300w, https:\/\/municipalidadpucon.cl\/wp-content\/uploads\/2025\/11\/2-9-400x300.jpeg 400w, https:\/\/municipalidadpucon.cl\/wp-content\/uploads\/2025\/11\/2-9-600x450.jpeg 600w, https:\/\/municipalidadpucon.cl\/wp-content\/uploads\/2025\/11\/2-9-768x576.jpeg 768w, https:\/\/municipalidadpucon.cl\/wp-content\/uploads\/2025\/11\/2-9-800x600.jpeg 800w, https:\/\/municipalidadpucon.cl\/wp-content\/uploads\/2025\/11\/2-9-1024x768.jpeg 1024w, https:\/\/municipalidadpucon.cl\/wp-content\/uploads\/2025\/11\/2-9-1200x900.jpeg 1200w, https:\/\/municipalidadpucon.cl\/wp-content\/uploads\/2025\/11\/2-9.jpeg 1280w\" sizes=\"(max-width: 300px) 100vw, 300px\" \/> <img decoding=\"async\" class=\"alignnone size-medium wp-image-57192\" src=\"https:\/\/municipalidadpucon.cl\/wp-content\/uploads\/2025\/11\/3-6-242x300.jpg\" alt=\"\" width=\"242\" height=\"300\" srcset=\"https:\/\/municipalidadpucon.cl\/wp-content\/uploads\/2025\/11\/3-6-200x248.jpg 200w, https:\/\/municipalidadpucon.cl\/wp-content\/uploads\/2025\/11\/3-6-242x300.jpg 242w, https:\/\/municipalidadpucon.cl\/wp-content\/uploads\/2025\/11\/3-6-400x496.jpg 400w, https:\/\/municipalidadpucon.cl\/wp-content\/uploads\/2025\/11\/3-6-600x744.jpg 600w, https:\/\/municipalidadpucon.cl\/wp-content\/uploads\/2025\/11\/3-6-768x953.jpg 768w, https:\/\/municipalidadpucon.cl\/wp-content\/uploads\/2025\/11\/3-6-800x992.jpg 800w, https:\/\/municipalidadpucon.cl\/wp-content\/uploads\/2025\/11\/3-6-826x1024.jpg 826w, https:\/\/municipalidadpucon.cl\/wp-content\/uploads\/2025\/11\/3-6.jpg 1032w\" sizes=\"(max-width: 242px) 100vw, 242px\" \/><\/p>\n<p>Una feliz noticia recibi\u00f3 esta semana el infantil motocrosista de Puc\u00f3n, Tom\u00e1s \u00c1guila Ruiz (8), quien fue ratificado como nuevo campe\u00f3n de Chile de la especialidad de motocross serie 50cc, en evento que se realiza -fundamentalmente- en pistas de la Regi\u00f3n Metropolitana, que fue en donde el alumno del Colegio Puc\u00f3n coron\u00f3 sus mejores actuaciones.<\/p>\n<p>\u201cFue una final de infarto, dado que lleg\u00f3 en igualdad de puntaje a la final del campeonato y logr\u00f3 ganar la \u00faltima fecha, lo que defini\u00f3 el campeonato nacional\u201d, coment\u00f3 el padre del aventajado y promisorio deportista del quehacer tuerca, Cristi\u00e1n \u00c1guila.<\/p>\n<p><strong>INCURSI\u00d3N INTERNACIONAL<\/strong><\/p>\n<p>El cr\u00e9dito puconino, adem\u00e1s de ser parte del torneo nacional en el que se coron\u00f3 como el mejor, tambi\u00e9n particip\u00f3 en el Campeonato ArenaCross en Brasil, que se desarroll\u00f3 en la ciudad de Sao Paulo y Minas Gerais del Gigante Sudamericano. De hecho, hasta all\u00ed lleg\u00f3 en cuatro oportunidades, qued\u00e1ndose con el cuatro lugar de este certamen internacional en su categor\u00eda.<\/p>\n<p>Tras el logro chileno, el destacado motocrosista de La Araucan\u00eda indic\u00f3 que \u201cacabamos de terminar la carrera, que iba primero y seguro. Somos campeones de Chile. Esto es por mi esfuerzo y mi fruto\u201d, indic\u00f3 el promisorio corredor, quien aprovech\u00f3 de agradecer el aporte privado de empresas, como Pro Racing, a Jos\u00e9 Salazar, Toro Sucio \u201cy a todos los dem\u00e1s, incluido a mi Pap\u00e1, a mi Mam\u00e1, a mis abuelos y al equipo SAGAE, que nos auspicia en Brasil\u201d.<\/p>\n<!--[if lt IE 9]><script>document.createElement('audio');<\/script><![endif]-->\n<audio class=\"wp-audio-shortcode\" id=\"audio-57190-1\" preload=\"none\" style=\"width: 100%;\" controls=\"controls\"><source type=\"audio\/mpeg\" src=\"https:\/\/municipalidadpucon.cl\/wp-content\/uploads\/2025\/11\/Tomas-Aguila-motocrosista-campeon-de-Chile-infantil.mp3?_=1\" \/><a href=\"https:\/\/municipalidadpucon.cl\/wp-content\/uploads\/2025\/11\/Tomas-Aguila-motocrosista-campeon-de-Chile-infantil.mp3\">https:\/\/municipalidadpucon.cl\/wp-content\/uploads\/2025\/11\/Tomas-Aguila-motocrosista-campeon-de-Chile-infantil.mp3<\/a><\/audio>\n<p><img decoding=\"async\" class=\"alignnone size-medium wp-image-57194\" src=\"https:\/\/municipalidadpucon.cl\/wp-content\/uploads\/2025\/11\/4-5-265x300.jpg\" alt=\"\" width=\"265\" height=\"300\" srcset=\"https:\/\/municipalidadpucon.cl\/wp-content\/uploads\/2025\/11\/4-5-200x227.jpg 200w, https:\/\/municipalidadpucon.cl\/wp-content\/uploads\/2025\/11\/4-5-265x300.jpg 265w, https:\/\/municipalidadpucon.cl\/wp-content\/uploads\/2025\/11\/4-5-400x453.jpg 400w, https:\/\/municipalidadpucon.cl\/wp-content\/uploads\/2025\/11\/4-5-600x680.jpg 600w, https:\/\/municipalidadpucon.cl\/wp-content\/uploads\/2025\/11\/4-5-768x870.jpg 768w, https:\/\/municipalidadpucon.cl\/wp-content\/uploads\/2025\/11\/4-5-800x907.jpg 800w, https:\/\/municipalidadpucon.cl\/wp-content\/uploads\/2025\/11\/4-5-904x1024.jpg 904w, https:\/\/municipalidadpucon.cl\/wp-content\/uploads\/2025\/11\/4-5.jpg 1080w\" sizes=\"(max-width: 265px) 100vw, 265px\" \/> <img decoding=\"async\" class=\"alignnone size-medium wp-image-57195\" src=\"https:\/\/municipalidadpucon.cl\/wp-content\/uploads\/2025\/11\/5-3-300x197.jpg\" alt=\"\" width=\"300\" height=\"197\" srcset=\"https:\/\/municipalidadpucon.cl\/wp-content\/uploads\/2025\/11\/5-3-200x131.jpg 200w, https:\/\/municipalidadpucon.cl\/wp-content\/uploads\/2025\/11\/5-3-300x197.jpg 300w, https:\/\/municipalidadpucon.cl\/wp-content\/uploads\/2025\/11\/5-3-400x262.jpg 400w, https:\/\/municipalidadpucon.cl\/wp-content\/uploads\/2025\/11\/5-3-600x393.jpg 600w, https:\/\/municipalidadpucon.cl\/wp-content\/uploads\/2025\/11\/5-3-768x503.jpg 768w, https:\/\/municipalidadpucon.cl\/wp-content\/uploads\/2025\/11\/5-3-800x524.jpg 800w, https:\/\/municipalidadpucon.cl\/wp-content\/uploads\/2025\/11\/5-3-1024x671.jpg 1024w, https:\/\/municipalidadpucon.cl\/wp-content\/uploads\/2025\/11\/5-3.jpg 1080w\" sizes=\"(max-width: 300px) 100vw, 300px\" \/> <img decoding=\"async\" class=\"alignnone size-medium wp-image-57196\" src=\"https:\/\/municipalidadpucon.cl\/wp-content\/uploads\/2025\/11\/photo_4945213130187410251_y-300x195.jpg\" alt=\"\" width=\"300\" height=\"195\" srcset=\"https:\/\/municipalidadpucon.cl\/wp-content\/uploads\/2025\/11\/photo_4945213130187410251_y-200x130.jpg 200w, https:\/\/municipalidadpucon.cl\/wp-content\/uploads\/2025\/11\/photo_4945213130187410251_y-300x195.jpg 300w, https:\/\/municipalidadpucon.cl\/wp-content\/uploads\/2025\/11\/photo_4945213130187410251_y-400x260.jpg 400w, https:\/\/municipalidadpucon.cl\/wp-content\/uploads\/2025\/11\/photo_4945213130187410251_y-600x391.jpg 600w, https:\/\/municipalidadpucon.cl\/wp-content\/uploads\/2025\/11\/photo_4945213130187410251_y-768x500.jpg 768w, https:\/\/municipalidadpucon.cl\/wp-content\/uploads\/2025\/11\/photo_4945213130187410251_y-800x521.jpg 800w, https:\/\/municipalidadpucon.cl\/wp-content\/uploads\/2025\/11\/photo_4945213130187410251_y-1024x667.jpg 1024w, https:\/\/municipalidadpucon.cl\/wp-content\/uploads\/2025\/11\/photo_4945213130187410251_y.jpg 1080w\" sizes=\"(max-width: 300px) 100vw, 300px\" \/> <img decoding=\"async\" class=\"alignnone size-medium wp-image-57197\" src=\"https:\/\/municipalidadpucon.cl\/wp-content\/uploads\/2025\/11\/photo_4945213130187410252_y-300x197.jpg\" alt=\"\" width=\"300\" height=\"197\" srcset=\"https:\/\/municipalidadpucon.cl\/wp-content\/uploads\/2025\/11\/photo_4945213130187410252_y-200x131.jpg 200w, https:\/\/municipalidadpucon.cl\/wp-content\/uploads\/2025\/11\/photo_4945213130187410252_y-300x197.jpg 300w, https:\/\/municipalidadpucon.cl\/wp-content\/uploads\/2025\/11\/photo_4945213130187410252_y-400x262.jpg 400w, https:\/\/municipalidadpucon.cl\/wp-content\/uploads\/2025\/11\/photo_4945213130187410252_y-600x393.jpg 600w, https:\/\/municipalidadpucon.cl\/wp-content\/uploads\/2025\/11\/photo_4945213130187410252_y-768x503.jpg 768w, https:\/\/municipalidadpucon.cl\/wp-content\/uploads\/2025\/11\/photo_4945213130187410252_y-800x524.jpg 800w, https:\/\/municipalidadpucon.cl\/wp-content\/uploads\/2025\/11\/photo_4945213130187410252_y-1024x671.jpg 1024w, https:\/\/municipalidadpucon.cl\/wp-content\/uploads\/2025\/11\/photo_4945213130187410252_y.jpg 1080w\" sizes=\"(max-width: 300px) 100vw, 300px\" \/><\/p>\n<p><strong>ROCE COMPETITIVO<\/strong><\/p>\n<p>A decir del progenitor de este campe\u00f3n de Chile, \u201clos viajes a Brasil dieron sus frutos, porque un equipo de motocross brasile\u00f1o lo incorpor\u00f3 para pelear el campeonato nacional de Brasil del a\u00f1o 2026\u201d, indic\u00f3 Cristi\u00e1n \u00c1guila, quien tambi\u00e9n destac\u00f3 lo realizado por su reto\u00f1o, ya que -semanalmente- \u201cdebe viajar mucho hacia Santiago, ya que Puc\u00f3n no cuenta con una pista para poder entrenar\u201d, agreg\u00f3 quien es su constante acompa\u00f1ante en los deportivos traslados.<\/p>\n<p>Lo m\u00e1s pr\u00f3ximo para el motocrosista puconino, Tom\u00e1s \u00c1guila (8), es participar en el campeonato de Supercross de Argentina, en donde participar\u00e1 -como todos los a\u00f1os- para luego hacer pretemporada en Santa Catarina, Brasil, y as\u00ed volver a competir en el a\u00f1o completo del pr\u00f3ximo a\u00f1o 2026, en tierras del Gigante del Continente.<\/p>\n","protected":false},"excerpt":{"rendered":"<p>Corredor local Tom\u00e1s \u00c1guila, de s\u00f3lo 8 a\u00f1os, fue confirmado [&hellip;]<\/p>\n","protected":false},"author":10,"featured_media":57198,"comment_status":"closed","ping_status":"open","sticky":false,"template":"","format":"standard","meta":[],"categories":[3],"tags":[],"_links":{"self":[{"href":"https:\/\/municipalidadpucon.cl\/index.php?rest_route=\/wp\/v2\/posts\/57190"}],"collection":[{"href":"https:\/\/municipalidadpucon.cl\/index.php?rest_route=\/wp\/v2\/posts"}],"about":[{"href":"https:\/\/municipalidadpucon.cl\/index.php?rest_route=\/wp\/v2\/types\/post"}],"author":[{"embeddable":true,"href":"https:\/\/municipalidadpucon.cl\/index.php?rest_route=\/wp\/v2\/users\/10"}],"replies":[{"embeddable":true,"href":"https:\/\/municipalidadpucon.cl\/index.php?rest_route=%2Fwp%2Fv2%2Fcomments&post=57190"}],"version-history":[{"count":1,"href":"https:\/\/municipalidadpucon.cl\/index.php?rest_route=\/wp\/v2\/posts\/57190\/revisions"}],"predecessor-version":[{"id":57199,"href":"https:\/\/municipalidadpucon.cl\/index.php?rest_route=\/wp\/v2\/posts\/57190\/revisions\/57199"}],"wp:featuredmedia":[{"embeddable":true,"href":"https:\/\/municipalidadpucon.cl\/index.php?rest_route=\/wp\/v2\/media\/57198"}],"wp:attachment":[{"href":"https:\/\/municipalidadpucon.cl\/index.php?rest_route=%2Fwp%2Fv2%2Fmedia&parent=57190"}],"wp:term":[{"taxonomy":"category","embeddable":true,"href":"https:\/\/municipalidadpucon.cl\/index.php?rest_route=%2Fwp%2Fv2%2Fcategories&post=57190"},{"taxonomy":"post_tag","embeddable":true,"href":"https:\/\/municipalidadpucon.cl\/index.php?rest_route=%2Fwp%2Fv2%2Ftags&post=57190"}],"curies":[{"name":"wp","href":"https:\/\/api.w.org\/{rel}","templated":true}]}}