{"id":57203,"date":"2025-11-14T09:35:52","date_gmt":"2025-11-14T12:35:52","guid":{"rendered":"https:\/\/municipalidadpucon.cl\/?p=57203"},"modified":"2025-11-14T09:36:01","modified_gmt":"2025-11-14T12:36:01","slug":"aventura-de-largo-aliento-en-bicicleta-partira-en-pucon-y-se-extendera-por-ocho-dias","status":"publish","type":"post","link":"https:\/\/municipalidadpucon.cl\/?p=57203","title":{"rendered":"Aventura de largo aliento en bicicleta partir\u00e1 en Puc\u00f3n y se extender\u00e1 por ocho d\u00edas"},"content":{"rendered":"<p><em><strong>Across Andes 2025 se denomina un evento que tendr\u00e1 como punto de partida y llegada la urbe lacustre junto el Lago Villarrica, al lado del \u201cRukapillan\u201d con paso a la Regi\u00f3n de Los R\u00edos.<\/strong><\/em><\/p>\n<p><img decoding=\"async\" class=\"alignnone size-medium wp-image-57204\" src=\"https:\/\/municipalidadpucon.cl\/wp-content\/uploads\/2025\/11\/2-4-300x200.jpg\" alt=\"\" width=\"300\" height=\"200\" srcset=\"https:\/\/municipalidadpucon.cl\/wp-content\/uploads\/2025\/11\/2-4-200x133.jpg 200w, https:\/\/municipalidadpucon.cl\/wp-content\/uploads\/2025\/11\/2-4-300x200.jpg 300w, https:\/\/municipalidadpucon.cl\/wp-content\/uploads\/2025\/11\/2-4-400x267.jpg 400w, https:\/\/municipalidadpucon.cl\/wp-content\/uploads\/2025\/11\/2-4-600x400.jpg 600w, https:\/\/municipalidadpucon.cl\/wp-content\/uploads\/2025\/11\/2-4-768x512.jpg 768w, https:\/\/municipalidadpucon.cl\/wp-content\/uploads\/2025\/11\/2-4-800x533.jpg 800w, https:\/\/municipalidadpucon.cl\/wp-content\/uploads\/2025\/11\/2-4-1024x683.jpg 1024w, https:\/\/municipalidadpucon.cl\/wp-content\/uploads\/2025\/11\/2-4-1200x800.jpg 1200w, https:\/\/municipalidadpucon.cl\/wp-content\/uploads\/2025\/11\/2-4-scaled.jpg 1300w, https:\/\/municipalidadpucon.cl\/wp-content\/uploads\/2025\/11\/2-4-1536x1024.jpg 1536w\" sizes=\"(max-width: 300px) 100vw, 300px\" \/> <img decoding=\"async\" class=\"alignnone size-medium wp-image-57205\" src=\"https:\/\/municipalidadpucon.cl\/wp-content\/uploads\/2025\/11\/3-7-300x200.jpg\" alt=\"\" width=\"300\" height=\"200\" srcset=\"https:\/\/municipalidadpucon.cl\/wp-content\/uploads\/2025\/11\/3-7-200x133.jpg 200w, https:\/\/municipalidadpucon.cl\/wp-content\/uploads\/2025\/11\/3-7-300x200.jpg 300w, https:\/\/municipalidadpucon.cl\/wp-content\/uploads\/2025\/11\/3-7-400x266.jpg 400w, https:\/\/municipalidadpucon.cl\/wp-content\/uploads\/2025\/11\/3-7-600x400.jpg 600w, https:\/\/municipalidadpucon.cl\/wp-content\/uploads\/2025\/11\/3-7-768x512.jpg 768w, https:\/\/municipalidadpucon.cl\/wp-content\/uploads\/2025\/11\/3-7-800x533.jpg 800w, https:\/\/municipalidadpucon.cl\/wp-content\/uploads\/2025\/11\/3-7-1024x682.jpg 1024w, https:\/\/municipalidadpucon.cl\/wp-content\/uploads\/2025\/11\/3-7-1200x799.jpg 1200w, https:\/\/municipalidadpucon.cl\/wp-content\/uploads\/2025\/11\/3-7-scaled.jpg 1300w, https:\/\/municipalidadpucon.cl\/wp-content\/uploads\/2025\/11\/3-7-1536x1023.jpg 1536w\" sizes=\"(max-width: 300px) 100vw, 300px\" \/><\/p>\n<p>La ciudad de Puc\u00f3n ser\u00e1 el punto de partida y tambi\u00e9n de arribo o regreso del evento internacional de ciclismo aventura de largo aliento, el m\u00e1s importante de Sudam\u00e9rica, el que se extender\u00e1 entre el pr\u00f3ximo domingo 23 hasta el viernes 28 de noviembre, bajo la organizaci\u00f3n de la Productora Relieve, el respaldo de la Municipalidad lacustre, a trav\u00e9s de su Departamento de Deportes, el Servicio Nacional de Turismo (SERNATUR) Araucan\u00eda y Marca Chile.<\/p>\n<p>Desde su creaci\u00f3n, en 2019, Across Andes se ha consolidado como uno de los eventos tur\u00edstico-deportivos m\u00e1s relevantes del orbe, posicionando a Chile como un destino de excelencia para el ciclismo aventura, el que recorrer\u00e1 por primera vez la Regi\u00f3n de La Araucan\u00eda, con Puc\u00f3n como sede principal.<\/p>\n<p><strong>PEDALEANDO VOLCANES<\/strong><\/p>\n<p>\u201cLa ruta de este a\u00f1o est\u00e1 inspirada en los volcanes de La Araucan\u00eda. Tenemos cruces de ocho volcanes, como el m\u00e1s activo que es el Rukapill\u00e1n o Villarrica\u201d, destac\u00f3 Mariano L\u00f3pez, director de esta prueba. Seg\u00fan el organizador, el recorrido tendr\u00e1 tres puntos de control: Melipeuco, Cunco y Liqui\u00f1e, \u201cde ah\u00ed volvemos hacia Villarrica para finalizar el recorrido en Puc\u00f3n el d\u00eda 28. Acrosandes se realiza desde el d\u00eda 20 de noviembre hasta el d\u00eda 28 de noviembre con actividades previas, dos salidas sociales, el 20 y 21, donde est\u00e1n todos invitados a participar desde la Plaza de Puc\u00f3n, con actividades para la comunidad. Iremos a subir al Volc\u00e1n y a los Ojos del Caburgua; mientras la entrega de kit ser\u00e1 en la UFRO el s\u00e1bado 22 y el domingo 23 partimos en la Plaza de Puc\u00f3n\u201d.<\/p>\n<!--[if lt IE 9]><script>document.createElement('audio');<\/script><![endif]-->\n<audio class=\"wp-audio-shortcode\" id=\"audio-57203-1\" preload=\"none\" style=\"width: 100%;\" controls=\"controls\"><source type=\"audio\/mpeg\" src=\"https:\/\/municipalidadpucon.cl\/wp-content\/uploads\/2025\/11\/Mariano-Lopez-director-Across-Andes-Pucon-2025.mp3?_=1\" \/><a href=\"https:\/\/municipalidadpucon.cl\/wp-content\/uploads\/2025\/11\/Mariano-Lopez-director-Across-Andes-Pucon-2025.mp3\">https:\/\/municipalidadpucon.cl\/wp-content\/uploads\/2025\/11\/Mariano-Lopez-director-Across-Andes-Pucon-2025.mp3<\/a><\/audio>\n<p><img decoding=\"async\" class=\"alignnone size-medium wp-image-57207\" src=\"https:\/\/municipalidadpucon.cl\/wp-content\/uploads\/2025\/11\/4-6-300x200.jpg\" alt=\"\" width=\"300\" height=\"200\" srcset=\"https:\/\/municipalidadpucon.cl\/wp-content\/uploads\/2025\/11\/4-6-200x133.jpg 200w, https:\/\/municipalidadpucon.cl\/wp-content\/uploads\/2025\/11\/4-6-300x200.jpg 300w, https:\/\/municipalidadpucon.cl\/wp-content\/uploads\/2025\/11\/4-6-400x266.jpg 400w, https:\/\/municipalidadpucon.cl\/wp-content\/uploads\/2025\/11\/4-6-600x400.jpg 600w, https:\/\/municipalidadpucon.cl\/wp-content\/uploads\/2025\/11\/4-6-768x512.jpg 768w, https:\/\/municipalidadpucon.cl\/wp-content\/uploads\/2025\/11\/4-6-800x533.jpg 800w, https:\/\/municipalidadpucon.cl\/wp-content\/uploads\/2025\/11\/4-6-1024x682.jpg 1024w, https:\/\/municipalidadpucon.cl\/wp-content\/uploads\/2025\/11\/4-6-1200x799.jpg 1200w, https:\/\/municipalidadpucon.cl\/wp-content\/uploads\/2025\/11\/4-6-scaled.jpg 1300w, https:\/\/municipalidadpucon.cl\/wp-content\/uploads\/2025\/11\/4-6-1536x1023.jpg 1536w\" sizes=\"(max-width: 300px) 100vw, 300px\" \/> <img decoding=\"async\" class=\"alignnone size-medium wp-image-57208\" src=\"https:\/\/municipalidadpucon.cl\/wp-content\/uploads\/2025\/11\/6-3-300x200.jpg\" alt=\"\" width=\"300\" height=\"200\" srcset=\"https:\/\/municipalidadpucon.cl\/wp-content\/uploads\/2025\/11\/6-3-200x133.jpg 200w, https:\/\/municipalidadpucon.cl\/wp-content\/uploads\/2025\/11\/6-3-300x200.jpg 300w, https:\/\/municipalidadpucon.cl\/wp-content\/uploads\/2025\/11\/6-3-400x266.jpg 400w, https:\/\/municipalidadpucon.cl\/wp-content\/uploads\/2025\/11\/6-3-600x400.jpg 600w, https:\/\/municipalidadpucon.cl\/wp-content\/uploads\/2025\/11\/6-3-768x512.jpg 768w, https:\/\/municipalidadpucon.cl\/wp-content\/uploads\/2025\/11\/6-3-800x533.jpg 800w, https:\/\/municipalidadpucon.cl\/wp-content\/uploads\/2025\/11\/6-3-1024x682.jpg 1024w, https:\/\/municipalidadpucon.cl\/wp-content\/uploads\/2025\/11\/6-3-1200x799.jpg 1200w, https:\/\/municipalidadpucon.cl\/wp-content\/uploads\/2025\/11\/6-3-scaled.jpg 1300w, https:\/\/municipalidadpucon.cl\/wp-content\/uploads\/2025\/11\/6-3-1536x1023.jpg 1536w\" sizes=\"(max-width: 300px) 100vw, 300px\" \/><\/p>\n<p><strong>INTERNACIONALES<\/strong><\/p>\n<p>El evento reunir\u00e1 a 250 deportistas provenientes de m\u00e1s de 35 pa\u00edses de los cinco continentes, incluyendo Estados Unidos, Canad\u00e1, Francia, Alemania, Italia, Holanda, Inglaterra, Rusia, Jap\u00f3n, Espa\u00f1a, M\u00e9xico, Brasil, Argentina y Chile. Entre los nombres m\u00e1s destacados estar\u00e1n: \u201cSebasti\u00e1n Brewer, que participa en la selecci\u00f3n de Alemania; Nathalie Bailon, de Francia; Sami Zauri de Espa\u00f1a; Alison Tetrick, de Estados Unidos, seleccionada de su pa\u00eds y gran referente de las mujeres. Tambi\u00e9n estar\u00e1 con nosotros Andr\u00e9s Tagle, actual r\u00e9cord de Chile\u201d, agreg\u00f3 Mariano L\u00f3pez.<\/p>\n<p>&nbsp;<\/p>\n<audio class=\"wp-audio-shortcode\" id=\"audio-57203-2\" preload=\"none\" style=\"width: 100%;\" controls=\"controls\"><source type=\"audio\/mpeg\" src=\"https:\/\/municipalidadpucon.cl\/wp-content\/uploads\/2025\/11\/Mariano-Lopez-destacados-de-esta-version-1-1.mp3?_=2\" \/><a href=\"https:\/\/municipalidadpucon.cl\/wp-content\/uploads\/2025\/11\/Mariano-Lopez-destacados-de-esta-version-1-1.mp3\">https:\/\/municipalidadpucon.cl\/wp-content\/uploads\/2025\/11\/Mariano-Lopez-destacados-de-esta-version-1-1.mp3<\/a><\/audio>\n<p>Entre los cr\u00e9ditos regionales estar\u00e1n en este \u201csuperpedaleo\u201d por caminos secundarios de la zona precordilerana de La Araucan\u00eda y Los R\u00edos, Sebasti\u00e1n Novoa de Villarrica, \u00c1lvaro S\u00e1nchez de Angol, Rodrigo Valenzuela y el profesor y doctor Renzo Corsini, ambos de Temuco.<\/p>\n<audio class=\"wp-audio-shortcode\" id=\"audio-57203-3\" preload=\"none\" style=\"width: 100%;\" controls=\"controls\"><source type=\"audio\/mpeg\" src=\"https:\/\/municipalidadpucon.cl\/wp-content\/uploads\/2025\/11\/Mariano-Lopez-participantes-regionales-.mp3?_=3\" \/><a href=\"https:\/\/municipalidadpucon.cl\/wp-content\/uploads\/2025\/11\/Mariano-Lopez-participantes-regionales-.mp3\">https:\/\/municipalidadpucon.cl\/wp-content\/uploads\/2025\/11\/Mariano-Lopez-participantes-regionales-.mp3<\/a><\/audio>\n<p><img decoding=\"async\" class=\"size-medium wp-image-57212 aligncenter\" src=\"https:\/\/municipalidadpucon.cl\/wp-content\/uploads\/2025\/11\/5-4-200x300.jpg\" alt=\"\" width=\"200\" height=\"300\" srcset=\"https:\/\/municipalidadpucon.cl\/wp-content\/uploads\/2025\/11\/5-4-200x300.jpg 200w, https:\/\/municipalidadpucon.cl\/wp-content\/uploads\/2025\/11\/5-4-400x601.jpg 400w, https:\/\/municipalidadpucon.cl\/wp-content\/uploads\/2025\/11\/5-4-600x901.jpg 600w, https:\/\/municipalidadpucon.cl\/wp-content\/uploads\/2025\/11\/5-4-682x1024.jpg 682w, https:\/\/municipalidadpucon.cl\/wp-content\/uploads\/2025\/11\/5-4-768x1153.jpg 768w, https:\/\/municipalidadpucon.cl\/wp-content\/uploads\/2025\/11\/5-4-800x1201.jpg 800w, https:\/\/municipalidadpucon.cl\/wp-content\/uploads\/2025\/11\/5-4-scaled.jpg 866w, https:\/\/municipalidadpucon.cl\/wp-content\/uploads\/2025\/11\/5-4-1023x1536.jpg 1023w, https:\/\/municipalidadpucon.cl\/wp-content\/uploads\/2025\/11\/5-4-1200x1802.jpg 1200w, https:\/\/municipalidadpucon.cl\/wp-content\/uploads\/2025\/11\/5-4-1364x2048.jpg 1364w\" sizes=\"(max-width: 200px) 100vw, 200px\" \/><\/p>\n<p><strong>RECORRIDO TECNOL\u00d3GICO<\/strong><\/p>\n<p>Con un tiempo m\u00e1ximo de 128 horas para completar un recorrido de 800 kil\u00f3metros, el trazado con m\u00e1s de 12 mil metros de desnivel acumulado contempla pasos por Curarrehue, Reigolil, Cunco, Melipeuco, Icalma, Lonquimay, Cherquenco, Colico, Villarrica, Lican Ray, Co\u00f1aripe, Liqui\u00f1e, Panguipulli, Huiscapi y Villarrica, para finalizar nuevamente en la Plaza de Puc\u00f3n, el viernes 28 de este pen\u00faltimo mes de 2025.<\/p>\n<p>Una de las caracter\u00edsticas de este Across Andes es su sistema Livetrack, \u00fanico en Chile, que permite seguir en tiempo real el avance de todos los participantes. Con esta tecnolog\u00eda, familiares, amigos, medios de comunicaci\u00f3n y la comunidad podr\u00e1n visualizar el progreso de los ciclistas, minuto a minuto, con ubicaci\u00f3n georreferenciada, estad\u00edsticas de avance y tiempos de paso por cada punto de control. Todo, estar\u00e1 disponible en: <a href=\"http:\/\/www.acrossandes.cc\/livetrack\">www.acrossandes.cc\/livetrack<\/a>; mientras se puede revisar el trazado completo de la ruta y m\u00e1s informaci\u00f3n en: <a href=\"http:\/\/www.acrossandes.cc\/route\">www.acrossandes.cc\/route<\/a>.<\/p>\n","protected":false},"excerpt":{"rendered":"<p>Across Andes 2025 se denomina un evento que tendr\u00e1 como [&hellip;]<\/p>\n","protected":false},"author":10,"featured_media":57214,"comment_status":"closed","ping_status":"open","sticky":false,"template":"","format":"standard","meta":[],"categories":[98,3],"tags":[],"_links":{"self":[{"href":"https:\/\/municipalidadpucon.cl\/index.php?rest_route=\/wp\/v2\/posts\/57203"}],"collection":[{"href":"https:\/\/municipalidadpucon.cl\/index.php?rest_route=\/wp\/v2\/posts"}],"about":[{"href":"https:\/\/municipalidadpucon.cl\/index.php?rest_route=\/wp\/v2\/types\/post"}],"author":[{"embeddable":true,"href":"https:\/\/municipalidadpucon.cl\/index.php?rest_route=\/wp\/v2\/users\/10"}],"replies":[{"embeddable":true,"href":"https:\/\/municipalidadpucon.cl\/index.php?rest_route=%2Fwp%2Fv2%2Fcomments&post=57203"}],"version-history":[{"count":1,"href":"https:\/\/municipalidadpucon.cl\/index.php?rest_route=\/wp\/v2\/posts\/57203\/revisions"}],"predecessor-version":[{"id":57215,"href":"https:\/\/municipalidadpucon.cl\/index.php?rest_route=\/wp\/v2\/posts\/57203\/revisions\/57215"}],"wp:featuredmedia":[{"embeddable":true,"href":"https:\/\/municipalidadpucon.cl\/index.php?rest_route=\/wp\/v2\/media\/57214"}],"wp:attachment":[{"href":"https:\/\/municipalidadpucon.cl\/index.php?rest_route=%2Fwp%2Fv2%2Fmedia&parent=57203"}],"wp:term":[{"taxonomy":"category","embeddable":true,"href":"https:\/\/municipalidadpucon.cl\/index.php?rest_route=%2Fwp%2Fv2%2Fcategories&post=57203"},{"taxonomy":"post_tag","embeddable":true,"href":"https:\/\/municipalidadpucon.cl\/index.php?rest_route=%2Fwp%2Fv2%2Ftags&post=57203"}],"curies":[{"name":"wp","href":"https:\/\/api.w.org\/{rel}","templated":true}]}}