{"id":57216,"date":"2025-11-14T13:11:56","date_gmt":"2025-11-14T16:11:56","guid":{"rendered":"https:\/\/municipalidadpucon.cl\/?p=57216"},"modified":"2025-11-14T13:12:08","modified_gmt":"2025-11-14T16:12:08","slug":"se-inicio-construccion-de-nuevo-centro-comunitario-de-salud-mental-del-nodo-lacustre","status":"publish","type":"post","link":"https:\/\/municipalidadpucon.cl\/?p=57216","title":{"rendered":"Se inici\u00f3 construcci\u00f3n de nuevo Centro Comunitario de Salud Mental del Nodo Lacustre"},"content":{"rendered":"<p><em><strong>COSAM se construye al lado del CECOSF Los Arrayanes-Libertad para beneficiar, adem\u00e1s de los habitantes de Puc\u00f3n, a los de Curarrehue, Villarrica y Loncoche, gracias a un proyecto liderado por el Ministerio de Salud, a trav\u00e9s del Servicio de Salud Araucan\u00eda Sur m\u00e1s el respaldo municipal.<\/strong><\/em><\/p>\n<p>&nbsp;<\/p>\n<p>El \u00e1rea de la salud mental de la zona precordillerana de la Regi\u00f3n de La Araucan\u00eda est\u00e1 viviendo momentos de expectaci\u00f3n, en particular en la comuna de Puc\u00f3n, despu\u00e9s de que al inicio de este mes de noviembre comenzara la construcci\u00f3n de un moderno edificio exclusivo para este sector de la atenci\u00f3n p\u00fablica en lo que ser\u00e1 el nuevo Centro Comunitario de Salud Mental (COSAM) del Nodo Lacustre, proyecto emblem\u00e1tico para esta urbe lacustre, pero tambi\u00e9n para los habitantes de Curarrehue, Villarrica y Loncoche.<\/p>\n<p>Esta infraestructura abarca una superficie aproximada de mil 500 m\u00b2 -en terrenos entregados en comodato por la Municipalidad de Puc\u00f3n- y que estar\u00e1 dotada de 20 estacionamientos, asegurando un espacio c\u00f3modo y accesible para usuarios, familias y equipos de salud, con una inversi\u00f3n total de $7 mil 438 millones 708 mil 535, financiada por el Servicio de Salud Araucan\u00eda Sur y que inici\u00f3 su construcci\u00f3n a cargo de la empresa Almapolis, tras un proceso de licitaci\u00f3n.<\/p>\n<p><img decoding=\"async\" class=\"size-medium wp-image-57217 aligncenter\" src=\"https:\/\/municipalidadpucon.cl\/wp-content\/uploads\/2025\/11\/2-5-300x169.jpg\" alt=\"\" width=\"300\" height=\"169\" srcset=\"https:\/\/municipalidadpucon.cl\/wp-content\/uploads\/2025\/11\/2-5-200x113.jpg 200w, https:\/\/municipalidadpucon.cl\/wp-content\/uploads\/2025\/11\/2-5-300x169.jpg 300w, https:\/\/municipalidadpucon.cl\/wp-content\/uploads\/2025\/11\/2-5-400x225.jpg 400w, https:\/\/municipalidadpucon.cl\/wp-content\/uploads\/2025\/11\/2-5-600x338.jpg 600w, https:\/\/municipalidadpucon.cl\/wp-content\/uploads\/2025\/11\/2-5-768x432.jpg 768w, https:\/\/municipalidadpucon.cl\/wp-content\/uploads\/2025\/11\/2-5-800x450.jpg 800w, https:\/\/municipalidadpucon.cl\/wp-content\/uploads\/2025\/11\/2-5-1024x576.jpg 1024w, https:\/\/municipalidadpucon.cl\/wp-content\/uploads\/2025\/11\/2-5-1200x675.jpg 1200w, https:\/\/municipalidadpucon.cl\/wp-content\/uploads\/2025\/11\/2-5-scaled.jpg 1300w, https:\/\/municipalidadpucon.cl\/wp-content\/uploads\/2025\/11\/2-5-1536x864.jpg 1536w\" sizes=\"(max-width: 300px) 100vw, 300px\" \/><\/p>\n<p><strong>MEJOR ATENCI\u00d3N<\/strong><\/p>\n<p>El alcalde de Puc\u00f3n, Sebasti\u00e1n \u00c1lvarez destac\u00f3 que este proyecto no sea s\u00f3lo una construcci\u00f3n de infraestructura sanitaria, sino el fortalecimiento de la red de apoyo comunitario y de las estrategias de prevenci\u00f3n en las problem\u00e1ticas de salud mental en la Regi\u00f3n. \u201cCon este COSAM Nodo Lacustre damos un paso decisivo para que la salud mental est\u00e9 al alcance de todas las familias de Puc\u00f3n, Curarrehue, Villarrica y Loncoche, con atenci\u00f3n de calidad, humana y oportuna\u201d, coment\u00f3 la primera autoridad comunal.<\/p>\n<p>\u201cEsto, obviamente, va a traer molestias para los vecinos, porque va a haber ruido, movimiento de tierras y camiones\u201d, reconoci\u00f3 Odette Castillo, directora del Departamento de Salud Municipal de Puc\u00f3n, quien a la vez destac\u00f3 que \u201cel beneficio final que va a traer este Centro a la comuna y a toda la zona lacustre; es decir, Curarrehue, Villarrica, Puc\u00f3n y Loncoche, es de tremenda importancia, sobre todo en un \u00e1rea tan sensible en estos momentos como es la salud mental\u201d.<\/p>\n<!--[if lt IE 9]><script>document.createElement('audio');<\/script><![endif]-->\n<audio class=\"wp-audio-shortcode\" id=\"audio-57216-1\" preload=\"none\" style=\"width: 100%;\" controls=\"controls\"><source type=\"audio\/mpeg\" src=\"https:\/\/municipalidadpucon.cl\/wp-content\/uploads\/2025\/11\/Odette-Castillo-directora-Salud-Municipal-valora-la-nueva-infraestructura-.mp3?_=1\" \/><a href=\"https:\/\/municipalidadpucon.cl\/wp-content\/uploads\/2025\/11\/Odette-Castillo-directora-Salud-Municipal-valora-la-nueva-infraestructura-.mp3\">https:\/\/municipalidadpucon.cl\/wp-content\/uploads\/2025\/11\/Odette-Castillo-directora-Salud-Municipal-valora-la-nueva-infraestructura-.mp3<\/a><\/audio>\n<p><strong>ESPECIALIDADES<\/strong><\/p>\n<p>Tras un a\u00f1o de trabajos, y una vez puesto en funcionamiento este COSAM Nodo Lacustre de Puc\u00f3n, ser\u00e1 un dispositivo ambulatorio especializado, destinado a la atenci\u00f3n integral y gratuita en salud mental a la poblaci\u00f3n de la zona.<\/p>\n<p>Consultada por las especialidades que atender\u00e1n en el edificio junto al Centro Comunitario de Salud Familiar (CECOSF) Los Arrayanes-Libertad de Puc\u00f3n, la directora de Salud Municipal puconina detall\u00f3 que este centro contar\u00e1 con especialistas, \u201ccomo neur\u00f3logos, psiquiatras, psic\u00f3logos y asistentes sociales, que ir\u00e1n en atenci\u00f3n a las demandas de esta poblaci\u00f3n y pacientes que actualmente tienen que trasladarse a otras comunas para ser atendidos\u201d.<\/p>\n<audio class=\"wp-audio-shortcode\" id=\"audio-57216-2\" preload=\"none\" style=\"width: 100%;\" controls=\"controls\"><source type=\"audio\/mpeg\" src=\"https:\/\/municipalidadpucon.cl\/wp-content\/uploads\/2025\/11\/Odette-Castillo-aclara-que-especializades-habra-y-duracion-de-obras.mp3?_=2\" \/><a href=\"https:\/\/municipalidadpucon.cl\/wp-content\/uploads\/2025\/11\/Odette-Castillo-aclara-que-especializades-habra-y-duracion-de-obras.mp3\">https:\/\/municipalidadpucon.cl\/wp-content\/uploads\/2025\/11\/Odette-Castillo-aclara-que-especializades-habra-y-duracion-de-obras.mp3<\/a><\/audio>\n<p><strong>DURACI\u00d3N DE OBRAS<\/strong><\/p>\n<p>La autoridad sanitaria local recalc\u00f3 que \u201clas obras tendr\u00e1n una duraci\u00f3n de alrededor de un a\u00f1o, porque es una tremenda construcci\u00f3n, pero les pido paciencia a nuestros usuarios con las molestias, porque finalmente vamos a tener un tremendo centro en nuestra comuna\u201d.<\/p>\n<p>As\u00ed, se espera que el centro abra sus puertas a la comunidad en febrero de 2027, reforzando as\u00ed la red p\u00fablica de salud mental en el territorio, reduciendo tiempos de espera y traslados, entregando atenci\u00f3n m\u00e1s cercana, oportuna y especializada a quienes m\u00e1s lo necesitan. Adem\u00e1s, se adelanta que habr\u00e1 un trabajo coordinado con el Centro de Salud Familiar (CESFAM), hospitales, escuelas y organizaciones comunitarias, fortaleciendo la promoci\u00f3n, prevenci\u00f3n y tratamiento en salud mental.<\/p>\n<p>&nbsp;<\/p>\n","protected":false},"excerpt":{"rendered":"<p>COSAM se construye al lado del CECOSF Los Arrayanes-Libertad para [&hellip;]<\/p>\n","protected":false},"author":10,"featured_media":57220,"comment_status":"closed","ping_status":"open","sticky":false,"template":"","format":"standard","meta":[],"categories":[3],"tags":[],"_links":{"self":[{"href":"https:\/\/municipalidadpucon.cl\/index.php?rest_route=\/wp\/v2\/posts\/57216"}],"collection":[{"href":"https:\/\/municipalidadpucon.cl\/index.php?rest_route=\/wp\/v2\/posts"}],"about":[{"href":"https:\/\/municipalidadpucon.cl\/index.php?rest_route=\/wp\/v2\/types\/post"}],"author":[{"embeddable":true,"href":"https:\/\/municipalidadpucon.cl\/index.php?rest_route=\/wp\/v2\/users\/10"}],"replies":[{"embeddable":true,"href":"https:\/\/municipalidadpucon.cl\/index.php?rest_route=%2Fwp%2Fv2%2Fcomments&post=57216"}],"version-history":[{"count":1,"href":"https:\/\/municipalidadpucon.cl\/index.php?rest_route=\/wp\/v2\/posts\/57216\/revisions"}],"predecessor-version":[{"id":57221,"href":"https:\/\/municipalidadpucon.cl\/index.php?rest_route=\/wp\/v2\/posts\/57216\/revisions\/57221"}],"wp:featuredmedia":[{"embeddable":true,"href":"https:\/\/municipalidadpucon.cl\/index.php?rest_route=\/wp\/v2\/media\/57220"}],"wp:attachment":[{"href":"https:\/\/municipalidadpucon.cl\/index.php?rest_route=%2Fwp%2Fv2%2Fmedia&parent=57216"}],"wp:term":[{"taxonomy":"category","embeddable":true,"href":"https:\/\/municipalidadpucon.cl\/index.php?rest_route=%2Fwp%2Fv2%2Fcategories&post=57216"},{"taxonomy":"post_tag","embeddable":true,"href":"https:\/\/municipalidadpucon.cl\/index.php?rest_route=%2Fwp%2Fv2%2Ftags&post=57216"}],"curies":[{"name":"wp","href":"https:\/\/api.w.org\/{rel}","templated":true}]}}