{"id":57225,"date":"2025-11-17T09:01:05","date_gmt":"2025-11-17T12:01:05","guid":{"rendered":"https:\/\/municipalidadpucon.cl\/?p=57225"},"modified":"2025-11-17T09:01:05","modified_gmt":"2025-11-17T12:01:05","slug":"se-aprobo-una-esperada-e-inedita-modificacion-a-la-ordenanza-de-tenencia-responsable","status":"publish","type":"post","link":"https:\/\/municipalidadpucon.cl\/?p=57225","title":{"rendered":"Se aprob\u00f3 una esperada e in\u00e9dita modificaci\u00f3n a la Ordenanza de Tenencia Responsable"},"content":{"rendered":"<p><em><strong>Normativa propuesta por la administraci\u00f3n municipal, tras aprobaci\u00f3n mayoritaria del Concejo Municipal, entrar\u00e1 en vigor el primer d\u00eda de 2026 con un foco en la esterilizaci\u00f3n de mascotas, especialmente en los sectores rurales con el fin de proteger la fauna aut\u00f3ctona.<\/strong><\/em><\/p>\n<p><img decoding=\"async\" class=\"alignnone size-medium wp-image-57228\" src=\"https:\/\/municipalidadpucon.cl\/wp-content\/uploads\/2025\/11\/2-7-300x225.jpg\" alt=\"\" width=\"300\" height=\"225\" srcset=\"https:\/\/municipalidadpucon.cl\/wp-content\/uploads\/2025\/11\/2-7-200x150.jpg 200w, https:\/\/municipalidadpucon.cl\/wp-content\/uploads\/2025\/11\/2-7-300x225.jpg 300w, https:\/\/municipalidadpucon.cl\/wp-content\/uploads\/2025\/11\/2-7-400x300.jpg 400w, https:\/\/municipalidadpucon.cl\/wp-content\/uploads\/2025\/11\/2-7-600x450.jpg 600w, https:\/\/municipalidadpucon.cl\/wp-content\/uploads\/2025\/11\/2-7-768x576.jpg 768w, https:\/\/municipalidadpucon.cl\/wp-content\/uploads\/2025\/11\/2-7-800x600.jpg 800w, https:\/\/municipalidadpucon.cl\/wp-content\/uploads\/2025\/11\/2-7-1024x768.jpg 1024w, https:\/\/municipalidadpucon.cl\/wp-content\/uploads\/2025\/11\/2-7-1200x900.jpg 1200w, https:\/\/municipalidadpucon.cl\/wp-content\/uploads\/2025\/11\/2-7.jpg 1280w\" sizes=\"(max-width: 300px) 100vw, 300px\" \/> <img decoding=\"async\" class=\"alignnone size-medium wp-image-57229\" src=\"https:\/\/municipalidadpucon.cl\/wp-content\/uploads\/2025\/11\/3-8-300x225.jpg\" alt=\"\" width=\"300\" height=\"225\" srcset=\"https:\/\/municipalidadpucon.cl\/wp-content\/uploads\/2025\/11\/3-8-200x150.jpg 200w, https:\/\/municipalidadpucon.cl\/wp-content\/uploads\/2025\/11\/3-8-300x225.jpg 300w, https:\/\/municipalidadpucon.cl\/wp-content\/uploads\/2025\/11\/3-8-400x300.jpg 400w, https:\/\/municipalidadpucon.cl\/wp-content\/uploads\/2025\/11\/3-8-600x450.jpg 600w, https:\/\/municipalidadpucon.cl\/wp-content\/uploads\/2025\/11\/3-8-768x576.jpg 768w, https:\/\/municipalidadpucon.cl\/wp-content\/uploads\/2025\/11\/3-8-800x600.jpg 800w, https:\/\/municipalidadpucon.cl\/wp-content\/uploads\/2025\/11\/3-8-1024x768.jpg 1024w, https:\/\/municipalidadpucon.cl\/wp-content\/uploads\/2025\/11\/3-8-1200x900.jpg 1200w, https:\/\/municipalidadpucon.cl\/wp-content\/uploads\/2025\/11\/3-8.jpg 1280w\" sizes=\"(max-width: 300px) 100vw, 300px\" \/><\/p>\n<p>Con 54 art\u00edculos y 7 t\u00edtulos, esta semana fue aprobada la modificaci\u00f3n a la Ordenanza Municipal de Puc\u00f3n para la Tenencia Responsable de Animales, documento que recibi\u00f3 el apoyo mayoritario del Concejo Municipal de la comuna lacustre, tras una instancia propuesta por la administraci\u00f3n, luego de un trabajo de la Oficina de Tenencia de la entidad p\u00fablica, dependiente de la Direcci\u00f3n de Seguridad.<\/p>\n<p>De hecho, fueron el responsable de Seguridad Municipal, Juan Carlos Badilla, y el veterinario a cargo de la Oficina, Cristi\u00e1n Cer\u00f3n, quienes expusieron en la sesi\u00f3n N\u00b034 de Concejo los puntos principales de una renovada reglamentaci\u00f3n trabajada con organizaciones animalistas y sociales, basada en un compromiso de la administraci\u00f3n del alcalde Sebasti\u00e1n \u00c1lvarez.<\/p>\n<p><strong>LABOR COLECTIVA<\/strong><\/p>\n<p>\u201cHubo m\u00e1s de diez mesas de trabajo junto a todas las organizaciones sociales, al Departamento de Tenencia Responsable, la Direcci\u00f3n Jur\u00eddica y tambi\u00e9n la Subdere (Subsecretar\u00eda de Desarrollo Regional)\u201d, destac\u00f3 el trabajo de preparaci\u00f3n para llegar a este documento el jefe comunal puconino, quien agreg\u00f3 que \u201cesta nueva Ordenanza nos pone al m\u00e1s alto nivel en Tenencia Responsable en el pa\u00eds. Este era un compromiso sentido, una demanda hist\u00f3rica de la comunidad animalista de Puc\u00f3n, que buscaba tener una Ordenanza a la altura de lo que requiere la comuna y aqu\u00ed hay una respuesta concreta y real a todas las organizaciones sociales que durante muchos a\u00f1os lucharon por este objetivo y que hoy se ve coronado con esta maravillosa aprobaci\u00f3n por parte del Concejo Municipal\u201d.<\/p>\n<!--[if lt IE 9]><script>document.createElement('audio');<\/script><![endif]-->\n<audio class=\"wp-audio-shortcode\" id=\"audio-57225-1\" preload=\"none\" style=\"width: 100%;\" controls=\"controls\"><source type=\"audio\/mpeg\" src=\"https:\/\/municipalidadpucon.cl\/wp-content\/uploads\/2025\/11\/Alcalde-Sebastian-Alvarez-destaca-el-acuerdo-social-para-llegar-a-esta-normativa-.mp3?_=1\" \/><a href=\"https:\/\/municipalidadpucon.cl\/wp-content\/uploads\/2025\/11\/Alcalde-Sebastian-Alvarez-destaca-el-acuerdo-social-para-llegar-a-esta-normativa-.mp3\">https:\/\/municipalidadpucon.cl\/wp-content\/uploads\/2025\/11\/Alcalde-Sebastian-Alvarez-destaca-el-acuerdo-social-para-llegar-a-esta-normativa-.mp3<\/a><\/audio>\n<p>Sobre la normativa -que en su contenido incluye: Objetivos y \u00c1mbito de Aplicaci\u00f3n, Prohibici\u00f3n de Tenedores de Animales, tambi\u00e9n de perros y gatos, sobre Animales Ex\u00f3ticos, Registros Nacionales, Control Canino en V\u00eda P\u00fablica y Sanciones- el veterinario Cristi\u00e1n Cer\u00f3n destac\u00f3 que la modificaci\u00f3n m\u00e1s importante, \u201ces justamente la obligatoriedad de esterilizaci\u00f3n que era ausente en ordenanzas anteriores. Hoy se est\u00e1 haciendo presente por primera vez. Desde el punto de vista legislativo y p\u00fablico, lo primero es mencionar que existe una circular donde se dictamina lo que puede o no hacer un Municipio\u201d.<\/p>\n<audio class=\"wp-audio-shortcode\" id=\"audio-57225-2\" preload=\"none\" style=\"width: 100%;\" controls=\"controls\"><source type=\"audio\/mpeg\" src=\"https:\/\/municipalidadpucon.cl\/wp-content\/uploads\/2025\/11\/Cristian-Ceron-encargadpo-Tenencia-Responsable-MUni-PUcon-aportes-.mp3?_=2\" \/><a href=\"https:\/\/municipalidadpucon.cl\/wp-content\/uploads\/2025\/11\/Cristian-Ceron-encargadpo-Tenencia-Responsable-MUni-PUcon-aportes-.mp3\">https:\/\/municipalidadpucon.cl\/wp-content\/uploads\/2025\/11\/Cristian-Ceron-encargadpo-Tenencia-Responsable-MUni-PUcon-aportes-.mp3<\/a><\/audio>\n<p><img decoding=\"async\" class=\"alignnone size-medium wp-image-57232\" src=\"https:\/\/municipalidadpucon.cl\/wp-content\/uploads\/2025\/11\/5-5-300x169.jpg\" alt=\"\" width=\"300\" height=\"169\" srcset=\"https:\/\/municipalidadpucon.cl\/wp-content\/uploads\/2025\/11\/5-5-200x113.jpg 200w, https:\/\/municipalidadpucon.cl\/wp-content\/uploads\/2025\/11\/5-5-300x169.jpg 300w, https:\/\/municipalidadpucon.cl\/wp-content\/uploads\/2025\/11\/5-5-400x225.jpg 400w, https:\/\/municipalidadpucon.cl\/wp-content\/uploads\/2025\/11\/5-5-600x338.jpg 600w, https:\/\/municipalidadpucon.cl\/wp-content\/uploads\/2025\/11\/5-5-768x432.jpg 768w, https:\/\/municipalidadpucon.cl\/wp-content\/uploads\/2025\/11\/5-5-800x450.jpg 800w, https:\/\/municipalidadpucon.cl\/wp-content\/uploads\/2025\/11\/5-5-1024x576.jpg 1024w, https:\/\/municipalidadpucon.cl\/wp-content\/uploads\/2025\/11\/5-5-1200x675.jpg 1200w, https:\/\/municipalidadpucon.cl\/wp-content\/uploads\/2025\/11\/5-5-scaled.jpg 1300w, https:\/\/municipalidadpucon.cl\/wp-content\/uploads\/2025\/11\/5-5-1536x864.jpg 1536w\" sizes=\"(max-width: 300px) 100vw, 300px\" \/> <img decoding=\"async\" class=\"alignnone size-medium wp-image-57233\" src=\"https:\/\/municipalidadpucon.cl\/wp-content\/uploads\/2025\/11\/6-5-300x169.jpg\" alt=\"\" width=\"300\" height=\"169\" srcset=\"https:\/\/municipalidadpucon.cl\/wp-content\/uploads\/2025\/11\/6-5-200x113.jpg 200w, https:\/\/municipalidadpucon.cl\/wp-content\/uploads\/2025\/11\/6-5-300x169.jpg 300w, https:\/\/municipalidadpucon.cl\/wp-content\/uploads\/2025\/11\/6-5-400x225.jpg 400w, https:\/\/municipalidadpucon.cl\/wp-content\/uploads\/2025\/11\/6-5-600x338.jpg 600w, https:\/\/municipalidadpucon.cl\/wp-content\/uploads\/2025\/11\/6-5-768x432.jpg 768w, https:\/\/municipalidadpucon.cl\/wp-content\/uploads\/2025\/11\/6-5-800x450.jpg 800w, https:\/\/municipalidadpucon.cl\/wp-content\/uploads\/2025\/11\/6-5-1024x576.jpg 1024w, https:\/\/municipalidadpucon.cl\/wp-content\/uploads\/2025\/11\/6-5-1200x675.jpg 1200w, https:\/\/municipalidadpucon.cl\/wp-content\/uploads\/2025\/11\/6-5-scaled.jpg 1300w, https:\/\/municipalidadpucon.cl\/wp-content\/uploads\/2025\/11\/6-5-1536x864.jpg 1536w\" sizes=\"(max-width: 300px) 100vw, 300px\" \/><\/p>\n<p><strong>GRUPOS ANIMALISTAS<\/strong><\/p>\n<p>En este aspecto, el Municipio si bien no est\u00e1 facultado para sacar animales de la calle, \u201cs\u00ed puede capturar, a trav\u00e9s de agrupaciones animalistas que nos est\u00e1n cooperando, animalistas independientes igualmente, para que como Municipalidad y programa podamos esterilizar o castrar y posteriormente devolverlo al sitio donde se encontr\u00f3\u201d, dijo Cer\u00f3n, destacando el trabajo en zonas rurales, con el fin de evitar el contacto de animales dom\u00e9sticos con fauna natural, por la cercan\u00eda a Parques Nacionales.<\/p>\n<p><img decoding=\"async\" class=\"alignnone size-medium wp-image-57234\" src=\"https:\/\/municipalidadpucon.cl\/wp-content\/uploads\/2025\/11\/4-7-300x225.jpg\" alt=\"\" width=\"300\" height=\"225\" srcset=\"https:\/\/municipalidadpucon.cl\/wp-content\/uploads\/2025\/11\/4-7-200x150.jpg 200w, https:\/\/municipalidadpucon.cl\/wp-content\/uploads\/2025\/11\/4-7-300x225.jpg 300w, https:\/\/municipalidadpucon.cl\/wp-content\/uploads\/2025\/11\/4-7-400x300.jpg 400w, https:\/\/municipalidadpucon.cl\/wp-content\/uploads\/2025\/11\/4-7-600x450.jpg 600w, https:\/\/municipalidadpucon.cl\/wp-content\/uploads\/2025\/11\/4-7-768x576.jpg 768w, https:\/\/municipalidadpucon.cl\/wp-content\/uploads\/2025\/11\/4-7-800x600.jpg 800w, https:\/\/municipalidadpucon.cl\/wp-content\/uploads\/2025\/11\/4-7-1024x768.jpg 1024w, https:\/\/municipalidadpucon.cl\/wp-content\/uploads\/2025\/11\/4-7-1200x900.jpg 1200w, https:\/\/municipalidadpucon.cl\/wp-content\/uploads\/2025\/11\/4-7.jpg 1280w\" sizes=\"(max-width: 300px) 100vw, 300px\" \/><\/p>\n<p>Quienes aplaudieron el acuerdo fueron grupos como Amigas del Club 4 Patas, Rescatando Huellas, PRAP e independientes -como Consuelo Weber y Claudia Paredes- y Agrupaci\u00f3n por los Derechos de los Animales de Puc\u00f3n (ADAP). De hecho, Ivonne Rivera, de ADAP, agradeci\u00f3 la gesti\u00f3n liderada por el alcalde Sebasti\u00e1n \u00c1lvarez, el veterinario Cristi\u00e1n Cer\u00f3n \u201cy los concejales que nos apoyaron con esto. Ha sido mucho trabajo. Agradecer a la abogada de la SUBDERE, que nos ayud\u00f3 en esta modificaci\u00f3n, que va a exigir a las personas que esterilicen a sus perritas, a sus gatitas y a sus machitos, porque estamos cerca de parques nacionales y hay problemas con murci\u00e9lagos que se han detectado con rabia, y porque somos una comuna tur\u00edstica. No queremos que las personas lucren con los vientres de las perritas\u201d.<\/p>\n<audio class=\"wp-audio-shortcode\" id=\"audio-57225-3\" preload=\"none\" style=\"width: 100%;\" controls=\"controls\"><source type=\"audio\/mpeg\" src=\"https:\/\/municipalidadpucon.cl\/wp-content\/uploads\/2025\/11\/Ivonne-Rivera-Agrupacion-por-los-Derechos-Animales-Agradece-la-gestion-.mp3?_=3\" \/><a href=\"https:\/\/municipalidadpucon.cl\/wp-content\/uploads\/2025\/11\/Ivonne-Rivera-Agrupacion-por-los-Derechos-Animales-Agradece-la-gestion-.mp3\">https:\/\/municipalidadpucon.cl\/wp-content\/uploads\/2025\/11\/Ivonne-Rivera-Agrupacion-por-los-Derechos-Animales-Agradece-la-gestion-.mp3<\/a><\/audio>\n<p>Por \u00faltimo, la concejal Marina Matus se confes\u00f3 \u201cmuy contenta, porque es algo que esperaban los animalistas y nuestros vecinos que aman a las mascotas y que se preocupan de ellas, porque son parte de la familia. As\u00ed es que s\u00faper contenta y s\u00faper agradecida por la confianza y porque se hicieron varias actividades donde se dieron a conocer aspectos relevantes de esta Ordenanza\u201d.<\/p>\n<audio class=\"wp-audio-shortcode\" id=\"audio-57225-4\" preload=\"none\" style=\"width: 100%;\" controls=\"controls\"><source type=\"audio\/mpeg\" src=\"https:\/\/municipalidadpucon.cl\/wp-content\/uploads\/2025\/11\/Marina-Matus-concejal-destaca-la-modificacion-y-el-trabajo-social-.mp3?_=4\" \/><a href=\"https:\/\/municipalidadpucon.cl\/wp-content\/uploads\/2025\/11\/Marina-Matus-concejal-destaca-la-modificacion-y-el-trabajo-social-.mp3\">https:\/\/municipalidadpucon.cl\/wp-content\/uploads\/2025\/11\/Marina-Matus-concejal-destaca-la-modificacion-y-el-trabajo-social-.mp3<\/a><\/audio>\n","protected":false},"excerpt":{"rendered":"<p>Normativa propuesta por la administraci\u00f3n municipal, tras aprobaci\u00f3n mayoritaria del [&hellip;]<\/p>\n","protected":false},"author":10,"featured_media":57237,"comment_status":"closed","ping_status":"open","sticky":false,"template":"","format":"standard","meta":[],"categories":[98,3],"tags":[],"_links":{"self":[{"href":"https:\/\/municipalidadpucon.cl\/index.php?rest_route=\/wp\/v2\/posts\/57225"}],"collection":[{"href":"https:\/\/municipalidadpucon.cl\/index.php?rest_route=\/wp\/v2\/posts"}],"about":[{"href":"https:\/\/municipalidadpucon.cl\/index.php?rest_route=\/wp\/v2\/types\/post"}],"author":[{"embeddable":true,"href":"https:\/\/municipalidadpucon.cl\/index.php?rest_route=\/wp\/v2\/users\/10"}],"replies":[{"embeddable":true,"href":"https:\/\/municipalidadpucon.cl\/index.php?rest_route=%2Fwp%2Fv2%2Fcomments&post=57225"}],"version-history":[{"count":1,"href":"https:\/\/municipalidadpucon.cl\/index.php?rest_route=\/wp\/v2\/posts\/57225\/revisions"}],"predecessor-version":[{"id":57238,"href":"https:\/\/municipalidadpucon.cl\/index.php?rest_route=\/wp\/v2\/posts\/57225\/revisions\/57238"}],"wp:featuredmedia":[{"embeddable":true,"href":"https:\/\/municipalidadpucon.cl\/index.php?rest_route=\/wp\/v2\/media\/57237"}],"wp:attachment":[{"href":"https:\/\/municipalidadpucon.cl\/index.php?rest_route=%2Fwp%2Fv2%2Fmedia&parent=57225"}],"wp:term":[{"taxonomy":"category","embeddable":true,"href":"https:\/\/municipalidadpucon.cl\/index.php?rest_route=%2Fwp%2Fv2%2Fcategories&post=57225"},{"taxonomy":"post_tag","embeddable":true,"href":"https:\/\/municipalidadpucon.cl\/index.php?rest_route=%2Fwp%2Fv2%2Ftags&post=57225"}],"curies":[{"name":"wp","href":"https:\/\/api.w.org\/{rel}","templated":true}]}}