{"id":57243,"date":"2025-11-18T09:18:35","date_gmt":"2025-11-18T12:18:35","guid":{"rendered":"https:\/\/municipalidadpucon.cl\/?p=57243"},"modified":"2025-11-18T09:18:35","modified_gmt":"2025-11-18T12:18:35","slug":"piscina-temperada-y-semiolimpica-ya-suma-un-65-por-ciento-de-avance","status":"publish","type":"post","link":"https:\/\/municipalidadpucon.cl\/?p=57243","title":{"rendered":"Piscina temperada y semiol\u00edmpica ya suma un 65 por ciento de avance"},"content":{"rendered":"<p><em><strong>La segunda alberca temperada y p\u00fablica en La Araucan\u00eda podr\u00eda ser inaugurada en abril de 2026, entrando en funcionamiento una vez se defina su administraci\u00f3n que beneficiar\u00e1 a deportistas y a la comunidad puconina en general.<\/strong><\/em><\/p>\n<p><img decoding=\"async\" class=\"alignnone size-medium wp-image-57244\" src=\"https:\/\/municipalidadpucon.cl\/wp-content\/uploads\/2025\/11\/2-8-300x225.jpg\" alt=\"\" width=\"300\" height=\"225\" srcset=\"https:\/\/municipalidadpucon.cl\/wp-content\/uploads\/2025\/11\/2-8-200x150.jpg 200w, https:\/\/municipalidadpucon.cl\/wp-content\/uploads\/2025\/11\/2-8-300x225.jpg 300w, https:\/\/municipalidadpucon.cl\/wp-content\/uploads\/2025\/11\/2-8-400x300.jpg 400w, https:\/\/municipalidadpucon.cl\/wp-content\/uploads\/2025\/11\/2-8-600x450.jpg 600w, https:\/\/municipalidadpucon.cl\/wp-content\/uploads\/2025\/11\/2-8-768x576.jpg 768w, https:\/\/municipalidadpucon.cl\/wp-content\/uploads\/2025\/11\/2-8-800x600.jpg 800w, https:\/\/municipalidadpucon.cl\/wp-content\/uploads\/2025\/11\/2-8-1024x768.jpg 1024w, https:\/\/municipalidadpucon.cl\/wp-content\/uploads\/2025\/11\/2-8-1200x900.jpg 1200w, https:\/\/municipalidadpucon.cl\/wp-content\/uploads\/2025\/11\/2-8-scaled.jpg 1300w, https:\/\/municipalidadpucon.cl\/wp-content\/uploads\/2025\/11\/2-8-1536x1152.jpg 1536w\" sizes=\"(max-width: 300px) 100vw, 300px\" \/> <img decoding=\"async\" class=\"alignnone size-medium wp-image-57245\" src=\"https:\/\/municipalidadpucon.cl\/wp-content\/uploads\/2025\/11\/2A-1-300x225.jpeg\" alt=\"\" width=\"300\" height=\"225\" srcset=\"https:\/\/municipalidadpucon.cl\/wp-content\/uploads\/2025\/11\/2A-1-200x150.jpeg 200w, https:\/\/municipalidadpucon.cl\/wp-content\/uploads\/2025\/11\/2A-1-300x225.jpeg 300w, https:\/\/municipalidadpucon.cl\/wp-content\/uploads\/2025\/11\/2A-1-400x300.jpeg 400w, https:\/\/municipalidadpucon.cl\/wp-content\/uploads\/2025\/11\/2A-1-600x450.jpeg 600w, https:\/\/municipalidadpucon.cl\/wp-content\/uploads\/2025\/11\/2A-1-768x576.jpeg 768w, https:\/\/municipalidadpucon.cl\/wp-content\/uploads\/2025\/11\/2A-1-800x600.jpeg 800w, https:\/\/municipalidadpucon.cl\/wp-content\/uploads\/2025\/11\/2A-1-1024x768.jpeg 1024w, https:\/\/municipalidadpucon.cl\/wp-content\/uploads\/2025\/11\/2A-1-1200x900.jpeg 1200w, https:\/\/municipalidadpucon.cl\/wp-content\/uploads\/2025\/11\/2A-1.jpeg 1280w\" sizes=\"(max-width: 300px) 100vw, 300px\" \/><\/p>\n<p>Hasta que la inversi\u00f3n de $7 mil 400 millones, proveniente del Instituto Nacional de Deportes (IND), ya ve cada vez m\u00e1s cerca la inauguraci\u00f3n de lo que ser\u00e1 la segunda piscina temperada y semiol\u00edmpica de administraci\u00f3n p\u00fablica de La Araucan\u00eda, ubicada en Puc\u00f3n, en donde autoridades regionales y locales recorrieron una estructura de \u00faltima generaci\u00f3n que ya lleva un 65 por ciento de avance en el coraz\u00f3n de lo que se conoce como el Ecoparque Municipal de la comuna lacustre.<\/p>\n<p>Hace algunos d\u00edas fue el director regional del IND, Mauro Salinas, quien acompa\u00f1ado por el director de la Secretar\u00eda Comunal de Planificaci\u00f3n (SECPLAC) del Municipio, Alexis Figueroa, m\u00e1s funcionarios del Municipio y del organismo regional, hicieron un recorrido por esta nueva alberca, la cual tambi\u00e9n fue visitada por el alcalde de la comuna, Sebasti\u00e1n \u00c1lvarez, quien se reconoci\u00f3 impresionado de la infraestructura deportiva y recreacional de primer nivel para la comuna.<\/p>\n<p><img decoding=\"async\" class=\"alignnone size-medium wp-image-57248\" src=\"https:\/\/municipalidadpucon.cl\/wp-content\/uploads\/2025\/11\/3-9-300x225.jpg\" alt=\"\" width=\"300\" height=\"225\" srcset=\"https:\/\/municipalidadpucon.cl\/wp-content\/uploads\/2025\/11\/3-9-200x150.jpg 200w, https:\/\/municipalidadpucon.cl\/wp-content\/uploads\/2025\/11\/3-9-300x225.jpg 300w, https:\/\/municipalidadpucon.cl\/wp-content\/uploads\/2025\/11\/3-9-400x300.jpg 400w, https:\/\/municipalidadpucon.cl\/wp-content\/uploads\/2025\/11\/3-9-600x450.jpg 600w, https:\/\/municipalidadpucon.cl\/wp-content\/uploads\/2025\/11\/3-9-768x576.jpg 768w, https:\/\/municipalidadpucon.cl\/wp-content\/uploads\/2025\/11\/3-9-800x600.jpg 800w, https:\/\/municipalidadpucon.cl\/wp-content\/uploads\/2025\/11\/3-9-1024x768.jpg 1024w, https:\/\/municipalidadpucon.cl\/wp-content\/uploads\/2025\/11\/3-9-1200x900.jpg 1200w, https:\/\/municipalidadpucon.cl\/wp-content\/uploads\/2025\/11\/3-9-scaled.jpg 1300w, https:\/\/municipalidadpucon.cl\/wp-content\/uploads\/2025\/11\/3-9-1536x1152.jpg 1536w\" sizes=\"(max-width: 300px) 100vw, 300px\" \/> <img decoding=\"async\" class=\"alignnone size-medium wp-image-57249\" src=\"https:\/\/municipalidadpucon.cl\/wp-content\/uploads\/2025\/11\/4-8-300x225.jpg\" alt=\"\" width=\"300\" height=\"225\" srcset=\"https:\/\/municipalidadpucon.cl\/wp-content\/uploads\/2025\/11\/4-8-200x150.jpg 200w, https:\/\/municipalidadpucon.cl\/wp-content\/uploads\/2025\/11\/4-8-300x225.jpg 300w, https:\/\/municipalidadpucon.cl\/wp-content\/uploads\/2025\/11\/4-8-400x300.jpg 400w, https:\/\/municipalidadpucon.cl\/wp-content\/uploads\/2025\/11\/4-8-600x450.jpg 600w, https:\/\/municipalidadpucon.cl\/wp-content\/uploads\/2025\/11\/4-8-768x576.jpg 768w, https:\/\/municipalidadpucon.cl\/wp-content\/uploads\/2025\/11\/4-8-800x600.jpg 800w, https:\/\/municipalidadpucon.cl\/wp-content\/uploads\/2025\/11\/4-8-1024x768.jpg 1024w, https:\/\/municipalidadpucon.cl\/wp-content\/uploads\/2025\/11\/4-8-1200x900.jpg 1200w, https:\/\/municipalidadpucon.cl\/wp-content\/uploads\/2025\/11\/4-8-scaled.jpg 1300w, https:\/\/municipalidadpucon.cl\/wp-content\/uploads\/2025\/11\/4-8-1536x1152.jpg 1536w\" sizes=\"(max-width: 300px) 100vw, 300px\" \/> <img decoding=\"async\" class=\"alignnone size-medium wp-image-57250\" src=\"https:\/\/municipalidadpucon.cl\/wp-content\/uploads\/2025\/11\/5-6-300x225.jpg\" alt=\"\" width=\"300\" height=\"225\" srcset=\"https:\/\/municipalidadpucon.cl\/wp-content\/uploads\/2025\/11\/5-6-200x150.jpg 200w, https:\/\/municipalidadpucon.cl\/wp-content\/uploads\/2025\/11\/5-6-300x225.jpg 300w, https:\/\/municipalidadpucon.cl\/wp-content\/uploads\/2025\/11\/5-6-400x300.jpg 400w, https:\/\/municipalidadpucon.cl\/wp-content\/uploads\/2025\/11\/5-6-600x450.jpg 600w, https:\/\/municipalidadpucon.cl\/wp-content\/uploads\/2025\/11\/5-6-768x576.jpg 768w, https:\/\/municipalidadpucon.cl\/wp-content\/uploads\/2025\/11\/5-6-800x600.jpg 800w, https:\/\/municipalidadpucon.cl\/wp-content\/uploads\/2025\/11\/5-6-1024x768.jpg 1024w, https:\/\/municipalidadpucon.cl\/wp-content\/uploads\/2025\/11\/5-6-1200x900.jpg 1200w, https:\/\/municipalidadpucon.cl\/wp-content\/uploads\/2025\/11\/5-6-scaled.jpg 1300w, https:\/\/municipalidadpucon.cl\/wp-content\/uploads\/2025\/11\/5-6-1536x1152.jpg 1536w\" sizes=\"(max-width: 300px) 100vw, 300px\" \/> <img decoding=\"async\" class=\"alignnone size-medium wp-image-57251\" src=\"https:\/\/municipalidadpucon.cl\/wp-content\/uploads\/2025\/11\/6-6-300x225.jpg\" alt=\"\" width=\"300\" height=\"225\" srcset=\"https:\/\/municipalidadpucon.cl\/wp-content\/uploads\/2025\/11\/6-6-200x150.jpg 200w, https:\/\/municipalidadpucon.cl\/wp-content\/uploads\/2025\/11\/6-6-300x225.jpg 300w, https:\/\/municipalidadpucon.cl\/wp-content\/uploads\/2025\/11\/6-6-400x300.jpg 400w, https:\/\/municipalidadpucon.cl\/wp-content\/uploads\/2025\/11\/6-6-600x450.jpg 600w, https:\/\/municipalidadpucon.cl\/wp-content\/uploads\/2025\/11\/6-6-768x576.jpg 768w, https:\/\/municipalidadpucon.cl\/wp-content\/uploads\/2025\/11\/6-6-800x600.jpg 800w, https:\/\/municipalidadpucon.cl\/wp-content\/uploads\/2025\/11\/6-6-1024x768.jpg 1024w, https:\/\/municipalidadpucon.cl\/wp-content\/uploads\/2025\/11\/6-6-1200x900.jpg 1200w, https:\/\/municipalidadpucon.cl\/wp-content\/uploads\/2025\/11\/6-6-scaled.jpg 1300w, https:\/\/municipalidadpucon.cl\/wp-content\/uploads\/2025\/11\/6-6-1536x1152.jpg 1536w\" sizes=\"(max-width: 300px) 100vw, 300px\" \/><\/p>\n<p><strong>LUJO COMUNAL<\/strong><\/p>\n<p>\u201cEn realidad es un lujo. Ya vemos un 65 por ciento de avance en la obra, una obra de m\u00e1s de $7 mil 400 millones, que va a ir en directo beneficio de la comuna, pero tambi\u00e9n de sus deportistas\u201d, coment\u00f3 el SECPLAC de Puc\u00f3n, Alexis Figueroa, quien record\u00f3 que \u201cya tenemos una carrera de triatl\u00f3n que es el Ironman 70.3, y lo que nos va a rendir esto es seguir entrenando durante todo el a\u00f1o para seguir disfrutando las capacidades que tenemos hoy en d\u00eda\u201d.<\/p>\n<!--[if lt IE 9]><script>document.createElement('audio');<\/script><![endif]-->\n<audio class=\"wp-audio-shortcode\" id=\"audio-57243-1\" preload=\"none\" style=\"width: 100%;\" controls=\"controls\"><source type=\"audio\/mpeg\" src=\"https:\/\/municipalidadpucon.cl\/wp-content\/uploads\/2025\/11\/Alexis-Figueroa-director-Secplac-reconoce-el-lujo-y-las-coordinaciones-futuras-.mp3?_=1\" \/><a href=\"https:\/\/municipalidadpucon.cl\/wp-content\/uploads\/2025\/11\/Alexis-Figueroa-director-Secplac-reconoce-el-lujo-y-las-coordinaciones-futuras-.mp3\">https:\/\/municipalidadpucon.cl\/wp-content\/uploads\/2025\/11\/Alexis-Figueroa-director-Secplac-reconoce-el-lujo-y-las-coordinaciones-futuras-.mp3<\/a><\/audio>\n<p>Consultado por la calidad de esta nueva construcci\u00f3n puconina, si se compara con la piscina temperada del Complejo Rufino Bernedo de Temuco, el encargado regional de la gesti\u00f3n de recintos del IND, Mario Castro, detall\u00f3 que \u201cla ventaja comparativa que existe se podr\u00eda resumir en la tecnolog\u00eda y en t\u00e9rminos de experiencia usuario, de calidad de servicio. Ac\u00e1 en Puc\u00f3n los camarines tienen un est\u00e1ndar de servicio de calidad. Adem\u00e1s, otra gran diferencia es que el proyecto de Temuco est\u00e1 integrado dentro de una gran nave, que es el Polideportivo, y ac\u00e1 es un proyecto separado, es la construcci\u00f3n de la piscina como un s\u00f3lo proyecto, y eso le da ciertas particularidades que le dan un poquito de ventaja. De verdad va a venir a transformar el escenario deportivo que hay en la comuna\u201d.<\/p>\n<audio class=\"wp-audio-shortcode\" id=\"audio-57243-2\" preload=\"none\" style=\"width: 100%;\" controls=\"controls\"><source type=\"audio\/mpeg\" src=\"https:\/\/municipalidadpucon.cl\/wp-content\/uploads\/2025\/11\/Mario-Castro-encargado-en-gestion-recintos-IND-compara-con-Piscina-de-Temuco.mp3?_=2\" \/><a href=\"https:\/\/municipalidadpucon.cl\/wp-content\/uploads\/2025\/11\/Mario-Castro-encargado-en-gestion-recintos-IND-compara-con-Piscina-de-Temuco.mp3\">https:\/\/municipalidadpucon.cl\/wp-content\/uploads\/2025\/11\/Mario-Castro-encargado-en-gestion-recintos-IND-compara-con-Piscina-de-Temuco.mp3<\/a><\/audio>\n<p><strong>TODOS A NADAR<\/strong><\/p>\n<p>Seg\u00fan Mauro Salinas, director regional del IND la nueva piscina temperada de Puc\u00f3n \u201cva a permitir que la zona lacustre tenga, a contar abril de 2026, una piscina temperada para todas y todos los deportistas, y no solo los deportistas de alto rendimiento, sino que tambi\u00e9n para vecinas y vecinos que habitan esta hermosa zona de La Araucan\u00eda\u201d.<\/p>\n<audio class=\"wp-audio-shortcode\" id=\"audio-57243-3\" preload=\"none\" style=\"width: 100%;\" controls=\"controls\"><source type=\"audio\/mpeg\" src=\"https:\/\/municipalidadpucon.cl\/wp-content\/uploads\/2025\/11\/Mauro-Salinas-director-IND-destaca-el-aporte-de-esta-infraestructura-.mp3?_=3\" \/><a href=\"https:\/\/municipalidadpucon.cl\/wp-content\/uploads\/2025\/11\/Mauro-Salinas-director-IND-destaca-el-aporte-de-esta-infraestructura-.mp3\">https:\/\/municipalidadpucon.cl\/wp-content\/uploads\/2025\/11\/Mauro-Salinas-director-IND-destaca-el-aporte-de-esta-infraestructura-.mp3<\/a><\/audio>\n<p>La autoridad regional destac\u00f3 que el objetivo del IND es apoyar, con este tipo de infraestructura, \u201cel deporte de alto rendimiento y el deporte competitivo, pero tambi\u00e9n tiene un fin social, para poder llegar a la mayor cantidad de vecinas y vecinos de nuestra Regi\u00f3n y ofrecerles una infraestructura que permita que puedan acercarse al deporte o a la actividad f\u00edsica\u201d.<\/p>\n<p><img decoding=\"async\" class=\"alignnone size-medium wp-image-57253\" src=\"https:\/\/municipalidadpucon.cl\/wp-content\/uploads\/2025\/11\/7-3-300x225.jpg\" alt=\"\" width=\"300\" height=\"225\" srcset=\"https:\/\/municipalidadpucon.cl\/wp-content\/uploads\/2025\/11\/7-3-200x150.jpg 200w, https:\/\/municipalidadpucon.cl\/wp-content\/uploads\/2025\/11\/7-3-300x225.jpg 300w, https:\/\/municipalidadpucon.cl\/wp-content\/uploads\/2025\/11\/7-3-400x300.jpg 400w, https:\/\/municipalidadpucon.cl\/wp-content\/uploads\/2025\/11\/7-3-600x450.jpg 600w, https:\/\/municipalidadpucon.cl\/wp-content\/uploads\/2025\/11\/7-3-768x576.jpg 768w, https:\/\/municipalidadpucon.cl\/wp-content\/uploads\/2025\/11\/7-3-800x600.jpg 800w, https:\/\/municipalidadpucon.cl\/wp-content\/uploads\/2025\/11\/7-3-1024x768.jpg 1024w, https:\/\/municipalidadpucon.cl\/wp-content\/uploads\/2025\/11\/7-3-1200x900.jpg 1200w, https:\/\/municipalidadpucon.cl\/wp-content\/uploads\/2025\/11\/7-3-scaled.jpg 1300w, https:\/\/municipalidadpucon.cl\/wp-content\/uploads\/2025\/11\/7-3-1536x1152.jpg 1536w\" sizes=\"(max-width: 300px) 100vw, 300px\" \/> <img decoding=\"async\" class=\"alignnone size-medium wp-image-57254\" src=\"https:\/\/municipalidadpucon.cl\/wp-content\/uploads\/2025\/11\/8-2-300x225.jpg\" alt=\"\" width=\"300\" height=\"225\" srcset=\"https:\/\/municipalidadpucon.cl\/wp-content\/uploads\/2025\/11\/8-2-200x150.jpg 200w, https:\/\/municipalidadpucon.cl\/wp-content\/uploads\/2025\/11\/8-2-300x225.jpg 300w, https:\/\/municipalidadpucon.cl\/wp-content\/uploads\/2025\/11\/8-2-400x300.jpg 400w, https:\/\/municipalidadpucon.cl\/wp-content\/uploads\/2025\/11\/8-2-600x450.jpg 600w, https:\/\/municipalidadpucon.cl\/wp-content\/uploads\/2025\/11\/8-2-768x576.jpg 768w, https:\/\/municipalidadpucon.cl\/wp-content\/uploads\/2025\/11\/8-2-800x600.jpg 800w, https:\/\/municipalidadpucon.cl\/wp-content\/uploads\/2025\/11\/8-2-1024x768.jpg 1024w, https:\/\/municipalidadpucon.cl\/wp-content\/uploads\/2025\/11\/8-2-1200x900.jpg 1200w, https:\/\/municipalidadpucon.cl\/wp-content\/uploads\/2025\/11\/8-2-scaled.jpg 1300w, https:\/\/municipalidadpucon.cl\/wp-content\/uploads\/2025\/11\/8-2-1536x1152.jpg 1536w\" sizes=\"(max-width: 300px) 100vw, 300px\" \/> <img decoding=\"async\" class=\"alignnone size-medium wp-image-57255\" src=\"https:\/\/municipalidadpucon.cl\/wp-content\/uploads\/2025\/11\/9-2-300x225.jpg\" alt=\"\" width=\"300\" height=\"225\" srcset=\"https:\/\/municipalidadpucon.cl\/wp-content\/uploads\/2025\/11\/9-2-200x150.jpg 200w, https:\/\/municipalidadpucon.cl\/wp-content\/uploads\/2025\/11\/9-2-300x225.jpg 300w, https:\/\/municipalidadpucon.cl\/wp-content\/uploads\/2025\/11\/9-2-400x300.jpg 400w, https:\/\/municipalidadpucon.cl\/wp-content\/uploads\/2025\/11\/9-2-600x450.jpg 600w, https:\/\/municipalidadpucon.cl\/wp-content\/uploads\/2025\/11\/9-2-768x576.jpg 768w, https:\/\/municipalidadpucon.cl\/wp-content\/uploads\/2025\/11\/9-2-800x600.jpg 800w, https:\/\/municipalidadpucon.cl\/wp-content\/uploads\/2025\/11\/9-2-1024x768.jpg 1024w, https:\/\/municipalidadpucon.cl\/wp-content\/uploads\/2025\/11\/9-2-1200x900.jpg 1200w, https:\/\/municipalidadpucon.cl\/wp-content\/uploads\/2025\/11\/9-2-scaled.jpg 1300w, https:\/\/municipalidadpucon.cl\/wp-content\/uploads\/2025\/11\/9-2-1536x1152.jpg 1536w\" sizes=\"(max-width: 300px) 100vw, 300px\" \/> <img decoding=\"async\" class=\"alignnone size-medium wp-image-57256\" src=\"https:\/\/municipalidadpucon.cl\/wp-content\/uploads\/2025\/11\/10-2-300x225.jpg\" alt=\"\" width=\"300\" height=\"225\" srcset=\"https:\/\/municipalidadpucon.cl\/wp-content\/uploads\/2025\/11\/10-2-200x150.jpg 200w, https:\/\/municipalidadpucon.cl\/wp-content\/uploads\/2025\/11\/10-2-300x225.jpg 300w, https:\/\/municipalidadpucon.cl\/wp-content\/uploads\/2025\/11\/10-2-400x300.jpg 400w, https:\/\/municipalidadpucon.cl\/wp-content\/uploads\/2025\/11\/10-2-600x450.jpg 600w, https:\/\/municipalidadpucon.cl\/wp-content\/uploads\/2025\/11\/10-2-768x576.jpg 768w, https:\/\/municipalidadpucon.cl\/wp-content\/uploads\/2025\/11\/10-2-800x600.jpg 800w, https:\/\/municipalidadpucon.cl\/wp-content\/uploads\/2025\/11\/10-2-1024x768.jpg 1024w, https:\/\/municipalidadpucon.cl\/wp-content\/uploads\/2025\/11\/10-2-1200x900.jpg 1200w, https:\/\/municipalidadpucon.cl\/wp-content\/uploads\/2025\/11\/10-2-scaled.jpg 1300w, https:\/\/municipalidadpucon.cl\/wp-content\/uploads\/2025\/11\/10-2-1536x1152.jpg 1536w\" sizes=\"(max-width: 300px) 100vw, 300px\" \/><\/p>\n<p><strong>FUNCIONAMIENTO<\/strong><\/p>\n<p>Con respecto a la administraci\u00f3n de este edificio deportivo dedicado a actividades acu\u00e1ticas durante todo el a\u00f1o, el SECPLAC Alexis Figueroa explic\u00f3 que, una vez superada la actual etapa de la construcci\u00f3n, \u201ca contar del segundo semestre del pr\u00f3ximo a\u00f1o ya vamos a poder entrar en operaci\u00f3n y ver la disponibilidad, porque tenemos que establecer el mecanismo de uso, porque tenemos una gran demanda de deportistas y de gente interesada. Esta es la segunda piscina p\u00fablica y temperada de la Regi\u00f3n, por lo tanto, la demanda que vamos a tener no va a ser menor y tenemos que ver la mejor manera de administrarlo para que todos puedan disfrutar de estas instalaciones\u201d, emplazadas en una superficie de 2 mil 500 metros cuadrados de la siempre tur\u00edstica Puc\u00f3n.<\/p>\n","protected":false},"excerpt":{"rendered":"<p>La segunda alberca temperada y p\u00fablica en La Araucan\u00eda podr\u00eda [&hellip;]<\/p>\n","protected":false},"author":10,"featured_media":57257,"comment_status":"closed","ping_status":"open","sticky":false,"template":"","format":"standard","meta":[],"categories":[3],"tags":[],"_links":{"self":[{"href":"https:\/\/municipalidadpucon.cl\/index.php?rest_route=\/wp\/v2\/posts\/57243"}],"collection":[{"href":"https:\/\/municipalidadpucon.cl\/index.php?rest_route=\/wp\/v2\/posts"}],"about":[{"href":"https:\/\/municipalidadpucon.cl\/index.php?rest_route=\/wp\/v2\/types\/post"}],"author":[{"embeddable":true,"href":"https:\/\/municipalidadpucon.cl\/index.php?rest_route=\/wp\/v2\/users\/10"}],"replies":[{"embeddable":true,"href":"https:\/\/municipalidadpucon.cl\/index.php?rest_route=%2Fwp%2Fv2%2Fcomments&post=57243"}],"version-history":[{"count":1,"href":"https:\/\/municipalidadpucon.cl\/index.php?rest_route=\/wp\/v2\/posts\/57243\/revisions"}],"predecessor-version":[{"id":57258,"href":"https:\/\/municipalidadpucon.cl\/index.php?rest_route=\/wp\/v2\/posts\/57243\/revisions\/57258"}],"wp:featuredmedia":[{"embeddable":true,"href":"https:\/\/municipalidadpucon.cl\/index.php?rest_route=\/wp\/v2\/media\/57257"}],"wp:attachment":[{"href":"https:\/\/municipalidadpucon.cl\/index.php?rest_route=%2Fwp%2Fv2%2Fmedia&parent=57243"}],"wp:term":[{"taxonomy":"category","embeddable":true,"href":"https:\/\/municipalidadpucon.cl\/index.php?rest_route=%2Fwp%2Fv2%2Fcategories&post=57243"},{"taxonomy":"post_tag","embeddable":true,"href":"https:\/\/municipalidadpucon.cl\/index.php?rest_route=%2Fwp%2Fv2%2Ftags&post=57243"}],"curies":[{"name":"wp","href":"https:\/\/api.w.org\/{rel}","templated":true}]}}