{"id":57289,"date":"2025-11-20T09:21:37","date_gmt":"2025-11-20T12:21:37","guid":{"rendered":"https:\/\/municipalidadpucon.cl\/?p=57289"},"modified":"2025-11-20T09:21:37","modified_gmt":"2025-11-20T12:21:37","slug":"se-lanzo-nuevo-medio-de-transporte-amigable-con-el-medioambiente-y-tecnologico","status":"publish","type":"post","link":"https:\/\/municipalidadpucon.cl\/?p=57289","title":{"rendered":"Se lanz\u00f3 nuevo medio de transporte, amigable con el medioambiente y tecnol\u00f3gico"},"content":{"rendered":"<p><em><strong>200 scooters el\u00e9ctricos estar\u00e1n disponibles en 87 sitios, con descuentos para los habitantes locales los primeros dos meses de funcionamiento, un compromiso de permanencia por un a\u00f1o y la obligaci\u00f3n de respetar las leyes del Tr\u00e1nsito, resguardando la seguridad de usuarios y el entorno.<\/strong><\/em><\/p>\n<p><img decoding=\"async\" class=\"alignnone size-medium wp-image-57290\" src=\"https:\/\/municipalidadpucon.cl\/wp-content\/uploads\/2025\/11\/2-10-300x225.jpg\" alt=\"\" width=\"300\" height=\"225\" srcset=\"https:\/\/municipalidadpucon.cl\/wp-content\/uploads\/2025\/11\/2-10-200x150.jpg 200w, https:\/\/municipalidadpucon.cl\/wp-content\/uploads\/2025\/11\/2-10-300x225.jpg 300w, https:\/\/municipalidadpucon.cl\/wp-content\/uploads\/2025\/11\/2-10-400x300.jpg 400w, https:\/\/municipalidadpucon.cl\/wp-content\/uploads\/2025\/11\/2-10-600x450.jpg 600w, https:\/\/municipalidadpucon.cl\/wp-content\/uploads\/2025\/11\/2-10-768x576.jpg 768w, https:\/\/municipalidadpucon.cl\/wp-content\/uploads\/2025\/11\/2-10-800x600.jpg 800w, https:\/\/municipalidadpucon.cl\/wp-content\/uploads\/2025\/11\/2-10-1024x768.jpg 1024w, https:\/\/municipalidadpucon.cl\/wp-content\/uploads\/2025\/11\/2-10-1200x900.jpg 1200w, https:\/\/municipalidadpucon.cl\/wp-content\/uploads\/2025\/11\/2-10-scaled.jpg 1300w, https:\/\/municipalidadpucon.cl\/wp-content\/uploads\/2025\/11\/2-10-1536x1152.jpg 1536w\" sizes=\"(max-width: 300px) 100vw, 300px\" \/> <img decoding=\"async\" class=\"alignnone size-medium wp-image-57291\" src=\"https:\/\/municipalidadpucon.cl\/wp-content\/uploads\/2025\/11\/3-11-300x225.jpg\" alt=\"\" width=\"300\" height=\"225\" srcset=\"https:\/\/municipalidadpucon.cl\/wp-content\/uploads\/2025\/11\/3-11-200x150.jpg 200w, https:\/\/municipalidadpucon.cl\/wp-content\/uploads\/2025\/11\/3-11-300x225.jpg 300w, https:\/\/municipalidadpucon.cl\/wp-content\/uploads\/2025\/11\/3-11-400x300.jpg 400w, https:\/\/municipalidadpucon.cl\/wp-content\/uploads\/2025\/11\/3-11-600x450.jpg 600w, https:\/\/municipalidadpucon.cl\/wp-content\/uploads\/2025\/11\/3-11-768x576.jpg 768w, https:\/\/municipalidadpucon.cl\/wp-content\/uploads\/2025\/11\/3-11-800x600.jpg 800w, https:\/\/municipalidadpucon.cl\/wp-content\/uploads\/2025\/11\/3-11-1024x768.jpg 1024w, https:\/\/municipalidadpucon.cl\/wp-content\/uploads\/2025\/11\/3-11-1200x900.jpg 1200w, https:\/\/municipalidadpucon.cl\/wp-content\/uploads\/2025\/11\/3-11-scaled.jpg 1300w, https:\/\/municipalidadpucon.cl\/wp-content\/uploads\/2025\/11\/3-11-1536x1152.jpg 1536w\" sizes=\"(max-width: 300px) 100vw, 300px\" \/> <img decoding=\"async\" class=\"alignnone size-medium wp-image-57292\" src=\"https:\/\/municipalidadpucon.cl\/wp-content\/uploads\/2025\/11\/4-10-300x225.jpg\" alt=\"\" width=\"300\" height=\"225\" srcset=\"https:\/\/municipalidadpucon.cl\/wp-content\/uploads\/2025\/11\/4-10-200x150.jpg 200w, https:\/\/municipalidadpucon.cl\/wp-content\/uploads\/2025\/11\/4-10-300x225.jpg 300w, https:\/\/municipalidadpucon.cl\/wp-content\/uploads\/2025\/11\/4-10-400x300.jpg 400w, https:\/\/municipalidadpucon.cl\/wp-content\/uploads\/2025\/11\/4-10-600x450.jpg 600w, https:\/\/municipalidadpucon.cl\/wp-content\/uploads\/2025\/11\/4-10-768x576.jpg 768w, https:\/\/municipalidadpucon.cl\/wp-content\/uploads\/2025\/11\/4-10-800x600.jpg 800w, https:\/\/municipalidadpucon.cl\/wp-content\/uploads\/2025\/11\/4-10-1024x768.jpg 1024w, https:\/\/municipalidadpucon.cl\/wp-content\/uploads\/2025\/11\/4-10-1200x900.jpg 1200w, https:\/\/municipalidadpucon.cl\/wp-content\/uploads\/2025\/11\/4-10-scaled.jpg 1300w, https:\/\/municipalidadpucon.cl\/wp-content\/uploads\/2025\/11\/4-10-1536x1152.jpg 1536w\" sizes=\"(max-width: 300px) 100vw, 300px\" \/> <img decoding=\"async\" class=\"alignnone size-medium wp-image-57293\" src=\"https:\/\/municipalidadpucon.cl\/wp-content\/uploads\/2025\/11\/5-9-300x225.jpg\" alt=\"\" width=\"300\" height=\"225\" srcset=\"https:\/\/municipalidadpucon.cl\/wp-content\/uploads\/2025\/11\/5-9-200x150.jpg 200w, https:\/\/municipalidadpucon.cl\/wp-content\/uploads\/2025\/11\/5-9-300x225.jpg 300w, https:\/\/municipalidadpucon.cl\/wp-content\/uploads\/2025\/11\/5-9-400x300.jpg 400w, https:\/\/municipalidadpucon.cl\/wp-content\/uploads\/2025\/11\/5-9-600x450.jpg 600w, https:\/\/municipalidadpucon.cl\/wp-content\/uploads\/2025\/11\/5-9-768x576.jpg 768w, https:\/\/municipalidadpucon.cl\/wp-content\/uploads\/2025\/11\/5-9-800x600.jpg 800w, https:\/\/municipalidadpucon.cl\/wp-content\/uploads\/2025\/11\/5-9-1024x768.jpg 1024w, https:\/\/municipalidadpucon.cl\/wp-content\/uploads\/2025\/11\/5-9-1200x900.jpg 1200w, https:\/\/municipalidadpucon.cl\/wp-content\/uploads\/2025\/11\/5-9-scaled.jpg 1300w, https:\/\/municipalidadpucon.cl\/wp-content\/uploads\/2025\/11\/5-9-1536x1152.jpg 1536w\" sizes=\"(max-width: 300px) 100vw, 300px\" \/><\/p>\n<p>La siempre tur\u00edstica comuna de Puc\u00f3n a partir de esta semana cuenta con un nuevo sistema de transporte p\u00fablico -pagado, tecnol\u00f3gico y amigable con el medioambiente-, el que consiste en scooters el\u00e9ctricos que la empresa internacional Whoosh ya inaugur\u00f3 en una ceremonia realizada en el Paseo Hermenilda Hott, junto al sector de La Poza de la urbe lacustre, que de manera in\u00e9dita suma este sistema de transporte exclusivo para mayores de 18 a\u00f1os y con la exigencia de seguridad as\u00ed como con el debido respeto a la Ley de Tr\u00e1nsito.<\/p>\n<p>En este \u00faltimo punto, se exige el manejo a una sola persona por scooter, siempre con casco y por ciclov\u00edas o espacios alejados de la circulaci\u00f3n de veh\u00edculos motorizados.<\/p>\n<p><strong>ALTERNATIVA DE TRANSPORTE<\/strong><\/p>\n<p>\u201cEstamos trabajando por hacer que Puc\u00f3n sea una comuna peatonal\u201d, indic\u00f3 en el momento de la puesta en marcha de los scooters el\u00e9ctricos en Puc\u00f3n, el alcalde de la comuna Sebasti\u00e1n \u00c1lvarez, quien recalc\u00f3 que \u201cen este caso puntual estamos innovando, incorporando tecnolog\u00eda. Adem\u00e1s, estos son sistemas que se est\u00e1n utilizando en otras ciudades de nuestro pa\u00eds -como Temuco y Padre Las Casas-, donde se ha ido familiarizando esta costumbre y la responsabilidad por parte del usuario\u201d.<\/p>\n<!--[if lt IE 9]><script>document.createElement('audio');<\/script><![endif]-->\n<audio class=\"wp-audio-shortcode\" id=\"audio-57289-1\" preload=\"none\" style=\"width: 100%;\" controls=\"controls\"><source type=\"audio\/mpeg\" src=\"https:\/\/municipalidadpucon.cl\/wp-content\/uploads\/2025\/11\/Alcalde-Sebastian-Alvarez-destaca-un-nuevo-medio-de-trasnporte-ecologico-.mp3?_=1\" \/><a href=\"https:\/\/municipalidadpucon.cl\/wp-content\/uploads\/2025\/11\/Alcalde-Sebastian-Alvarez-destaca-un-nuevo-medio-de-trasnporte-ecologico-.mp3\">https:\/\/municipalidadpucon.cl\/wp-content\/uploads\/2025\/11\/Alcalde-Sebastian-Alvarez-destaca-un-nuevo-medio-de-trasnporte-ecologico-.mp3<\/a><\/audio>\n<p>En relaci\u00f3n con ello, el suboficial mayor de Carabineros, Luis Larra\u00f1aga, encargado de la Oficina de Integraci\u00f3n Comunitaria, explic\u00f3 que \u201cla idea es la seguridad y andar con sus cascos\u201d. La autoridad policial aclar\u00f3 que \u201cpara este tipo de veh\u00edculos no se requiere licencia, porque los scooters tienen una velocidad de hasta 25 kil\u00f3metros por hora y una potencia de 250 kilowatts\u201d.<\/p>\n<audio class=\"wp-audio-shortcode\" id=\"audio-57289-2\" preload=\"none\" style=\"width: 100%;\" controls=\"controls\"><source type=\"audio\/mpeg\" src=\"https:\/\/municipalidadpucon.cl\/wp-content\/uploads\/2025\/11\/Suboficial-Luis-Larranaga-encargado-oficina-Integracion-Comunitaria-Carabineros-.mp3?_=2\" \/><a href=\"https:\/\/municipalidadpucon.cl\/wp-content\/uploads\/2025\/11\/Suboficial-Luis-Larranaga-encargado-oficina-Integracion-Comunitaria-Carabineros-.mp3\">https:\/\/municipalidadpucon.cl\/wp-content\/uploads\/2025\/11\/Suboficial-Luis-Larranaga-encargado-oficina-Integracion-Comunitaria-Carabineros-.mp3<\/a><\/audio>\n<p><img decoding=\"async\" class=\"alignnone size-medium wp-image-57296\" src=\"https:\/\/municipalidadpucon.cl\/wp-content\/uploads\/2025\/11\/7-6-300x225.jpg\" alt=\"\" width=\"300\" height=\"225\" srcset=\"https:\/\/municipalidadpucon.cl\/wp-content\/uploads\/2025\/11\/7-6-200x150.jpg 200w, https:\/\/municipalidadpucon.cl\/wp-content\/uploads\/2025\/11\/7-6-300x225.jpg 300w, https:\/\/municipalidadpucon.cl\/wp-content\/uploads\/2025\/11\/7-6-400x300.jpg 400w, https:\/\/municipalidadpucon.cl\/wp-content\/uploads\/2025\/11\/7-6-600x450.jpg 600w, https:\/\/municipalidadpucon.cl\/wp-content\/uploads\/2025\/11\/7-6-768x576.jpg 768w, https:\/\/municipalidadpucon.cl\/wp-content\/uploads\/2025\/11\/7-6-800x600.jpg 800w, https:\/\/municipalidadpucon.cl\/wp-content\/uploads\/2025\/11\/7-6-1024x768.jpg 1024w, https:\/\/municipalidadpucon.cl\/wp-content\/uploads\/2025\/11\/7-6-1200x900.jpg 1200w, https:\/\/municipalidadpucon.cl\/wp-content\/uploads\/2025\/11\/7-6-scaled.jpg 1300w, https:\/\/municipalidadpucon.cl\/wp-content\/uploads\/2025\/11\/7-6-1536x1152.jpg 1536w\" sizes=\"(max-width: 300px) 100vw, 300px\" \/><\/p>\n<p><strong>EVENTUALES SANCIONES<\/strong><\/p>\n<p>El suboficial de Carabineros, consultado si la mala utilizaci\u00f3n de este medio puede llevar a sanciones, aclar\u00f3 que \u201csi se participa en un eventual accidente de tr\u00e1nsito o, no s\u00e9, se atropella a alg\u00fan peat\u00f3n, se dar\u00e1 cuenta correspondiente al Juez de Polic\u00eda Local. Ah\u00ed ser\u00e1 materia del Juez la aplicaci\u00f3n de la multa que aplica. Por eso hay que circular con mucho cuidado y respetar la norma del tr\u00e1nsito, que es lo principal\u201d.<\/p>\n<p>Por lo anterior, \u201cnuestro llamado es a la conciencia y a la responsabilidad en los usuarios, para que \u00e9ste sea un servicio de transporte accesible y para todos los que nos tenemos que movilizar de un lado a otro del per\u00edmetro c\u00e9ntrico de Puc\u00f3n, porque es un medio de transporte. Hay que tomarlo de esa manera, y los conductores tienen que entender que utilizan un medio de transporte en espacios p\u00fablicos, por lo tanto, deben tener responsabilidad y conciencia en el uso\u201d, recalc\u00f3 la primera autoridad puconina, Sebasti\u00e1n \u00c1lvarez.<\/p>\n<p><img decoding=\"async\" class=\"alignnone size-medium wp-image-57297\" src=\"https:\/\/municipalidadpucon.cl\/wp-content\/uploads\/2025\/11\/6-9-300x225.jpg\" alt=\"\" width=\"300\" height=\"225\" srcset=\"https:\/\/municipalidadpucon.cl\/wp-content\/uploads\/2025\/11\/6-9-200x150.jpg 200w, https:\/\/municipalidadpucon.cl\/wp-content\/uploads\/2025\/11\/6-9-300x225.jpg 300w, https:\/\/municipalidadpucon.cl\/wp-content\/uploads\/2025\/11\/6-9-400x300.jpg 400w, https:\/\/municipalidadpucon.cl\/wp-content\/uploads\/2025\/11\/6-9-600x450.jpg 600w, https:\/\/municipalidadpucon.cl\/wp-content\/uploads\/2025\/11\/6-9-768x576.jpg 768w, https:\/\/municipalidadpucon.cl\/wp-content\/uploads\/2025\/11\/6-9-800x600.jpg 800w, https:\/\/municipalidadpucon.cl\/wp-content\/uploads\/2025\/11\/6-9-1024x768.jpg 1024w, https:\/\/municipalidadpucon.cl\/wp-content\/uploads\/2025\/11\/6-9-1200x900.jpg 1200w, https:\/\/municipalidadpucon.cl\/wp-content\/uploads\/2025\/11\/6-9-scaled.jpg 1300w, https:\/\/municipalidadpucon.cl\/wp-content\/uploads\/2025\/11\/6-9-1536x1152.jpg 1536w\" sizes=\"(max-width: 300px) 100vw, 300px\" \/> <img decoding=\"async\" class=\"alignnone size-medium wp-image-57298\" src=\"https:\/\/municipalidadpucon.cl\/wp-content\/uploads\/2025\/11\/8-5-300x225.jpg\" alt=\"\" width=\"300\" height=\"225\" srcset=\"https:\/\/municipalidadpucon.cl\/wp-content\/uploads\/2025\/11\/8-5-200x150.jpg 200w, https:\/\/municipalidadpucon.cl\/wp-content\/uploads\/2025\/11\/8-5-300x225.jpg 300w, https:\/\/municipalidadpucon.cl\/wp-content\/uploads\/2025\/11\/8-5-400x300.jpg 400w, https:\/\/municipalidadpucon.cl\/wp-content\/uploads\/2025\/11\/8-5-600x450.jpg 600w, https:\/\/municipalidadpucon.cl\/wp-content\/uploads\/2025\/11\/8-5-768x576.jpg 768w, https:\/\/municipalidadpucon.cl\/wp-content\/uploads\/2025\/11\/8-5-800x600.jpg 800w, https:\/\/municipalidadpucon.cl\/wp-content\/uploads\/2025\/11\/8-5-1024x768.jpg 1024w, https:\/\/municipalidadpucon.cl\/wp-content\/uploads\/2025\/11\/8-5-1200x900.jpg 1200w, https:\/\/municipalidadpucon.cl\/wp-content\/uploads\/2025\/11\/8-5-scaled.jpg 1300w, https:\/\/municipalidadpucon.cl\/wp-content\/uploads\/2025\/11\/8-5-1536x1152.jpg 1536w\" sizes=\"(max-width: 300px) 100vw, 300px\" \/><\/p>\n<p><strong>VALORES Y TURISMO<\/strong><\/p>\n<p>La internacional empresa a cargo del sistema destac\u00f3 que en los dos meses iniciales de funcionamiento los habitantes de Puc\u00f3n tendr\u00e1n un descuento del 15 por ciento.<\/p>\n<p>\u201cEl costo del viaje tiene dos cobros, uno que es el desbloqueo del equipo y el otro que es por minuto. El desbloqueo va entre los $400 y $500, y el uso va entre los $150 y $220 por minuto, dependiendo de la demanda del servicio, porque son tarifas din\u00e1micas\u201d, explic\u00f3 Bernardo Barros, country manager de Whoosh, quien detall\u00f3 que \u201cpor lo general son entre nueve y diez minutos los viajes, o sea el viaje promedio sale como $1.800 \u00f3 $1.900 que estar\u00e1n siempre operativos 24-7 en la ciudad\u201d.<\/p>\n<audio class=\"wp-audio-shortcode\" id=\"audio-57289-3\" preload=\"none\" style=\"width: 100%;\" controls=\"controls\"><source type=\"audio\/mpeg\" src=\"https:\/\/municipalidadpucon.cl\/wp-content\/uploads\/2025\/11\/Bernardo-Barros-country-manager-para-Woosh-en-Chile-.mp3?_=3\" \/><a href=\"https:\/\/municipalidadpucon.cl\/wp-content\/uploads\/2025\/11\/Bernardo-Barros-country-manager-para-Woosh-en-Chile-.mp3\">https:\/\/municipalidadpucon.cl\/wp-content\/uploads\/2025\/11\/Bernardo-Barros-country-manager-para-Woosh-en-Chile-.mp3<\/a><\/audio>\n<p><img decoding=\"async\" class=\"alignnone size-medium wp-image-57300\" src=\"https:\/\/municipalidadpucon.cl\/wp-content\/uploads\/2025\/11\/9-4-300x225.jpg\" alt=\"\" width=\"300\" height=\"225\" srcset=\"https:\/\/municipalidadpucon.cl\/wp-content\/uploads\/2025\/11\/9-4-200x150.jpg 200w, https:\/\/municipalidadpucon.cl\/wp-content\/uploads\/2025\/11\/9-4-300x225.jpg 300w, https:\/\/municipalidadpucon.cl\/wp-content\/uploads\/2025\/11\/9-4-400x300.jpg 400w, https:\/\/municipalidadpucon.cl\/wp-content\/uploads\/2025\/11\/9-4-600x450.jpg 600w, https:\/\/municipalidadpucon.cl\/wp-content\/uploads\/2025\/11\/9-4-768x576.jpg 768w, https:\/\/municipalidadpucon.cl\/wp-content\/uploads\/2025\/11\/9-4-800x600.jpg 800w, https:\/\/municipalidadpucon.cl\/wp-content\/uploads\/2025\/11\/9-4-1024x768.jpg 1024w, https:\/\/municipalidadpucon.cl\/wp-content\/uploads\/2025\/11\/9-4-1200x900.jpg 1200w, https:\/\/municipalidadpucon.cl\/wp-content\/uploads\/2025\/11\/9-4-scaled.jpg 1300w, https:\/\/municipalidadpucon.cl\/wp-content\/uploads\/2025\/11\/9-4-1536x1152.jpg 1536w\" sizes=\"(max-width: 300px) 100vw, 300px\" \/> <img decoding=\"async\" class=\"alignnone size-medium wp-image-57301\" src=\"https:\/\/municipalidadpucon.cl\/wp-content\/uploads\/2025\/11\/10-4-300x225.jpg\" alt=\"\" width=\"300\" height=\"225\" srcset=\"https:\/\/municipalidadpucon.cl\/wp-content\/uploads\/2025\/11\/10-4-200x150.jpg 200w, https:\/\/municipalidadpucon.cl\/wp-content\/uploads\/2025\/11\/10-4-300x225.jpg 300w, https:\/\/municipalidadpucon.cl\/wp-content\/uploads\/2025\/11\/10-4-400x300.jpg 400w, https:\/\/municipalidadpucon.cl\/wp-content\/uploads\/2025\/11\/10-4-600x450.jpg 600w, https:\/\/municipalidadpucon.cl\/wp-content\/uploads\/2025\/11\/10-4-768x576.jpg 768w, https:\/\/municipalidadpucon.cl\/wp-content\/uploads\/2025\/11\/10-4-800x600.jpg 800w, https:\/\/municipalidadpucon.cl\/wp-content\/uploads\/2025\/11\/10-4-1024x768.jpg 1024w, https:\/\/municipalidadpucon.cl\/wp-content\/uploads\/2025\/11\/10-4-1200x900.jpg 1200w, https:\/\/municipalidadpucon.cl\/wp-content\/uploads\/2025\/11\/10-4-scaled.jpg 1300w, https:\/\/municipalidadpucon.cl\/wp-content\/uploads\/2025\/11\/10-4-1536x1152.jpg 1536w\" sizes=\"(max-width: 300px) 100vw, 300px\" \/><\/p>\n<p>Sobre el aporte tur\u00edstico que tendr\u00e1n estos scooters en la zona, J\u00e9ssica Fern\u00e1ndez, presidenta del ASETUR AG y del Convention Bureau, adem\u00e1s de vicepresidenta de la Corporaci\u00f3n de Turismo de Puc\u00f3n, coment\u00f3 que \u201cme parece fenomenal que lleguen en esta fecha, precisamente, y no en pleno verano, para poder involucrar tambi\u00e9n a la gente local y que participen del uso de este medio de transporte\u201d. A decir de la dirigente del turismo local \u201cyo creo que para el turista va a ser muy llamativo, puesto que esto ya es usual en las grandes ciudades. Es un medio de locomoci\u00f3n y como todo transporte, hay que respetar las normas del tr\u00e1nsito. Siempre que sea un aporte para el turismo, todo es bienvenido; adem\u00e1s que es ecol\u00f3gico\u201d, sentenci\u00f3 Fern\u00e1ndez.<\/p>\n<audio class=\"wp-audio-shortcode\" id=\"audio-57289-4\" preload=\"none\" style=\"width: 100%;\" controls=\"controls\"><source type=\"audio\/mpeg\" src=\"https:\/\/municipalidadpucon.cl\/wp-content\/uploads\/2025\/11\/Jessica-Fdez-Pdta-Asetur-AG-Convention-Bureau-y-vice-Corporacion-Turismo-.mp3?_=4\" \/><a href=\"https:\/\/municipalidadpucon.cl\/wp-content\/uploads\/2025\/11\/Jessica-Fdez-Pdta-Asetur-AG-Convention-Bureau-y-vice-Corporacion-Turismo-.mp3\">https:\/\/municipalidadpucon.cl\/wp-content\/uploads\/2025\/11\/Jessica-Fdez-Pdta-Asetur-AG-Convention-Bureau-y-vice-Corporacion-Turismo-.mp3<\/a><\/audio>\n","protected":false},"excerpt":{"rendered":"<p>200 scooters el\u00e9ctricos estar\u00e1n disponibles en 87 sitios, con descuentos [&hellip;]<\/p>\n","protected":false},"author":10,"featured_media":57303,"comment_status":"closed","ping_status":"open","sticky":false,"template":"","format":"standard","meta":[],"categories":[98,3],"tags":[],"_links":{"self":[{"href":"https:\/\/municipalidadpucon.cl\/index.php?rest_route=\/wp\/v2\/posts\/57289"}],"collection":[{"href":"https:\/\/municipalidadpucon.cl\/index.php?rest_route=\/wp\/v2\/posts"}],"about":[{"href":"https:\/\/municipalidadpucon.cl\/index.php?rest_route=\/wp\/v2\/types\/post"}],"author":[{"embeddable":true,"href":"https:\/\/municipalidadpucon.cl\/index.php?rest_route=\/wp\/v2\/users\/10"}],"replies":[{"embeddable":true,"href":"https:\/\/municipalidadpucon.cl\/index.php?rest_route=%2Fwp%2Fv2%2Fcomments&post=57289"}],"version-history":[{"count":1,"href":"https:\/\/municipalidadpucon.cl\/index.php?rest_route=\/wp\/v2\/posts\/57289\/revisions"}],"predecessor-version":[{"id":57304,"href":"https:\/\/municipalidadpucon.cl\/index.php?rest_route=\/wp\/v2\/posts\/57289\/revisions\/57304"}],"wp:featuredmedia":[{"embeddable":true,"href":"https:\/\/municipalidadpucon.cl\/index.php?rest_route=\/wp\/v2\/media\/57303"}],"wp:attachment":[{"href":"https:\/\/municipalidadpucon.cl\/index.php?rest_route=%2Fwp%2Fv2%2Fmedia&parent=57289"}],"wp:term":[{"taxonomy":"category","embeddable":true,"href":"https:\/\/municipalidadpucon.cl\/index.php?rest_route=%2Fwp%2Fv2%2Fcategories&post=57289"},{"taxonomy":"post_tag","embeddable":true,"href":"https:\/\/municipalidadpucon.cl\/index.php?rest_route=%2Fwp%2Fv2%2Ftags&post=57289"}],"curies":[{"name":"wp","href":"https:\/\/api.w.org\/{rel}","templated":true}]}}