{"id":57324,"date":"2025-11-21T10:00:19","date_gmt":"2025-11-21T13:00:19","guid":{"rendered":"https:\/\/municipalidadpucon.cl\/?p=57324"},"modified":"2025-11-21T10:00:19","modified_gmt":"2025-11-21T13:00:19","slug":"administracion-municipal-detecta-comodatos-abandonados-por-anos-en-la-zona","status":"publish","type":"post","link":"https:\/\/municipalidadpucon.cl\/?p=57324","title":{"rendered":"Administraci\u00f3n municipal detecta comodatos abandonados por a\u00f1os en la zona"},"content":{"rendered":"<p><em><strong>En el \u00faltimo Concejo, y por solicitud de su presidente, el alcalde Sebasti\u00e1n \u00c1lvarez, se ratific\u00f3 que un 33 por ciento de terrenos p\u00fablicos se encuentran vencidos y dos revocados; mientras 36 est\u00e1n vigentes, aunque con notorios d\u00e9ficits de responsabilidad de la administraci\u00f3n municipal del exalcalde Carlos Barra y que la actual est\u00e1 corrigiendo.<\/strong><\/em><\/p>\n<p><img decoding=\"async\" class=\"size-medium wp-image-57325 aligncenter\" src=\"https:\/\/municipalidadpucon.cl\/wp-content\/uploads\/2025\/11\/2-12-300x185.jpg\" alt=\"\" width=\"300\" height=\"185\" srcset=\"https:\/\/municipalidadpucon.cl\/wp-content\/uploads\/2025\/11\/2-12-200x124.jpg 200w, https:\/\/municipalidadpucon.cl\/wp-content\/uploads\/2025\/11\/2-12-300x185.jpg 300w, https:\/\/municipalidadpucon.cl\/wp-content\/uploads\/2025\/11\/2-12-400x247.jpg 400w, https:\/\/municipalidadpucon.cl\/wp-content\/uploads\/2025\/11\/2-12-600x371.jpg 600w, https:\/\/municipalidadpucon.cl\/wp-content\/uploads\/2025\/11\/2-12-768x474.jpg 768w, https:\/\/municipalidadpucon.cl\/wp-content\/uploads\/2025\/11\/2-12-800x494.jpg 800w, https:\/\/municipalidadpucon.cl\/wp-content\/uploads\/2025\/11\/2-12.jpg 1004w\" sizes=\"(max-width: 300px) 100vw, 300px\" \/><\/p>\n<p>En el marco de lo que se conoce como \u201cmensaje del Alcalde\u201d, en el m\u00e1s reciente Concejo Municipal de Puc\u00f3n, sesi\u00f3n N\u00b035, se conoci\u00f3 el dram\u00e1tico estado en el que se encuentran los comodatos de terrenos p\u00fablicos de la comuna, confirm\u00e1ndose un evidente e hist\u00f3rico estado de abandono de sitios que debieran tener una \u00f3ptima utilizaci\u00f3n para beneficio de los habitantes de la urbe lacustre.<\/p>\n<p>Los datos recabados concluyen que existen 59 comodatos municipales, tres muebles y 56 inmuebles, de los cuales 36 se encuentran vigentes, 21 est\u00e1n vencidos y dos revocados, todo lo cual se pudo consolidar a partir de un trabajo extenso, pero que ahora, en la actual administraci\u00f3n municipal est\u00e1 en pleno desarrollo.<\/p>\n<p><strong>PROBLEMAS HIST\u00d3RICOS \u00a0<\/strong><\/p>\n<p>Por ello, es que situaciones como la inexistencia de protocolos, para resguardo de los comodatos; ausencia de seguimiento y fiscalizaciones; vencimientos por falta de gesti\u00f3n; discrepancias entre metrajes otorgados y ocupaciones reales; errores tipogr\u00e1ficos en los roles de las propiedades y tambi\u00e9n el uso de comodatos para actividades lucrativas, fueron s\u00f3lo algunos de los d\u00e9ficits detectados. Todo lo anterior, se insisti\u00f3, de responsabilidad de la anterior administraci\u00f3n municipal del exedil Carlos Barra.<\/p>\n<p>Lo evidenciado se detect\u00f3 en una labor realizada durante los \u00faltimos cuatro meses, a cargo de la Oficina de Ordenamiento Territorial, dependiente de la Secretar\u00eda de Planificaci\u00f3n (SECPLAC) del Municipio puconino.<\/p>\n<p>\u201cEl tema de los comodatos municipales, surge porque hemos recibido una gran solicitud de parte de distintas organizaciones de usuarios, porque quieren comodatar terrenos municipales\u201d, justific\u00f3 el alcalde de la comuna de Puc\u00f3n, Sebasti\u00e1n \u00c1lvarez.<\/p>\n<!--[if lt IE 9]><script>document.createElement('audio');<\/script><![endif]-->\n<audio class=\"wp-audio-shortcode\" id=\"audio-57324-1\" preload=\"none\" style=\"width: 100%;\" controls=\"controls\"><source type=\"audio\/mpeg\" src=\"https:\/\/municipalidadpucon.cl\/wp-content\/uploads\/2025\/11\/Alcalde-Sebastian-Alvarez-explica-el-origen-del-informe-por-Comodatos-.mp3?_=1\" \/><a href=\"https:\/\/municipalidadpucon.cl\/wp-content\/uploads\/2025\/11\/Alcalde-Sebastian-Alvarez-explica-el-origen-del-informe-por-Comodatos-.mp3\">https:\/\/municipalidadpucon.cl\/wp-content\/uploads\/2025\/11\/Alcalde-Sebastian-Alvarez-explica-el-origen-del-informe-por-Comodatos-.mp3<\/a><\/audio>\n<p><img decoding=\"async\" class=\"alignnone size-medium wp-image-57327\" src=\"https:\/\/municipalidadpucon.cl\/wp-content\/uploads\/2025\/11\/3-13-225x300.jpg\" alt=\"\" width=\"225\" height=\"300\" srcset=\"https:\/\/municipalidadpucon.cl\/wp-content\/uploads\/2025\/11\/3-13-200x267.jpg 200w, https:\/\/municipalidadpucon.cl\/wp-content\/uploads\/2025\/11\/3-13-225x300.jpg 225w, https:\/\/municipalidadpucon.cl\/wp-content\/uploads\/2025\/11\/3-13-400x533.jpg 400w, https:\/\/municipalidadpucon.cl\/wp-content\/uploads\/2025\/11\/3-13-600x800.jpg 600w, https:\/\/municipalidadpucon.cl\/wp-content\/uploads\/2025\/11\/3-13-768x1024.jpg 768w, https:\/\/municipalidadpucon.cl\/wp-content\/uploads\/2025\/11\/3-13-800x1067.jpg 800w, https:\/\/municipalidadpucon.cl\/wp-content\/uploads\/2025\/11\/3-13-scaled.jpg 975w, https:\/\/municipalidadpucon.cl\/wp-content\/uploads\/2025\/11\/3-13-1152x1536.jpg 1152w, https:\/\/municipalidadpucon.cl\/wp-content\/uploads\/2025\/11\/3-13-1200x1600.jpg 1200w, https:\/\/municipalidadpucon.cl\/wp-content\/uploads\/2025\/11\/3-13-1536x2048.jpg 1536w\" sizes=\"(max-width: 225px) 100vw, 225px\" \/> <img decoding=\"async\" class=\"alignnone size-medium wp-image-57328\" src=\"https:\/\/municipalidadpucon.cl\/wp-content\/uploads\/2025\/11\/4-12-300x225.jpg\" alt=\"\" width=\"300\" height=\"225\" srcset=\"https:\/\/municipalidadpucon.cl\/wp-content\/uploads\/2025\/11\/4-12-200x150.jpg 200w, https:\/\/municipalidadpucon.cl\/wp-content\/uploads\/2025\/11\/4-12-300x225.jpg 300w, https:\/\/municipalidadpucon.cl\/wp-content\/uploads\/2025\/11\/4-12-400x300.jpg 400w, https:\/\/municipalidadpucon.cl\/wp-content\/uploads\/2025\/11\/4-12-600x450.jpg 600w, https:\/\/municipalidadpucon.cl\/wp-content\/uploads\/2025\/11\/4-12-768x576.jpg 768w, https:\/\/municipalidadpucon.cl\/wp-content\/uploads\/2025\/11\/4-12-800x600.jpg 800w, https:\/\/municipalidadpucon.cl\/wp-content\/uploads\/2025\/11\/4-12-1024x768.jpg 1024w, https:\/\/municipalidadpucon.cl\/wp-content\/uploads\/2025\/11\/4-12-1200x900.jpg 1200w, https:\/\/municipalidadpucon.cl\/wp-content\/uploads\/2025\/11\/4-12-scaled.jpg 1300w, https:\/\/municipalidadpucon.cl\/wp-content\/uploads\/2025\/11\/4-12-1536x1152.jpg 1536w\" sizes=\"(max-width: 300px) 100vw, 300px\" \/><\/p>\n<p><strong>DOCUMENTOS FALTANTES<\/strong><\/p>\n<p>\u201cFue una labor bastante ardua, nos tom\u00f3 cuatro meses alcanzar una masa cr\u00edtica que nos permitiera tener una certeza medianamente clara de los estados de los que estaban los comodatos. El objetivo de la iniciativa fue identificar y caracterizar los bienes municipales, consolidar informaci\u00f3n que ya hab\u00eda sido levantada, recabar registros documentales faltantes, porque hab\u00eda varios registros que no estaban ubicables y establecer un protocolo de actualizaci\u00f3n permanente de la informaci\u00f3n relacionada con los comodatos\u201d, detall\u00f3 el profesional de la Oficina Territorial Municipal, V\u00edctor Riquelme.<\/p>\n<audio class=\"wp-audio-shortcode\" id=\"audio-57324-2\" preload=\"none\" style=\"width: 100%;\" controls=\"controls\"><source type=\"audio\/mpeg\" src=\"https:\/\/municipalidadpucon.cl\/wp-content\/uploads\/2025\/11\/Victor-Riquelme-profesional-Oficina-de-Ordenamiento-Territorial-Muni-Pucon-.mp3?_=2\" \/><a href=\"https:\/\/municipalidadpucon.cl\/wp-content\/uploads\/2025\/11\/Victor-Riquelme-profesional-Oficina-de-Ordenamiento-Territorial-Muni-Pucon-.mp3\">https:\/\/municipalidadpucon.cl\/wp-content\/uploads\/2025\/11\/Victor-Riquelme-profesional-Oficina-de-Ordenamiento-Territorial-Muni-Pucon-.mp3<\/a><\/audio>\n<p><strong>FISCALIZACI\u00d3N<\/strong><\/p>\n<p>En la \u00faltima sesi\u00f3n del Concejo de Puc\u00f3n, si bien se reconoci\u00f3 la existencia de una Ordenanza de Comodatos, se recalc\u00f3 que no existe un reglamento que defina su funcionamiento, por lo cual el propio presidente de esta instancia, el alcalde Sebasti\u00e1n \u00c1lvarez, encomend\u00f3 a la Comisi\u00f3n de Hacienda del Concejo a fiscalizar los procesos de comodatos otorgados por la administraci\u00f3n municipal reci\u00e9n pasada, debido a que \u201cest\u00e1n dentro de los activos fijos de nuestro Municipio\u201d, subray\u00f3 la primera autoridad de la comuna lacustre.<\/p>\n","protected":false},"excerpt":{"rendered":"<p>En el \u00faltimo Concejo, y por solicitud de su presidente, [&hellip;]<\/p>\n","protected":false},"author":10,"featured_media":57330,"comment_status":"closed","ping_status":"open","sticky":false,"template":"","format":"standard","meta":[],"categories":[3],"tags":[],"_links":{"self":[{"href":"https:\/\/municipalidadpucon.cl\/index.php?rest_route=\/wp\/v2\/posts\/57324"}],"collection":[{"href":"https:\/\/municipalidadpucon.cl\/index.php?rest_route=\/wp\/v2\/posts"}],"about":[{"href":"https:\/\/municipalidadpucon.cl\/index.php?rest_route=\/wp\/v2\/types\/post"}],"author":[{"embeddable":true,"href":"https:\/\/municipalidadpucon.cl\/index.php?rest_route=\/wp\/v2\/users\/10"}],"replies":[{"embeddable":true,"href":"https:\/\/municipalidadpucon.cl\/index.php?rest_route=%2Fwp%2Fv2%2Fcomments&post=57324"}],"version-history":[{"count":1,"href":"https:\/\/municipalidadpucon.cl\/index.php?rest_route=\/wp\/v2\/posts\/57324\/revisions"}],"predecessor-version":[{"id":57331,"href":"https:\/\/municipalidadpucon.cl\/index.php?rest_route=\/wp\/v2\/posts\/57324\/revisions\/57331"}],"wp:featuredmedia":[{"embeddable":true,"href":"https:\/\/municipalidadpucon.cl\/index.php?rest_route=\/wp\/v2\/media\/57330"}],"wp:attachment":[{"href":"https:\/\/municipalidadpucon.cl\/index.php?rest_route=%2Fwp%2Fv2%2Fmedia&parent=57324"}],"wp:term":[{"taxonomy":"category","embeddable":true,"href":"https:\/\/municipalidadpucon.cl\/index.php?rest_route=%2Fwp%2Fv2%2Fcategories&post=57324"},{"taxonomy":"post_tag","embeddable":true,"href":"https:\/\/municipalidadpucon.cl\/index.php?rest_route=%2Fwp%2Fv2%2Ftags&post=57324"}],"curies":[{"name":"wp","href":"https:\/\/api.w.org\/{rel}","templated":true}]}}