{"id":57334,"date":"2025-11-24T08:52:14","date_gmt":"2025-11-24T11:52:14","guid":{"rendered":"https:\/\/municipalidadpucon.cl\/?p=57334"},"modified":"2025-11-24T08:59:19","modified_gmt":"2025-11-24T11:59:19","slug":"intensifican-fiscalizaciones-y-multas-por-la-pesca-furtiva-en-sus-aguas","status":"publish","type":"post","link":"https:\/\/municipalidadpucon.cl\/?p=57334","title":{"rendered":"Intensifican fiscalizaciones y multas por la Pesca Furtiva en aguas de Puc\u00f3n"},"content":{"rendered":"<p><em><strong>Coordinaci\u00f3n entre el Municipio, SERNAPESCA, la Armada y Carabineros busca resguardar la principal zona en la que se practica la pesca deportiva, pero tambi\u00e9n se cometen faltas o delitos por no tener licencia, usar el sistema de \u201chuevo\u201d o aparejos ilegales, lo que \u201cpuede costar\u201d m\u00e1s de $400 mil en multas.<\/strong><\/em><\/p>\n<p><img decoding=\"async\" class=\"alignnone size-medium wp-image-57335\" src=\"https:\/\/municipalidadpucon.cl\/wp-content\/uploads\/2025\/11\/2-11-300x274.jpeg\" alt=\"\" width=\"300\" height=\"274\" srcset=\"https:\/\/municipalidadpucon.cl\/wp-content\/uploads\/2025\/11\/2-11-200x183.jpeg 200w, https:\/\/municipalidadpucon.cl\/wp-content\/uploads\/2025\/11\/2-11-300x274.jpeg 300w, https:\/\/municipalidadpucon.cl\/wp-content\/uploads\/2025\/11\/2-11-400x365.jpeg 400w, https:\/\/municipalidadpucon.cl\/wp-content\/uploads\/2025\/11\/2-11-600x548.jpeg 600w, https:\/\/municipalidadpucon.cl\/wp-content\/uploads\/2025\/11\/2-11-768x701.jpeg 768w, https:\/\/municipalidadpucon.cl\/wp-content\/uploads\/2025\/11\/2-11-800x731.jpeg 800w, https:\/\/municipalidadpucon.cl\/wp-content\/uploads\/2025\/11\/2-11.jpeg 900w\" sizes=\"(max-width: 300px) 100vw, 300px\" \/><\/p>\n<p>En la comuna de Puc\u00f3n hace semanas vienen desarroll\u00e1ndose positivas coordinaciones entre instituciones locales y regionales, con el objetivo de una fiscalizaci\u00f3n frontal y efectiva contra la pesca furtiva o ilegal, la que se verifica -cada temporada estival- en los cursos de agua de la zona y por lo cual se desarroll\u00f3 un reciente recorrido, a partir de denuncias que pueden realizarse de manera an\u00f3nima al n\u00famero 800 320 032 o a trav\u00e9s de las redes sociales de la Municipalidad lacustre y del Servicio Nacional de Pesca y Caza (SERNAPESCA).<\/p>\n<p>Previo a ese trabajo, en el frontis del Municipio, el alcalde de la comuna, Sebasti\u00e1n \u00c1lvarez, valor\u00f3 la protecci\u00f3n a la pesca deportiva, por su indiscutible atractivo tur\u00edstico y la labor interinstitucional. \u201cCon SERNAPESCA, en conjunto con Carabineros, la Armada y tambi\u00e9n la Unidad de Turismo del Municipio, estamos trabajando en un calendario de fiscalizaciones para que logremos evitar lo que est\u00e1 pasando hoy d\u00eda sobre nuestros r\u00edos, que es la pesca furtiva\u201d, dijo el edil.<\/p>\n<!--[if lt IE 9]><script>document.createElement('audio');<\/script><![endif]-->\n<audio class=\"wp-audio-shortcode\" id=\"audio-57334-1\" preload=\"none\" style=\"width: 100%;\" controls=\"controls\"><source type=\"audio\/mpeg\" src=\"https:\/\/municipalidadpucon.cl\/wp-content\/uploads\/2025\/11\/Alcalde-Sebastian-Alvarez-destaca-coordinacion-por-la-Peaca-Deportiva-.mp3?_=1\" \/><a href=\"https:\/\/municipalidadpucon.cl\/wp-content\/uploads\/2025\/11\/Alcalde-Sebastian-Alvarez-destaca-coordinacion-por-la-Peaca-Deportiva-.mp3\">https:\/\/municipalidadpucon.cl\/wp-content\/uploads\/2025\/11\/Alcalde-Sebastian-Alvarez-destaca-coordinacion-por-la-Peaca-Deportiva-.mp3<\/a><\/audio>\n<p><img decoding=\"async\" class=\"alignnone size-medium wp-image-57336\" src=\"https:\/\/municipalidadpucon.cl\/wp-content\/uploads\/2025\/11\/3-8-169x300.jpeg\" alt=\"\" width=\"169\" height=\"300\" srcset=\"https:\/\/municipalidadpucon.cl\/wp-content\/uploads\/2025\/11\/3-8-169x300.jpeg 169w, https:\/\/municipalidadpucon.cl\/wp-content\/uploads\/2025\/11\/3-8-200x356.jpeg 200w, https:\/\/municipalidadpucon.cl\/wp-content\/uploads\/2025\/11\/3-8-400x711.jpeg 400w, https:\/\/municipalidadpucon.cl\/wp-content\/uploads\/2025\/11\/3-8-576x1024.jpeg 576w, https:\/\/municipalidadpucon.cl\/wp-content\/uploads\/2025\/11\/3-8-600x1067.jpeg 600w, https:\/\/municipalidadpucon.cl\/wp-content\/uploads\/2025\/11\/3-8-scaled.jpeg 731w, https:\/\/municipalidadpucon.cl\/wp-content\/uploads\/2025\/11\/3-8-768x1365.jpeg 768w, https:\/\/municipalidadpucon.cl\/wp-content\/uploads\/2025\/11\/3-8-800x1422.jpeg 800w, https:\/\/municipalidadpucon.cl\/wp-content\/uploads\/2025\/11\/3-8-864x1536.jpeg 864w\" sizes=\"(max-width: 169px) 100vw, 169px\" \/> <img decoding=\"async\" class=\"alignnone size-medium wp-image-57337\" src=\"https:\/\/municipalidadpucon.cl\/wp-content\/uploads\/2025\/11\/4-10-169x300.jpeg\" alt=\"\" width=\"169\" height=\"300\" srcset=\"https:\/\/municipalidadpucon.cl\/wp-content\/uploads\/2025\/11\/4-10-169x300.jpeg 169w, https:\/\/municipalidadpucon.cl\/wp-content\/uploads\/2025\/11\/4-10-200x356.jpeg 200w, https:\/\/municipalidadpucon.cl\/wp-content\/uploads\/2025\/11\/4-10-400x711.jpeg 400w, https:\/\/municipalidadpucon.cl\/wp-content\/uploads\/2025\/11\/4-10-576x1024.jpeg 576w, https:\/\/municipalidadpucon.cl\/wp-content\/uploads\/2025\/11\/4-10-600x1067.jpeg 600w, https:\/\/municipalidadpucon.cl\/wp-content\/uploads\/2025\/11\/4-10-scaled.jpeg 731w, https:\/\/municipalidadpucon.cl\/wp-content\/uploads\/2025\/11\/4-10-768x1365.jpeg 768w, https:\/\/municipalidadpucon.cl\/wp-content\/uploads\/2025\/11\/4-10-800x1422.jpeg 800w, https:\/\/municipalidadpucon.cl\/wp-content\/uploads\/2025\/11\/4-10-864x1536.jpeg 864w\" sizes=\"(max-width: 169px) 100vw, 169px\" \/><\/p>\n<p><strong>DA\u00d1O ECOL\u00d3GICO Y ECON\u00d3MICO<\/strong><\/p>\n<p>La primera autoridad comunal subray\u00f3 que el accionar ilegal en lagos y r\u00edos \u201cnos va da\u00f1ando, produce un da\u00f1o ecol\u00f3gico a una actividad productiva, que es la pesca recreativa y el turismo de pesca recreativa, por lo tanto, esperamos que estas fiscalizaciones nos traigan un resultado objetivo, que es disminuir la usurpaci\u00f3n de especies que se da en nuestros r\u00edos de forma ilegal, vulnerando la Ley 21.358, que esperamos que poco a poco comience a tomar m\u00e1s fuerza en su implementaci\u00f3n en nuestro pa\u00eds, y de esa forma que, aquellas personas que cometen delitos, terminen en la c\u00e1rcel\u201d.<\/p>\n<p><strong>DELITOS DETECTADOS<\/strong><\/p>\n<p>La encargada de fiscalizaci\u00f3n de SERNAPESCA de La Araucan\u00eda, Susette Mel, reconoci\u00f3 que las fiscalizaciones surgen a partir de denuncias, \u201cpor posturas de redes en el sector Trancura y otros lugares de r\u00edos. Y estamos fiscalizando lo que es la pesca recreativa; o sea, que las personas tengan licencia de pesca, que usen los aparejos que se tienen que utilizar y no huevos, porque ac\u00e1 pescan mucho con huevos\u201d, los que est\u00e1n prohibidos.<\/p>\n<audio class=\"wp-audio-shortcode\" id=\"audio-57334-2\" preload=\"none\" style=\"width: 100%;\" controls=\"controls\"><source type=\"audio\/mpeg\" src=\"https:\/\/municipalidadpucon.cl\/wp-content\/uploads\/2025\/11\/Susette-Mel-encargada-Fiscalizacion-de-Sernapesca-Araucania-.mp3?_=2\" \/><a href=\"https:\/\/municipalidadpucon.cl\/wp-content\/uploads\/2025\/11\/Susette-Mel-encargada-Fiscalizacion-de-Sernapesca-Araucania-.mp3\">https:\/\/municipalidadpucon.cl\/wp-content\/uploads\/2025\/11\/Susette-Mel-encargada-Fiscalizacion-de-Sernapesca-Araucania-.mp3<\/a><\/audio>\n<p>La autoridad regional destac\u00f3 que, quienes no cumplan las normas se exponen a ser citados al Juzgado de Polic\u00eda Local \u201cy la citaci\u00f3n cuesta algo m\u00e1s de $100 mil por infracci\u00f3n, por si no tienes licencia, est\u00e1s pescando con huevo o est\u00e1s con aparejos prohibidos, eso te puede costar cerca de $400 mil\u201d.<\/p>\n<p><img decoding=\"async\" class=\"alignnone size-medium wp-image-57340\" src=\"https:\/\/municipalidadpucon.cl\/wp-content\/uploads\/2025\/11\/5-5-300x214.jpeg\" alt=\"\" width=\"300\" height=\"214\" srcset=\"https:\/\/municipalidadpucon.cl\/wp-content\/uploads\/2025\/11\/5-5-200x143.jpeg 200w, https:\/\/municipalidadpucon.cl\/wp-content\/uploads\/2025\/11\/5-5-300x214.jpeg 300w, https:\/\/municipalidadpucon.cl\/wp-content\/uploads\/2025\/11\/5-5-400x285.jpeg 400w, https:\/\/municipalidadpucon.cl\/wp-content\/uploads\/2025\/11\/5-5-600x428.jpeg 600w, https:\/\/municipalidadpucon.cl\/wp-content\/uploads\/2025\/11\/5-5-768x548.jpeg 768w, https:\/\/municipalidadpucon.cl\/wp-content\/uploads\/2025\/11\/5-5-800x571.jpeg 800w, https:\/\/municipalidadpucon.cl\/wp-content\/uploads\/2025\/11\/5-5.jpeg 900w\" sizes=\"(max-width: 300px) 100vw, 300px\" \/> <img decoding=\"async\" class=\"alignnone size-medium wp-image-57341\" src=\"https:\/\/municipalidadpucon.cl\/wp-content\/uploads\/2025\/11\/6-4-300x169.jpeg\" alt=\"\" width=\"300\" height=\"169\" srcset=\"https:\/\/municipalidadpucon.cl\/wp-content\/uploads\/2025\/11\/6-4-200x113.jpeg 200w, https:\/\/municipalidadpucon.cl\/wp-content\/uploads\/2025\/11\/6-4-300x169.jpeg 300w, https:\/\/municipalidadpucon.cl\/wp-content\/uploads\/2025\/11\/6-4-400x225.jpeg 400w, https:\/\/municipalidadpucon.cl\/wp-content\/uploads\/2025\/11\/6-4-600x338.jpeg 600w, https:\/\/municipalidadpucon.cl\/wp-content\/uploads\/2025\/11\/6-4-768x432.jpeg 768w, https:\/\/municipalidadpucon.cl\/wp-content\/uploads\/2025\/11\/6-4-800x450.jpeg 800w, https:\/\/municipalidadpucon.cl\/wp-content\/uploads\/2025\/11\/6-4-1024x576.jpeg 1024w, https:\/\/municipalidadpucon.cl\/wp-content\/uploads\/2025\/11\/6-4-1200x675.jpeg 1200w, https:\/\/municipalidadpucon.cl\/wp-content\/uploads\/2025\/11\/6-4-scaled.jpeg 1300w, https:\/\/municipalidadpucon.cl\/wp-content\/uploads\/2025\/11\/6-4-1536x864.jpeg 1536w\" sizes=\"(max-width: 300px) 100vw, 300px\" \/><\/p>\n<p><strong>TRAZADO COMERCIAL<\/strong><\/p>\n<p>Fue el mismo alcalde de Puc\u00f3n, Sebasti\u00e1n \u00c1lvarez, quien agreg\u00f3 que -adem\u00e1s- se puede pesquisar lo que ocurre con el producto de la pesca furtiva y su comercializaci\u00f3n, incluso, en el comercio establecido. \u201cSe puede detectar que estas bandas comercializan, tanto en cadenas formales como en cadenas informales, donde tambi\u00e9n muchas veces son parte del comercio il\u00edcito de alimentos que uno ve en la v\u00eda p\u00fablica y que muchas veces son preparados con estos productos\u201d, apunt\u00f3 la primera autoridad comunal.<\/p>\n<audio class=\"wp-audio-shortcode\" id=\"audio-57334-3\" preload=\"none\" style=\"width: 100%;\" controls=\"controls\"><source type=\"audio\/mpeg\" src=\"https:\/\/municipalidadpucon.cl\/wp-content\/uploads\/2025\/11\/Alcalde-Sebastian-Alvarez-apunta-a-controlar-las-lineas-de-comercializacion-.mp3?_=3\" \/><a href=\"https:\/\/municipalidadpucon.cl\/wp-content\/uploads\/2025\/11\/Alcalde-Sebastian-Alvarez-apunta-a-controlar-las-lineas-de-comercializacion-.mp3\">https:\/\/municipalidadpucon.cl\/wp-content\/uploads\/2025\/11\/Alcalde-Sebastian-Alvarez-apunta-a-controlar-las-lineas-de-comercializacion-.mp3<\/a><\/audio>\n<p>El dato concreto indica que \u201cla mayor cantidad de citaciones de pesca recreativa las tenemos ac\u00e1, precisamente en la comuna de Puc\u00f3n. Por eso tenemos que cuidarla, porque vienen muchos turistas extranjeros a pescar. Entonces, no podemos tener este tipo de delitos, que es pescar con red en los r\u00edos, ya que Puc\u00f3n es un polo muy atractivo de pesca recreativa\u201d, redonde\u00f3 la funcionaria de SERNAPESCA, Susette Mel.<\/p>\n<audio class=\"wp-audio-shortcode\" id=\"audio-57334-4\" preload=\"none\" style=\"width: 100%;\" controls=\"controls\"><source type=\"audio\/mpeg\" src=\"https:\/\/municipalidadpucon.cl\/wp-content\/uploads\/2025\/11\/Susette-Mel-estaca-que-Pucon-es-un-polo-de-Pesca-Recreativa-1-1.mp3?_=4\" \/><a href=\"https:\/\/municipalidadpucon.cl\/wp-content\/uploads\/2025\/11\/Susette-Mel-estaca-que-Pucon-es-un-polo-de-Pesca-Recreativa-1-1.mp3\">https:\/\/municipalidadpucon.cl\/wp-content\/uploads\/2025\/11\/Susette-Mel-estaca-que-Pucon-es-un-polo-de-Pesca-Recreativa-1-1.mp3<\/a><\/audio>\n","protected":false},"excerpt":{"rendered":"<p>Coordinaci\u00f3n entre el Municipio, SERNAPESCA, la Armada y Carabineros busca [&hellip;]<\/p>\n","protected":false},"author":10,"featured_media":57345,"comment_status":"closed","ping_status":"open","sticky":false,"template":"","format":"standard","meta":[],"categories":[98,3],"tags":[],"_links":{"self":[{"href":"https:\/\/municipalidadpucon.cl\/index.php?rest_route=\/wp\/v2\/posts\/57334"}],"collection":[{"href":"https:\/\/municipalidadpucon.cl\/index.php?rest_route=\/wp\/v2\/posts"}],"about":[{"href":"https:\/\/municipalidadpucon.cl\/index.php?rest_route=\/wp\/v2\/types\/post"}],"author":[{"embeddable":true,"href":"https:\/\/municipalidadpucon.cl\/index.php?rest_route=\/wp\/v2\/users\/10"}],"replies":[{"embeddable":true,"href":"https:\/\/municipalidadpucon.cl\/index.php?rest_route=%2Fwp%2Fv2%2Fcomments&post=57334"}],"version-history":[{"count":2,"href":"https:\/\/municipalidadpucon.cl\/index.php?rest_route=\/wp\/v2\/posts\/57334\/revisions"}],"predecessor-version":[{"id":57347,"href":"https:\/\/municipalidadpucon.cl\/index.php?rest_route=\/wp\/v2\/posts\/57334\/revisions\/57347"}],"wp:featuredmedia":[{"embeddable":true,"href":"https:\/\/municipalidadpucon.cl\/index.php?rest_route=\/wp\/v2\/media\/57345"}],"wp:attachment":[{"href":"https:\/\/municipalidadpucon.cl\/index.php?rest_route=%2Fwp%2Fv2%2Fmedia&parent=57334"}],"wp:term":[{"taxonomy":"category","embeddable":true,"href":"https:\/\/municipalidadpucon.cl\/index.php?rest_route=%2Fwp%2Fv2%2Fcategories&post=57334"},{"taxonomy":"post_tag","embeddable":true,"href":"https:\/\/municipalidadpucon.cl\/index.php?rest_route=%2Fwp%2Fv2%2Ftags&post=57334"}],"curies":[{"name":"wp","href":"https:\/\/api.w.org\/{rel}","templated":true}]}}