{"id":57367,"date":"2025-11-25T08:44:39","date_gmt":"2025-11-25T11:44:39","guid":{"rendered":"https:\/\/municipalidadpucon.cl\/?p=57367"},"modified":"2025-11-25T08:44:39","modified_gmt":"2025-11-25T11:44:39","slug":"playa-blanca-de-caburgua-luce-un-nuevo-y-universal-acceso-peatonal","status":"publish","type":"post","link":"https:\/\/municipalidadpucon.cl\/?p=57367","title":{"rendered":"Playa Blanca de Caburgua luce un nuevo y universal acceso peatonal"},"content":{"rendered":"<p><em><strong>La actual administraci\u00f3n municipal de Puc\u00f3n le puso fin, este 2025, a una larga \u00a0espera vecinal que superaba los diez a\u00f1os, para poder ingresar al atractivo tur\u00edstico de manera digna y segura. Se aclar\u00f3 que \u00e9ste es el primer avance de una serie para el acceso al lago.<\/strong><\/em><\/p>\n<p><img decoding=\"async\" class=\"alignnone size-medium wp-image-57368\" src=\"https:\/\/municipalidadpucon.cl\/wp-content\/uploads\/2025\/11\/2-14-300x225.jpg\" alt=\"\" width=\"300\" height=\"225\" srcset=\"https:\/\/municipalidadpucon.cl\/wp-content\/uploads\/2025\/11\/2-14-200x150.jpg 200w, https:\/\/municipalidadpucon.cl\/wp-content\/uploads\/2025\/11\/2-14-300x225.jpg 300w, https:\/\/municipalidadpucon.cl\/wp-content\/uploads\/2025\/11\/2-14-400x300.jpg 400w, https:\/\/municipalidadpucon.cl\/wp-content\/uploads\/2025\/11\/2-14-600x450.jpg 600w, https:\/\/municipalidadpucon.cl\/wp-content\/uploads\/2025\/11\/2-14-768x576.jpg 768w, https:\/\/municipalidadpucon.cl\/wp-content\/uploads\/2025\/11\/2-14-800x600.jpg 800w, https:\/\/municipalidadpucon.cl\/wp-content\/uploads\/2025\/11\/2-14-1024x768.jpg 1024w, https:\/\/municipalidadpucon.cl\/wp-content\/uploads\/2025\/11\/2-14-1200x900.jpg 1200w, https:\/\/municipalidadpucon.cl\/wp-content\/uploads\/2025\/11\/2-14-scaled.jpg 1300w, https:\/\/municipalidadpucon.cl\/wp-content\/uploads\/2025\/11\/2-14-1536x1152.jpg 1536w\" sizes=\"(max-width: 300px) 100vw, 300px\" \/> <img decoding=\"async\" class=\"alignnone size-medium wp-image-57369\" src=\"https:\/\/municipalidadpucon.cl\/wp-content\/uploads\/2025\/11\/3-14-300x225.jpg\" alt=\"\" width=\"300\" height=\"225\" srcset=\"https:\/\/municipalidadpucon.cl\/wp-content\/uploads\/2025\/11\/3-14-200x150.jpg 200w, https:\/\/municipalidadpucon.cl\/wp-content\/uploads\/2025\/11\/3-14-300x225.jpg 300w, https:\/\/municipalidadpucon.cl\/wp-content\/uploads\/2025\/11\/3-14-400x300.jpg 400w, https:\/\/municipalidadpucon.cl\/wp-content\/uploads\/2025\/11\/3-14-600x450.jpg 600w, https:\/\/municipalidadpucon.cl\/wp-content\/uploads\/2025\/11\/3-14-768x576.jpg 768w, https:\/\/municipalidadpucon.cl\/wp-content\/uploads\/2025\/11\/3-14-800x600.jpg 800w, https:\/\/municipalidadpucon.cl\/wp-content\/uploads\/2025\/11\/3-14-1024x768.jpg 1024w, https:\/\/municipalidadpucon.cl\/wp-content\/uploads\/2025\/11\/3-14-1200x900.jpg 1200w, https:\/\/municipalidadpucon.cl\/wp-content\/uploads\/2025\/11\/3-14-scaled.jpg 1300w, https:\/\/municipalidadpucon.cl\/wp-content\/uploads\/2025\/11\/3-14-1536x1152.jpg 1536w\" sizes=\"(max-width: 300px) 100vw, 300px\" \/> <img decoding=\"async\" class=\"alignnone size-medium wp-image-57370\" src=\"https:\/\/municipalidadpucon.cl\/wp-content\/uploads\/2025\/11\/4-13-300x225.jpg\" alt=\"\" width=\"300\" height=\"225\" srcset=\"https:\/\/municipalidadpucon.cl\/wp-content\/uploads\/2025\/11\/4-13-200x150.jpg 200w, https:\/\/municipalidadpucon.cl\/wp-content\/uploads\/2025\/11\/4-13-300x225.jpg 300w, https:\/\/municipalidadpucon.cl\/wp-content\/uploads\/2025\/11\/4-13-400x300.jpg 400w, https:\/\/municipalidadpucon.cl\/wp-content\/uploads\/2025\/11\/4-13-600x450.jpg 600w, https:\/\/municipalidadpucon.cl\/wp-content\/uploads\/2025\/11\/4-13-768x576.jpg 768w, https:\/\/municipalidadpucon.cl\/wp-content\/uploads\/2025\/11\/4-13-800x600.jpg 800w, https:\/\/municipalidadpucon.cl\/wp-content\/uploads\/2025\/11\/4-13-1024x768.jpg 1024w, https:\/\/municipalidadpucon.cl\/wp-content\/uploads\/2025\/11\/4-13-1200x900.jpg 1200w, https:\/\/municipalidadpucon.cl\/wp-content\/uploads\/2025\/11\/4-13-scaled.jpg 1300w, https:\/\/municipalidadpucon.cl\/wp-content\/uploads\/2025\/11\/4-13-1536x1152.jpg 1536w\" sizes=\"(max-width: 300px) 100vw, 300px\" \/> <img decoding=\"async\" class=\"alignnone size-medium wp-image-57371\" src=\"https:\/\/municipalidadpucon.cl\/wp-content\/uploads\/2025\/11\/5-12-300x225.jpg\" alt=\"\" width=\"300\" height=\"225\" srcset=\"https:\/\/municipalidadpucon.cl\/wp-content\/uploads\/2025\/11\/5-12-200x150.jpg 200w, https:\/\/municipalidadpucon.cl\/wp-content\/uploads\/2025\/11\/5-12-300x225.jpg 300w, https:\/\/municipalidadpucon.cl\/wp-content\/uploads\/2025\/11\/5-12-400x300.jpg 400w, https:\/\/municipalidadpucon.cl\/wp-content\/uploads\/2025\/11\/5-12-600x450.jpg 600w, https:\/\/municipalidadpucon.cl\/wp-content\/uploads\/2025\/11\/5-12-768x576.jpg 768w, https:\/\/municipalidadpucon.cl\/wp-content\/uploads\/2025\/11\/5-12-800x600.jpg 800w, https:\/\/municipalidadpucon.cl\/wp-content\/uploads\/2025\/11\/5-12-1024x768.jpg 1024w, https:\/\/municipalidadpucon.cl\/wp-content\/uploads\/2025\/11\/5-12-1200x900.jpg 1200w, https:\/\/municipalidadpucon.cl\/wp-content\/uploads\/2025\/11\/5-12-scaled.jpg 1300w, https:\/\/municipalidadpucon.cl\/wp-content\/uploads\/2025\/11\/5-12-1536x1152.jpg 1536w\" sizes=\"(max-width: 300px) 100vw, 300px\" \/><\/p>\n<p>La Municipalidad de Puc\u00f3n le puso fin, esta semana, a una muy larga espera de la comunidad puconina de la localidad de Caburgua, que por m\u00e1s de diez a\u00f1os sufr\u00eda con un indigno e inseguro acceso a Playa Blanca, centro de atracci\u00f3n tur\u00edstico indiscutible que, al menos, en tres etapas ver\u00e1 cambiar este lugar, partiendo ahora por un acceso peatonal y universal.<\/p>\n<p>El proyecto se trata del mejoramiento integral de un tramo de la bajada hacia Playa Blanca, que considera un paso peatonal, conformado por adocreto en tonos gris y rojo de 6 cent\u00edmetros de espesor, con una longitud aproximada de 66 metros lineales y un ancho \u00fatil de 2.30 metros.<\/p>\n<p><strong>SUE\u00d1O CUMPLIDO<\/strong><\/p>\n<p>\u201cEs un sue\u00f1o, digamos que hace m\u00e1s de diez a\u00f1os est\u00e1bamos tratando de luchar como vecinos, luego como comit\u00e9 y hoy d\u00eda como junta de vecinos. Estuvimos en el verano con una delegaci\u00f3n que mand\u00f3 Sebasti\u00e1n \u00c1lvarez, nuestro alcalde, estuvimos con Eduardo Tello (encargado de la Oficina Territorial y de GRD), con todos los funcionarios revisando qu\u00e9 se pod\u00eda hacer, y el resultado es que hay un camino digno para cualquier residente y para cualquier turista\u201d, destac\u00f3 Marisol Sep\u00falveda, presidenta de la Junta de Vecinos de Caburgua Bajo.<\/p>\n<!--[if lt IE 9]><script>document.createElement('audio');<\/script><![endif]-->\n<audio class=\"wp-audio-shortcode\" id=\"audio-57367-1\" preload=\"none\" style=\"width: 100%;\" controls=\"controls\"><source type=\"audio\/mpeg\" src=\"https:\/\/municipalidadpucon.cl\/wp-content\/uploads\/2025\/11\/Marisol-Sepulveda-Pdta-JJVV-Caburgua-Bajo-agradecida-por-este-avance-.mp3?_=1\" \/><a href=\"https:\/\/municipalidadpucon.cl\/wp-content\/uploads\/2025\/11\/Marisol-Sepulveda-Pdta-JJVV-Caburgua-Bajo-agradecida-por-este-avance-.mp3\">https:\/\/municipalidadpucon.cl\/wp-content\/uploads\/2025\/11\/Marisol-Sepulveda-Pdta-JJVV-Caburgua-Bajo-agradecida-por-este-avance-.mp3<\/a><\/audio>\n<p>Alfonso Quinteros, tesorero de la organizaci\u00f3n vecinal, agreg\u00f3 que \u201cveo que las autoridades se est\u00e1n responsabilizando de Playa Blanca, porque hace 16 a\u00f1os que est\u00e1bamos gestionando esto, pero ahora con las autoridades nuevas veo que est\u00e1n gestionando bien para Playa Blanca\u201d.<\/p>\n<audio class=\"wp-audio-shortcode\" id=\"audio-57367-2\" preload=\"none\" style=\"width: 100%;\" controls=\"controls\"><source type=\"audio\/mpeg\" src=\"https:\/\/municipalidadpucon.cl\/wp-content\/uploads\/2025\/11\/Alfonso-Quinteros-tesorero-JJVV-Caburgua-Bajo-feliz-con-el-proyecto-.mp3?_=2\" \/><a href=\"https:\/\/municipalidadpucon.cl\/wp-content\/uploads\/2025\/11\/Alfonso-Quinteros-tesorero-JJVV-Caburgua-Bajo-feliz-con-el-proyecto-.mp3\">https:\/\/municipalidadpucon.cl\/wp-content\/uploads\/2025\/11\/Alfonso-Quinteros-tesorero-JJVV-Caburgua-Bajo-feliz-con-el-proyecto-.mp3<\/a><\/audio>\n<p><img decoding=\"async\" class=\"alignnone size-medium wp-image-57374\" src=\"https:\/\/municipalidadpucon.cl\/wp-content\/uploads\/2025\/11\/7-8-300x225.jpg\" alt=\"\" width=\"300\" height=\"225\" srcset=\"https:\/\/municipalidadpucon.cl\/wp-content\/uploads\/2025\/11\/7-8-200x150.jpg 200w, https:\/\/municipalidadpucon.cl\/wp-content\/uploads\/2025\/11\/7-8-300x225.jpg 300w, https:\/\/municipalidadpucon.cl\/wp-content\/uploads\/2025\/11\/7-8-400x300.jpg 400w, https:\/\/municipalidadpucon.cl\/wp-content\/uploads\/2025\/11\/7-8-600x450.jpg 600w, https:\/\/municipalidadpucon.cl\/wp-content\/uploads\/2025\/11\/7-8-768x576.jpg 768w, https:\/\/municipalidadpucon.cl\/wp-content\/uploads\/2025\/11\/7-8-800x600.jpg 800w, https:\/\/municipalidadpucon.cl\/wp-content\/uploads\/2025\/11\/7-8-1024x768.jpg 1024w, https:\/\/municipalidadpucon.cl\/wp-content\/uploads\/2025\/11\/7-8-1200x900.jpg 1200w, https:\/\/municipalidadpucon.cl\/wp-content\/uploads\/2025\/11\/7-8-scaled.jpg 1300w, https:\/\/municipalidadpucon.cl\/wp-content\/uploads\/2025\/11\/7-8-1536x1152.jpg 1536w\" sizes=\"(max-width: 300px) 100vw, 300px\" \/><\/p>\n<p><strong>\u00daNICO ACCESO P\u00daBLICO<\/strong><\/p>\n<p>El alcalde de la comuna de Puc\u00f3n, Sebasti\u00e1n \u00c1lvarez, destac\u00f3 que \u201cera tan importante cumplir una demanda que ten\u00edan los vecinos del sector hace mucho tiempo, que era el \u00fanico acceso p\u00fablico a la playa. La verdad que ten\u00eda condiciones muy precarias y lo que ellos buscaban era, de la misma manera, mejorar la infraestructura de habilitaci\u00f3n en un espacio tur\u00edstico tan importante como Playa Blanca, por lo tanto, esta es la primera etapa. La idea es que nosotros podamos seguir avanzando para que podamos tener una buena bajada con un est\u00e1ndar de acuerdo con lo que significa el destino Caburga, en Playa Blanca\u201d.<\/p>\n<audio class=\"wp-audio-shortcode\" id=\"audio-57367-3\" preload=\"none\" style=\"width: 100%;\" controls=\"controls\"><source type=\"audio\/mpeg\" src=\"https:\/\/municipalidadpucon.cl\/wp-content\/uploads\/2025\/11\/Alcalde-Sebastian-Alvarez-contento-con-este-nuevo-avance-para-Caburgua-.mp3?_=3\" \/><a href=\"https:\/\/municipalidadpucon.cl\/wp-content\/uploads\/2025\/11\/Alcalde-Sebastian-Alvarez-contento-con-este-nuevo-avance-para-Caburgua-.mp3\">https:\/\/municipalidadpucon.cl\/wp-content\/uploads\/2025\/11\/Alcalde-Sebastian-Alvarez-contento-con-este-nuevo-avance-para-Caburgua-.mp3<\/a><\/audio>\n<p><strong>DONACI\u00d3N<\/strong><br \/>\nDestac\u00f3 el jefe comunal que estas obras, con un valor cercano a los $7 millones -en esta primera fase-, continuar\u00e1n, aprovechando una labor coordinada con los propios vecinos. \u201cEste proyecto fue un loteo, que se llamaba Las Rosas, que est\u00e1 aprobado con todas sus normas y yo ced\u00ed ah\u00ed tres metros para el pasaje peatonal, porque la gente no pod\u00eda llegar a la playa\u201d, coment\u00f3 Hugo Vergara, habitante del sector quien entreg\u00f3 parte de su propiedad para dar \u201cluz verde\u201d a este esperado proyecto que viabiliza el acceso a esta paradis\u00edaca Playa Blanca de la siempre atractiva y muy tur\u00edstica Caburgua.<\/p>\n<p><img decoding=\"async\" class=\"alignnone size-medium wp-image-57376\" src=\"https:\/\/municipalidadpucon.cl\/wp-content\/uploads\/2025\/11\/6-11-300x225.jpg\" alt=\"\" width=\"300\" height=\"225\" srcset=\"https:\/\/municipalidadpucon.cl\/wp-content\/uploads\/2025\/11\/6-11-200x150.jpg 200w, https:\/\/municipalidadpucon.cl\/wp-content\/uploads\/2025\/11\/6-11-300x225.jpg 300w, https:\/\/municipalidadpucon.cl\/wp-content\/uploads\/2025\/11\/6-11-400x300.jpg 400w, https:\/\/municipalidadpucon.cl\/wp-content\/uploads\/2025\/11\/6-11-600x450.jpg 600w, https:\/\/municipalidadpucon.cl\/wp-content\/uploads\/2025\/11\/6-11-768x576.jpg 768w, https:\/\/municipalidadpucon.cl\/wp-content\/uploads\/2025\/11\/6-11-800x600.jpg 800w, https:\/\/municipalidadpucon.cl\/wp-content\/uploads\/2025\/11\/6-11-1024x768.jpg 1024w, https:\/\/municipalidadpucon.cl\/wp-content\/uploads\/2025\/11\/6-11-1200x900.jpg 1200w, https:\/\/municipalidadpucon.cl\/wp-content\/uploads\/2025\/11\/6-11-scaled.jpg 1300w, https:\/\/municipalidadpucon.cl\/wp-content\/uploads\/2025\/11\/6-11-1536x1152.jpg 1536w\" sizes=\"(max-width: 300px) 100vw, 300px\" \/><\/p>\n","protected":false},"excerpt":{"rendered":"<p>La actual administraci\u00f3n municipal de Puc\u00f3n le puso fin, este [&hellip;]<\/p>\n","protected":false},"author":10,"featured_media":57377,"comment_status":"closed","ping_status":"open","sticky":false,"template":"","format":"standard","meta":[],"categories":[98,3],"tags":[],"_links":{"self":[{"href":"https:\/\/municipalidadpucon.cl\/index.php?rest_route=\/wp\/v2\/posts\/57367"}],"collection":[{"href":"https:\/\/municipalidadpucon.cl\/index.php?rest_route=\/wp\/v2\/posts"}],"about":[{"href":"https:\/\/municipalidadpucon.cl\/index.php?rest_route=\/wp\/v2\/types\/post"}],"author":[{"embeddable":true,"href":"https:\/\/municipalidadpucon.cl\/index.php?rest_route=\/wp\/v2\/users\/10"}],"replies":[{"embeddable":true,"href":"https:\/\/municipalidadpucon.cl\/index.php?rest_route=%2Fwp%2Fv2%2Fcomments&post=57367"}],"version-history":[{"count":1,"href":"https:\/\/municipalidadpucon.cl\/index.php?rest_route=\/wp\/v2\/posts\/57367\/revisions"}],"predecessor-version":[{"id":57378,"href":"https:\/\/municipalidadpucon.cl\/index.php?rest_route=\/wp\/v2\/posts\/57367\/revisions\/57378"}],"wp:featuredmedia":[{"embeddable":true,"href":"https:\/\/municipalidadpucon.cl\/index.php?rest_route=\/wp\/v2\/media\/57377"}],"wp:attachment":[{"href":"https:\/\/municipalidadpucon.cl\/index.php?rest_route=%2Fwp%2Fv2%2Fmedia&parent=57367"}],"wp:term":[{"taxonomy":"category","embeddable":true,"href":"https:\/\/municipalidadpucon.cl\/index.php?rest_route=%2Fwp%2Fv2%2Fcategories&post=57367"},{"taxonomy":"post_tag","embeddable":true,"href":"https:\/\/municipalidadpucon.cl\/index.php?rest_route=%2Fwp%2Fv2%2Ftags&post=57367"}],"curies":[{"name":"wp","href":"https:\/\/api.w.org\/{rel}","templated":true}]}}