{"id":57959,"date":"2026-01-02T12:32:54","date_gmt":"2026-01-02T15:32:54","guid":{"rendered":"https:\/\/municipalidadpucon.cl\/?p=57959"},"modified":"2026-01-02T12:32:54","modified_gmt":"2026-01-02T15:32:54","slug":"nuevo-sistema-de-parquimetros-en-pucon-persigue-aumentar-significativamente-ayudas-sociales","status":"publish","type":"post","link":"https:\/\/municipalidadpucon.cl\/?p=57959","title":{"rendered":"Nuevo sistema de parqu\u00edmetros en Puc\u00f3n persigue aumentar significativamente ayudas sociales"},"content":{"rendered":"<p><em><strong>En el primer d\u00eda de 2026 entr\u00f3 en vigor el funcionamiento virtual para estacionar en tres distintas zonas -y valores- de la tur\u00edstica comuna, en donde sus residentes y adultos mayores tendr\u00e1n un trato preferencial, con precios diferenciados y gratuidad durante tres horas diarias, respectivamente.<\/strong><\/em><\/p>\n<p><img decoding=\"async\" class=\"size-medium wp-image-57960 aligncenter\" src=\"https:\/\/municipalidadpucon.cl\/wp-content\/uploads\/2026\/01\/2-139x300.png\" alt=\"\" width=\"139\" height=\"300\" srcset=\"https:\/\/municipalidadpucon.cl\/wp-content\/uploads\/2026\/01\/2-139x300.png 139w, https:\/\/municipalidadpucon.cl\/wp-content\/uploads\/2026\/01\/2-200x433.png 200w, https:\/\/municipalidadpucon.cl\/wp-content\/uploads\/2026\/01\/2-400x866.png 400w, https:\/\/municipalidadpucon.cl\/wp-content\/uploads\/2026\/01\/2-473x1024.png 473w, https:\/\/municipalidadpucon.cl\/wp-content\/uploads\/2026\/01\/2-600x1299.png 600w, https:\/\/municipalidadpucon.cl\/wp-content\/uploads\/2026\/01\/2-710x1536.png 710w, https:\/\/municipalidadpucon.cl\/wp-content\/uploads\/2026\/01\/2-768x1662.png 768w, https:\/\/municipalidadpucon.cl\/wp-content\/uploads\/2026\/01\/2-800x1731.png 800w, https:\/\/municipalidadpucon.cl\/wp-content\/uploads\/2026\/01\/2.png 828w\" sizes=\"(max-width: 139px) 100vw, 139px\" \/><\/p>\n<p>La Municipalidad de Puc\u00f3n dej\u00f3 atr\u00e1s la \u201cmarcha blanca\u201d del nuevo sistema de parqu\u00edmetros digital, el que entr\u00f3 en vigor con la llegada del nuevo a\u00f1o 2026, con el objetivo de realizar un cambio sustantivo en la utilizaci\u00f3n del espacio p\u00fablico, siempre con el fin de establecer una rotaci\u00f3n constante de las principales calles y, adem\u00e1s, asegurar una mayor recaudaci\u00f3n, la que ir\u00e1 en directo beneficio de la inversi\u00f3n social de la comuna.<\/p>\n<p>As\u00ed lo coment\u00f3 la directora (s) de la Direcci\u00f3n de Desarrollo Comunitario (DIDECO), Alejandra Sanzana, quien detall\u00f3 que \u201cparte importante de los recursos recaudados por concepto de parqu\u00edmetro va a los estudiantes de ense\u00f1anza superior, que desde el a\u00f1o 2020 a la fecha ha beneficiado a m\u00e1s de mil 200 estudiantes\u201d.<\/p>\n<!--[if lt IE 9]><script>document.createElement('audio');<\/script><![endif]-->\n<audio class=\"wp-audio-shortcode\" id=\"audio-57959-1\" preload=\"none\" style=\"width: 100%;\" controls=\"controls\"><source type=\"audio\/mpeg\" src=\"https:\/\/municipalidadpucon.cl\/wp-content\/uploads\/2026\/01\/Alejandra-Sanzana-DIDECO-s-destaca-aporte-de-los-ingresos-por-Parquimetros-.mp3?_=1\" \/><a href=\"https:\/\/municipalidadpucon.cl\/wp-content\/uploads\/2026\/01\/Alejandra-Sanzana-DIDECO-s-destaca-aporte-de-los-ingresos-por-Parquimetros-.mp3\">https:\/\/municipalidadpucon.cl\/wp-content\/uploads\/2026\/01\/Alejandra-Sanzana-DIDECO-s-destaca-aporte-de-los-ingresos-por-Parquimetros-.mp3<\/a><\/audio>\n<p><img decoding=\"async\" class=\"alignnone size-medium wp-image-57962\" src=\"https:\/\/municipalidadpucon.cl\/wp-content\/uploads\/2026\/01\/parquimetro-1-240x300.jpg\" alt=\"\" width=\"240\" height=\"300\" srcset=\"https:\/\/municipalidadpucon.cl\/wp-content\/uploads\/2026\/01\/parquimetro-1-200x250.jpg 200w, https:\/\/municipalidadpucon.cl\/wp-content\/uploads\/2026\/01\/parquimetro-1-240x300.jpg 240w, https:\/\/municipalidadpucon.cl\/wp-content\/uploads\/2026\/01\/parquimetro-1-400x501.jpg 400w, https:\/\/municipalidadpucon.cl\/wp-content\/uploads\/2026\/01\/parquimetro-1-600x751.jpg 600w, https:\/\/municipalidadpucon.cl\/wp-content\/uploads\/2026\/01\/parquimetro-1-768x961.jpg 768w, https:\/\/municipalidadpucon.cl\/wp-content\/uploads\/2026\/01\/parquimetro-1-800x1001.jpg 800w, https:\/\/municipalidadpucon.cl\/wp-content\/uploads\/2026\/01\/parquimetro-1-818x1024.jpg 818w, https:\/\/municipalidadpucon.cl\/wp-content\/uploads\/2026\/01\/parquimetro-1-scaled.jpg 1038w\" sizes=\"(max-width: 240px) 100vw, 240px\" \/> <img decoding=\"async\" class=\"alignnone size-medium wp-image-57963\" src=\"https:\/\/municipalidadpucon.cl\/wp-content\/uploads\/2026\/01\/parquimetro-2-240x300.jpg\" alt=\"\" width=\"240\" height=\"300\" srcset=\"https:\/\/municipalidadpucon.cl\/wp-content\/uploads\/2026\/01\/parquimetro-2-200x250.jpg 200w, https:\/\/municipalidadpucon.cl\/wp-content\/uploads\/2026\/01\/parquimetro-2-240x300.jpg 240w, https:\/\/municipalidadpucon.cl\/wp-content\/uploads\/2026\/01\/parquimetro-2-400x501.jpg 400w, https:\/\/municipalidadpucon.cl\/wp-content\/uploads\/2026\/01\/parquimetro-2-600x751.jpg 600w, https:\/\/municipalidadpucon.cl\/wp-content\/uploads\/2026\/01\/parquimetro-2-768x961.jpg 768w, https:\/\/municipalidadpucon.cl\/wp-content\/uploads\/2026\/01\/parquimetro-2-800x1001.jpg 800w, https:\/\/municipalidadpucon.cl\/wp-content\/uploads\/2026\/01\/parquimetro-2-818x1024.jpg 818w, https:\/\/municipalidadpucon.cl\/wp-content\/uploads\/2026\/01\/parquimetro-2-scaled.jpg 1038w\" sizes=\"(max-width: 240px) 100vw, 240px\" \/> <img decoding=\"async\" class=\"alignnone size-medium wp-image-57965\" src=\"https:\/\/municipalidadpucon.cl\/wp-content\/uploads\/2026\/01\/parquimetro-4-240x300.jpg\" alt=\"\" width=\"240\" height=\"300\" srcset=\"https:\/\/municipalidadpucon.cl\/wp-content\/uploads\/2026\/01\/parquimetro-4-200x250.jpg 200w, https:\/\/municipalidadpucon.cl\/wp-content\/uploads\/2026\/01\/parquimetro-4-240x300.jpg 240w, https:\/\/municipalidadpucon.cl\/wp-content\/uploads\/2026\/01\/parquimetro-4-400x501.jpg 400w, https:\/\/municipalidadpucon.cl\/wp-content\/uploads\/2026\/01\/parquimetro-4-600x751.jpg 600w, https:\/\/municipalidadpucon.cl\/wp-content\/uploads\/2026\/01\/parquimetro-4-768x961.jpg 768w, https:\/\/municipalidadpucon.cl\/wp-content\/uploads\/2026\/01\/parquimetro-4-800x1001.jpg 800w, https:\/\/municipalidadpucon.cl\/wp-content\/uploads\/2026\/01\/parquimetro-4-818x1024.jpg 818w, https:\/\/municipalidadpucon.cl\/wp-content\/uploads\/2026\/01\/parquimetro-4-scaled.jpg 1038w\" sizes=\"(max-width: 240px) 100vw, 240px\" \/><\/p>\n<p><strong>BENEFICIOS<\/strong><\/p>\n<p>As\u00ed, cada minuto de estacionamiento pagado permite financiar -adem\u00e1s- equipamiento para los Bomberos de Puc\u00f3n, becas deportivas y culturales, as\u00ed como apoyo a familias con enfermedades catastr\u00f3ficas y proyectos comunitarios, fortaleciendo as\u00ed una ciudad m\u00e1s solidaria y sostenible.<\/p>\n<p>Desde la instituci\u00f3n edilicia se insisti\u00f3 que el sistema a cargo de la empresa Simple Park, adjudicataria de un proceso p\u00fablico de licitaci\u00f3n, dispone de beneficios directos para personas mayores de 65 a\u00f1os o m\u00e1s, las que podr\u00e1n acceder a 3 horas gratuitas diarias, todos los d\u00edas del a\u00f1o, para lo cual no se requiere el uso de aplicaciones ni sistemas digitales, sino s\u00f3lo una inscripci\u00f3n que se realiza, de manera presencial, en el Centro Integral del Adulto Mayor, ubicado en Adolfo Kachele N\u00b0140, de lunes a viernes hasta las 14 horas.<\/p>\n<p><strong>TARIFAS PREFERENCIALES<\/strong><\/p>\n<p>Adem\u00e1s, los residentes de Puc\u00f3n, con su veh\u00edculo debidamente inscrito en el Registro Municipal, acceden a tarifas preferenciales y gratuidad seg\u00fan el per\u00edodo del a\u00f1o; esto es, del 2 de enero al 15 de marzo con una tarifa preferente de $15 por minuto y del 16 de marzo al 14 de diciembre con estacionamiento gratuito en las tres zonas habilitadas, con un \u00fanico requisito de que el veh\u00edculo est\u00e9 inscrito en el Registro Municipal de Puc\u00f3n y con su permiso de circulaci\u00f3n al d\u00eda (a\u00f1os 2025 y 2026).<\/p>\n<p><img decoding=\"async\" class=\"alignnone size-medium wp-image-57966\" src=\"https:\/\/municipalidadpucon.cl\/wp-content\/uploads\/2026\/01\/parquimetro-3-1-240x300.jpg\" alt=\"\" width=\"240\" height=\"300\" srcset=\"https:\/\/municipalidadpucon.cl\/wp-content\/uploads\/2026\/01\/parquimetro-3-1-200x250.jpg 200w, https:\/\/municipalidadpucon.cl\/wp-content\/uploads\/2026\/01\/parquimetro-3-1-240x300.jpg 240w, https:\/\/municipalidadpucon.cl\/wp-content\/uploads\/2026\/01\/parquimetro-3-1-400x501.jpg 400w, https:\/\/municipalidadpucon.cl\/wp-content\/uploads\/2026\/01\/parquimetro-3-1-600x751.jpg 600w, https:\/\/municipalidadpucon.cl\/wp-content\/uploads\/2026\/01\/parquimetro-3-1-768x961.jpg 768w, https:\/\/municipalidadpucon.cl\/wp-content\/uploads\/2026\/01\/parquimetro-3-1-800x1001.jpg 800w, https:\/\/municipalidadpucon.cl\/wp-content\/uploads\/2026\/01\/parquimetro-3-1-818x1024.jpg 818w, https:\/\/municipalidadpucon.cl\/wp-content\/uploads\/2026\/01\/parquimetro-3-1-scaled.jpg 1038w\" sizes=\"(max-width: 240px) 100vw, 240px\" \/> <img decoding=\"async\" class=\"alignnone size-medium wp-image-57967\" src=\"https:\/\/municipalidadpucon.cl\/wp-content\/uploads\/2026\/01\/parquimetro-5-240x300.jpg\" alt=\"\" width=\"240\" height=\"300\" srcset=\"https:\/\/municipalidadpucon.cl\/wp-content\/uploads\/2026\/01\/parquimetro-5-200x250.jpg 200w, https:\/\/municipalidadpucon.cl\/wp-content\/uploads\/2026\/01\/parquimetro-5-240x300.jpg 240w, https:\/\/municipalidadpucon.cl\/wp-content\/uploads\/2026\/01\/parquimetro-5-400x501.jpg 400w, https:\/\/municipalidadpucon.cl\/wp-content\/uploads\/2026\/01\/parquimetro-5-600x751.jpg 600w, https:\/\/municipalidadpucon.cl\/wp-content\/uploads\/2026\/01\/parquimetro-5-768x961.jpg 768w, https:\/\/municipalidadpucon.cl\/wp-content\/uploads\/2026\/01\/parquimetro-5-800x1001.jpg 800w, https:\/\/municipalidadpucon.cl\/wp-content\/uploads\/2026\/01\/parquimetro-5-818x1024.jpg 818w, https:\/\/municipalidadpucon.cl\/wp-content\/uploads\/2026\/01\/parquimetro-5-scaled.jpg 1038w\" sizes=\"(max-width: 240px) 100vw, 240px\" \/><\/p>\n<p>Desde bomberos, el saliente superintendente de Puc\u00f3n, Alejandro Villagr\u00e1n, coment\u00f3 que este nuevo sistema de pago anticipado, electr\u00f3nico y tambi\u00e9n presencial en tiendas c\u00e9ntricas colaboradoras, \u201ca nosotros nos favorece. Con esto se generan m\u00e1s espacios disponibles para estacionar, en el caso de las emergencias, en el caso nuestro en particular\u201d.<\/p>\n<audio class=\"wp-audio-shortcode\" id=\"audio-57959-2\" preload=\"none\" style=\"width: 100%;\" controls=\"controls\"><source type=\"audio\/mpeg\" src=\"https:\/\/municipalidadpucon.cl\/wp-content\/uploads\/2026\/01\/Alejandro-Villagran-superintedente-saliente-de-Bomberos-de-Pucon.mp3?_=2\" \/><a href=\"https:\/\/municipalidadpucon.cl\/wp-content\/uploads\/2026\/01\/Alejandro-Villagran-superintedente-saliente-de-Bomberos-de-Pucon.mp3\">https:\/\/municipalidadpucon.cl\/wp-content\/uploads\/2026\/01\/Alejandro-Villagran-superintedente-saliente-de-Bomberos-de-Pucon.mp3<\/a><\/audio>\n<p><strong>AYUDA A BOMBEROS<\/strong><\/p>\n<p>El voluntario explic\u00f3 que \u201cel sistema que ven\u00eda operando respecto a la subvenci\u00f3n que se le entregaba a Bomberos en los \u00faltimos a\u00f1os estuvo muy malo, porque al depender de personas, durante el estallido y la pandemia, literalmente no hubo ingresos as\u00ed es que bienvenida a la tecnolog\u00eda\u201d.<\/p>\n<p>El sistema permitir\u00e1 pagar el estacionamiento a trav\u00e9s de distintos canales, facilitando el acceso a toda la comunidad: aplicaci\u00f3n Simple Park, sitio web, WhatsApp, soporte telef\u00f3nico, comercios asociados y agentes en terreno.<\/p>\n<p>Las tarifas por sector (horario de funcionamiento de 11:00 a 23:59 horas) establece Zona Roja (visitantes $40 por minuto \/ Residentes $25 por minuto), Zona Amarilla (visitantes $35 por minuto \/ Residentes $20 por minuto) y Zona Verde (visitantes $20 por minuto \/ Residentes con gratuidad).<\/p>\n<p><img decoding=\"async\" class=\"alignnone size-medium wp-image-57969\" src=\"https:\/\/municipalidadpucon.cl\/wp-content\/uploads\/2026\/01\/3-1-300x170.jpg\" alt=\"\" width=\"300\" height=\"170\" srcset=\"https:\/\/municipalidadpucon.cl\/wp-content\/uploads\/2026\/01\/3-1-200x113.jpg 200w, https:\/\/municipalidadpucon.cl\/wp-content\/uploads\/2026\/01\/3-1-300x170.jpg 300w, https:\/\/municipalidadpucon.cl\/wp-content\/uploads\/2026\/01\/3-1-400x227.jpg 400w, https:\/\/municipalidadpucon.cl\/wp-content\/uploads\/2026\/01\/3-1-600x340.jpg 600w, https:\/\/municipalidadpucon.cl\/wp-content\/uploads\/2026\/01\/3-1-768x436.jpg 768w, https:\/\/municipalidadpucon.cl\/wp-content\/uploads\/2026\/01\/3-1-800x454.jpg 800w, https:\/\/municipalidadpucon.cl\/wp-content\/uploads\/2026\/01\/3-1-1024x581.jpg 1024w, https:\/\/municipalidadpucon.cl\/wp-content\/uploads\/2026\/01\/3-1-1200x681.jpg 1200w, https:\/\/municipalidadpucon.cl\/wp-content\/uploads\/2026\/01\/3-1-scaled.jpg 1300w\" sizes=\"(max-width: 300px) 100vw, 300px\" \/><\/p>\n<p><strong>COBRO NOCTURNO PARA NO CONDUCIR<\/strong><\/p>\n<p>Adem\u00e1s, se defini\u00f3 un cobro nocturno (00:00 a 05:00 horas, solo en temporada estival), en donde los visitantes cancelar\u00e1n $35 por minuto y los Residentes dispondr\u00e1n de gratuidad. El objetivo de la medida persigue desincentivar el uso del veh\u00edculo en actividades de esparcimiento y as\u00ed quien consuma alcohol no conduzca. Con todo, el Municipio invita a la comunidad a inscribir su veh\u00edculo, utilizar los canales habilitados y estacionar con conciencia, contribuyendo al desarrollo de Puc\u00f3n y, a la vez, evitar infracciones.<\/p>\n","protected":false},"excerpt":{"rendered":"<p>En el primer d\u00eda de 2026 entr\u00f3 en vigor el [&hellip;]<\/p>\n","protected":false},"author":11,"featured_media":57970,"comment_status":"closed","ping_status":"open","sticky":false,"template":"","format":"standard","meta":[],"categories":[98,3],"tags":[],"_links":{"self":[{"href":"https:\/\/municipalidadpucon.cl\/index.php?rest_route=\/wp\/v2\/posts\/57959"}],"collection":[{"href":"https:\/\/municipalidadpucon.cl\/index.php?rest_route=\/wp\/v2\/posts"}],"about":[{"href":"https:\/\/municipalidadpucon.cl\/index.php?rest_route=\/wp\/v2\/types\/post"}],"author":[{"embeddable":true,"href":"https:\/\/municipalidadpucon.cl\/index.php?rest_route=\/wp\/v2\/users\/11"}],"replies":[{"embeddable":true,"href":"https:\/\/municipalidadpucon.cl\/index.php?rest_route=%2Fwp%2Fv2%2Fcomments&post=57959"}],"version-history":[{"count":1,"href":"https:\/\/municipalidadpucon.cl\/index.php?rest_route=\/wp\/v2\/posts\/57959\/revisions"}],"predecessor-version":[{"id":57971,"href":"https:\/\/municipalidadpucon.cl\/index.php?rest_route=\/wp\/v2\/posts\/57959\/revisions\/57971"}],"wp:featuredmedia":[{"embeddable":true,"href":"https:\/\/municipalidadpucon.cl\/index.php?rest_route=\/wp\/v2\/media\/57970"}],"wp:attachment":[{"href":"https:\/\/municipalidadpucon.cl\/index.php?rest_route=%2Fwp%2Fv2%2Fmedia&parent=57959"}],"wp:term":[{"taxonomy":"category","embeddable":true,"href":"https:\/\/municipalidadpucon.cl\/index.php?rest_route=%2Fwp%2Fv2%2Fcategories&post=57959"},{"taxonomy":"post_tag","embeddable":true,"href":"https:\/\/municipalidadpucon.cl\/index.php?rest_route=%2Fwp%2Fv2%2Ftags&post=57959"}],"curies":[{"name":"wp","href":"https:\/\/api.w.org\/{rel}","templated":true}]}}