{"id":59263,"date":"2026-03-12T17:45:35","date_gmt":"2026-03-12T20:45:35","guid":{"rendered":"https:\/\/municipalidadpucon.cl\/?p=59263"},"modified":"2026-03-12T17:45:35","modified_gmt":"2026-03-12T20:45:35","slug":"escuelas-rurales-de-pucon-la-hicieron-de-nuevo-confirmados-entre-las-mejores-diez-de-chile-en-el-simce","status":"publish","type":"post","link":"https:\/\/municipalidadpucon.cl\/?p=59263","title":{"rendered":"Escuelas rurales de Puc\u00f3n la hicieron de nuevo: Confirmados entre las mejores diez de Chile en el SIMCE"},"content":{"rendered":"<p><em><strong>Las escuelas Pichares, Paillaco y El Claro no s\u00f3lo han estado en lo m\u00e1s alto de los puntajes a nivel comunal y regional, superando incluso a establecimientos particulares, sino que tambi\u00e9n brillan entre sus pares a nivel nacional.<\/strong><\/em><\/p>\n<p><img decoding=\"async\" class=\"size-medium wp-image-59264 aligncenter\" src=\"https:\/\/municipalidadpucon.cl\/wp-content\/uploads\/2026\/03\/2-300x169.jpg\" alt=\"\" width=\"300\" height=\"169\" srcset=\"https:\/\/municipalidadpucon.cl\/wp-content\/uploads\/2026\/03\/2-200x113.jpg 200w, https:\/\/municipalidadpucon.cl\/wp-content\/uploads\/2026\/03\/2-300x169.jpg 300w, https:\/\/municipalidadpucon.cl\/wp-content\/uploads\/2026\/03\/2-400x225.jpg 400w, https:\/\/municipalidadpucon.cl\/wp-content\/uploads\/2026\/03\/2-600x338.jpg 600w, https:\/\/municipalidadpucon.cl\/wp-content\/uploads\/2026\/03\/2-768x432.jpg 768w, https:\/\/municipalidadpucon.cl\/wp-content\/uploads\/2026\/03\/2-800x450.jpg 800w, https:\/\/municipalidadpucon.cl\/wp-content\/uploads\/2026\/03\/2-1024x576.jpg 1024w, https:\/\/municipalidadpucon.cl\/wp-content\/uploads\/2026\/03\/2-1200x675.jpg 1200w, https:\/\/municipalidadpucon.cl\/wp-content\/uploads\/2026\/03\/2-scaled.jpg 1300w, https:\/\/municipalidadpucon.cl\/wp-content\/uploads\/2026\/03\/2-1536x864.jpg 1536w\" sizes=\"(max-width: 300px) 100vw, 300px\" \/><\/p>\n<p>Una hist\u00f3rica marca se asegur\u00f3 a nivel nacional la educaci\u00f3n municipal de Puc\u00f3n, gracias a tres establecimientos rurales, que no s\u00f3lo fueron confirmados con sus destacados resultados en el SIMCE 2025 a nivel comunal y regional, sino que tambi\u00e9n entre los diez con mejores rendimientos en lenguaje y matem\u00e1ticas entre los cuartos b\u00e1sicos del pa\u00eds.<\/p>\n<p>La Escuela Pichares, en el SIMCE de lectura result\u00f3 segunda en Chile, con 326 puntos, s\u00f3lo siendo superada por el Colegio Cambridge College de Providencia; mientras que en el mismo r\u00e1nking figura quinta la Escuela Paillaco (303) y novena la Escuela El Claro (291).<\/p>\n<p>Mientras en matem\u00e1ticas Pichares se ubica tercera (310 unidades), por detr\u00e1s del mismo Cambridge de Providencia (336) y el Colegio Francisco Encina de \u00d1u\u00f1oa (311), la Escuela Paillaco es sexta a nivel pa\u00eds (298) y la Escuela Quelhue aparece d\u00e9cima de Chile con sus 273 puntos obtenidos por sus estudiantes de cuarto b\u00e1sico.<\/p>\n<p><strong>FELICIDAD TOTAL<\/strong><\/p>\n<p>\u201cEs una alegr\u00eda tremenda para nosotros como escuela poder recibir esta noticia\u201d, dijo entre risas nerviosas el director de la Escuela Pichares, Claudio Calfunao, quien recalc\u00f3 que \u201cen cierta forma, es un premio al esfuerzo de toda una comunidad. Es para nosotros muy significativo y nos insta a seguir trabajando con la misma fuerza, con el mismo entusiasmo, y esto nos sirve para poder seguir con estos resultados\u201d.<\/p>\n<!--[if lt IE 9]><script>document.createElement('audio');<\/script><![endif]-->\n<audio class=\"wp-audio-shortcode\" id=\"audio-59263-1\" preload=\"none\" style=\"width: 100%;\" controls=\"controls\"><source type=\"audio\/mpeg\" src=\"https:\/\/municipalidadpucon.cl\/wp-content\/uploads\/2026\/03\/Claudio-Calfunao-director-Escuela-PIchares-y-este-logro-nacional-.mp3?_=1\" \/><a href=\"https:\/\/municipalidadpucon.cl\/wp-content\/uploads\/2026\/03\/Claudio-Calfunao-director-Escuela-PIchares-y-este-logro-nacional-.mp3\">https:\/\/municipalidadpucon.cl\/wp-content\/uploads\/2026\/03\/Claudio-Calfunao-director-Escuela-PIchares-y-este-logro-nacional-.mp3<\/a><\/audio>\n<p><img decoding=\"async\" class=\"alignnone size-medium wp-image-59266\" src=\"https:\/\/municipalidadpucon.cl\/wp-content\/uploads\/2026\/03\/4-300x200.png\" alt=\"\" width=\"300\" height=\"200\" srcset=\"https:\/\/municipalidadpucon.cl\/wp-content\/uploads\/2026\/03\/4-200x133.png 200w, https:\/\/municipalidadpucon.cl\/wp-content\/uploads\/2026\/03\/4-300x200.png 300w, https:\/\/municipalidadpucon.cl\/wp-content\/uploads\/2026\/03\/4-400x267.png 400w, https:\/\/municipalidadpucon.cl\/wp-content\/uploads\/2026\/03\/4-600x400.png 600w, https:\/\/municipalidadpucon.cl\/wp-content\/uploads\/2026\/03\/4-768x512.png 768w, https:\/\/municipalidadpucon.cl\/wp-content\/uploads\/2026\/03\/4-800x533.png 800w, https:\/\/municipalidadpucon.cl\/wp-content\/uploads\/2026\/03\/4-1024x683.png 1024w, https:\/\/municipalidadpucon.cl\/wp-content\/uploads\/2026\/03\/4-1200x800.png 1200w, https:\/\/municipalidadpucon.cl\/wp-content\/uploads\/2026\/03\/4.png 1536w\" sizes=\"(max-width: 300px) 100vw, 300px\" \/><\/p>\n<p>El l\u00edder acad\u00e9mico de este establecimiento rural de Puc\u00f3n, ubicado en el sector Villa San Pedro, en la intersecci\u00f3n de las rutas S-907 y S-93, junto con destacar el apoyo recibido de parte de la Municipalidad de Puc\u00f3n, a trav\u00e9s del Departamento de Educaci\u00f3n (DAEM), afirm\u00f3 que \u201clos resultados son una cosa, pero trabajamos m\u00e1s enfocados en que nuestros estudiantes aprendan y puedan satisfacer sus necesidades educativas, pero tambi\u00e9n en el \u00e1rea de convivencia. Nosotros nos enfocamos en formar a la persona y los aprendizajes van de la mano\u201d.<\/p>\n<p><strong>REVALORAR LA EDUCACI\u00d3N RURAL<\/strong><\/p>\n<p>Gestor de la mejora constante en la educaci\u00f3n municipal puconina ha sido el alcalde de la comuna, Sebasti\u00e1n \u00c1lvarez, quien valor\u00f3 este \u201ctop ten\u201d de cuatro escuelas locales. \u201cTenemos que recuperar la educaci\u00f3n rural, tenemos que reestablecer las escuelas peque\u00f1as con grupos diversos de estudiantes, pero que tienen identidad territorial y pueden compartir aprendizajes propios de la localidad\u201d, valor\u00f3 el jefe comunal, quien insisti\u00f3 que \u201cla escuela de Pichares nos da cuenta, en un resultado exitoso, que este modelo de la recuperaci\u00f3n de la educaci\u00f3n rural, mejorando el establecimiento, incorporando tecnolog\u00eda, permite el asentamiento territorial, identidad local, pero lo m\u00e1s importante, un mejor aprendizaje\u201d.<\/p>\n<audio class=\"wp-audio-shortcode\" id=\"audio-59263-2\" preload=\"none\" style=\"width: 100%;\" controls=\"controls\"><source type=\"audio\/mpeg\" src=\"https:\/\/municipalidadpucon.cl\/wp-content\/uploads\/2026\/03\/Alcalde-Sebastian-Alvarez-valora-la-educacion-rural-.mp3?_=2\" \/><a href=\"https:\/\/municipalidadpucon.cl\/wp-content\/uploads\/2026\/03\/Alcalde-Sebastian-Alvarez-valora-la-educacion-rural-.mp3\">https:\/\/municipalidadpucon.cl\/wp-content\/uploads\/2026\/03\/Alcalde-Sebastian-Alvarez-valora-la-educacion-rural-.mp3<\/a><\/audio>\n<p><img decoding=\"async\" class=\"alignnone size-medium wp-image-59268\" src=\"https:\/\/municipalidadpucon.cl\/wp-content\/uploads\/2026\/03\/3-13-300x169.jpeg\" alt=\"\" width=\"300\" height=\"169\" srcset=\"https:\/\/municipalidadpucon.cl\/wp-content\/uploads\/2026\/03\/3-13-200x113.jpeg 200w, https:\/\/municipalidadpucon.cl\/wp-content\/uploads\/2026\/03\/3-13-300x169.jpeg 300w, https:\/\/municipalidadpucon.cl\/wp-content\/uploads\/2026\/03\/3-13-400x225.jpeg 400w, https:\/\/municipalidadpucon.cl\/wp-content\/uploads\/2026\/03\/3-13-600x338.jpeg 600w, https:\/\/municipalidadpucon.cl\/wp-content\/uploads\/2026\/03\/3-13-768x432.jpeg 768w, https:\/\/municipalidadpucon.cl\/wp-content\/uploads\/2026\/03\/3-13-800x450.jpeg 800w, https:\/\/municipalidadpucon.cl\/wp-content\/uploads\/2026\/03\/3-13-1024x576.jpeg 1024w, https:\/\/municipalidadpucon.cl\/wp-content\/uploads\/2026\/03\/3-13-1200x675.jpeg 1200w, https:\/\/municipalidadpucon.cl\/wp-content\/uploads\/2026\/03\/3-13-scaled.jpeg 1300w, https:\/\/municipalidadpucon.cl\/wp-content\/uploads\/2026\/03\/3-13-1536x864.jpeg 1536w\" sizes=\"(max-width: 300px) 100vw, 300px\" \/><\/p>\n<p>Tambi\u00e9n destac\u00f3 estos logros la directora (s) del DAEM de Puc\u00f3n, Katty Rodr\u00edguez, al insistir en que \u201clos resultados hablan de una gesti\u00f3n que se puede hacer dentro de una comuna cuando est\u00e1 el apoyo de las autoridades, y en este caso el alcalde \u00c1lvarez se ha preocupado desde los detalles m\u00e1s m\u00ednimos en los establecimientos educacionales y tambi\u00e9n de las personas que trabajamos para la educaci\u00f3n\u201d.<\/p>\n<audio class=\"wp-audio-shortcode\" id=\"audio-59263-3\" preload=\"none\" style=\"width: 100%;\" controls=\"controls\"><source type=\"audio\/mpeg\" src=\"https:\/\/municipalidadpucon.cl\/wp-content\/uploads\/2026\/03\/Katty-Rodriguez-DAEM-s-y-trabajo-en-la-Escuela-PIchares-.mp3?_=3\" \/><a href=\"https:\/\/municipalidadpucon.cl\/wp-content\/uploads\/2026\/03\/Katty-Rodriguez-DAEM-s-y-trabajo-en-la-Escuela-PIchares-.mp3\">https:\/\/municipalidadpucon.cl\/wp-content\/uploads\/2026\/03\/Katty-Rodriguez-DAEM-s-y-trabajo-en-la-Escuela-PIchares-.mp3<\/a><\/audio>\n<p><strong>MUNICIPALIZACI\u00d3N<\/strong><\/p>\n<p>La personera destac\u00f3 que \u201cnosotros podemos demostrar que con una buena gesti\u00f3n se pueden alcanzar resultados de aprendizajes mejores que los que obtienen los Servicios Locales de Educaci\u00f3n (SLEP). Hoy d\u00eda Puc\u00f3n ha mostrado, espec\u00edficamente en la Escuela de Pichares, donde se realiz\u00f3 un proyecto de conservaci\u00f3n (el a\u00f1o 2025), que con esas condiciones los estudiantes pueden estudiar en un ambiente y en un entorno mucho mejor\u201d.<\/p>\n<p>&nbsp;<\/p>\n<p>&nbsp;<\/p>\n","protected":false},"excerpt":{"rendered":"<p>Las escuelas Pichares, Paillaco y El Claro no s\u00f3lo han [&hellip;]<\/p>\n","protected":false},"author":11,"featured_media":59270,"comment_status":"closed","ping_status":"open","sticky":false,"template":"","format":"standard","meta":[],"categories":[98,3],"tags":[],"_links":{"self":[{"href":"https:\/\/municipalidadpucon.cl\/index.php?rest_route=\/wp\/v2\/posts\/59263"}],"collection":[{"href":"https:\/\/municipalidadpucon.cl\/index.php?rest_route=\/wp\/v2\/posts"}],"about":[{"href":"https:\/\/municipalidadpucon.cl\/index.php?rest_route=\/wp\/v2\/types\/post"}],"author":[{"embeddable":true,"href":"https:\/\/municipalidadpucon.cl\/index.php?rest_route=\/wp\/v2\/users\/11"}],"replies":[{"embeddable":true,"href":"https:\/\/municipalidadpucon.cl\/index.php?rest_route=%2Fwp%2Fv2%2Fcomments&post=59263"}],"version-history":[{"count":1,"href":"https:\/\/municipalidadpucon.cl\/index.php?rest_route=\/wp\/v2\/posts\/59263\/revisions"}],"predecessor-version":[{"id":59271,"href":"https:\/\/municipalidadpucon.cl\/index.php?rest_route=\/wp\/v2\/posts\/59263\/revisions\/59271"}],"wp:featuredmedia":[{"embeddable":true,"href":"https:\/\/municipalidadpucon.cl\/index.php?rest_route=\/wp\/v2\/media\/59270"}],"wp:attachment":[{"href":"https:\/\/municipalidadpucon.cl\/index.php?rest_route=%2Fwp%2Fv2%2Fmedia&parent=59263"}],"wp:term":[{"taxonomy":"category","embeddable":true,"href":"https:\/\/municipalidadpucon.cl\/index.php?rest_route=%2Fwp%2Fv2%2Fcategories&post=59263"},{"taxonomy":"post_tag","embeddable":true,"href":"https:\/\/municipalidadpucon.cl\/index.php?rest_route=%2Fwp%2Fv2%2Ftags&post=59263"}],"curies":[{"name":"wp","href":"https:\/\/api.w.org\/{rel}","templated":true}]}}