{"id":59904,"date":"2026-04-27T10:11:14","date_gmt":"2026-04-27T13:11:14","guid":{"rendered":"https:\/\/municipalidadpucon.cl\/?p=59904"},"modified":"2026-04-27T10:11:14","modified_gmt":"2026-04-27T13:11:14","slug":"gestiones-en-cultura-obras-publicas-y-deporte-concreto-el-alcalde-de-pucon-con-autoridades-nacionales","status":"publish","type":"post","link":"https:\/\/municipalidadpucon.cl\/?p=59904","title":{"rendered":"Gestiones en cultura, obras p\u00fablicas y deporte concret\u00f3 el alcalde de Puc\u00f3n con autoridades nacionales"},"content":{"rendered":"<p><em><strong>En Santiago, el edil Sebasti\u00e1n \u00c1lvarez acerc\u00f3 voluntades para invertir en un Centro Cultural de la comuna, proponer una nueva alternativa de conexi\u00f3n vial con Villarrica y tambi\u00e9n con el volc\u00e1n; adem\u00e1s de promover inversiones para el deporte y el turismo local.<\/strong><\/em><\/p>\n<p>Enormemente productiva result\u00f3 una serie de reuniones sostenidas en Santiago por el alcalde de la comuna de Puc\u00f3n, Sebasti\u00e1n \u00c1lvarez, quien adem\u00e1s de participar en la capital nacional de la promoci\u00f3n tur\u00edstica denominada \u201cPuc\u00f3n Te Espera\u201d, gestion\u00f3 recursos e iniciativas con autoridades gubernamentales; entre ellas, los ministros de Cultura, Obras P\u00fablicas y Deportes, sum\u00e1ndose a un recorrido por la Subsecretar\u00eda de Desarrollo Regional (SUBDERE) y la Municipalidad de Santiago.<\/p>\n<p><strong>IMPULSAR CENTRO CULTURAL<\/strong><\/p>\n<p>La primera gran noticia para la comuna lacustre fue que el Ministro de las Culturas, las Artes y el Patrimonio, Francisco Undurraga, confirm\u00f3 el apoyo para la concreci\u00f3n del ansiado Centro Cultural de Puc\u00f3n.<\/p>\n<p>\u201cHemos tenido una reuni\u00f3n importante que nos ha permitido clarificar y transparentar la situaci\u00f3n de nuestro Centro Cultural\u201d, dijo el jefe comunal, quien detall\u00f3 que \u201cse hab\u00eda hecho un anuncio que este era un proyecto que estaba listo para ser construido y la verdad es que t\u00e9cnicamente no cumple esos requisitos\u201d.<\/p>\n<!--[if lt IE 9]><script>document.createElement('audio');<\/script><![endif]-->\n<audio class=\"wp-audio-shortcode\" id=\"audio-59904-1\" preload=\"none\" style=\"width: 100%;\" controls=\"controls\"><source type=\"audio\/mpeg\" src=\"https:\/\/municipalidadpucon.cl\/wp-content\/uploads\/2026\/04\/Alcalde-Sebastian-Alvarez-explica-que-proyecto-de-Centro-Cultural-no-cumple-requisitos.mp3?_=1\" \/><a href=\"https:\/\/municipalidadpucon.cl\/wp-content\/uploads\/2026\/04\/Alcalde-Sebastian-Alvarez-explica-que-proyecto-de-Centro-Cultural-no-cumple-requisitos.mp3\">https:\/\/municipalidadpucon.cl\/wp-content\/uploads\/2026\/04\/Alcalde-Sebastian-Alvarez-explica-que-proyecto-de-Centro-Cultural-no-cumple-requisitos.mp3<\/a><\/audio>\n<p>Fue el propio ministro Undurraga el que confirm\u00f3 que \u00e9sta \u201ces primera vez que recibimos este proyecto, no solamente como administraci\u00f3n, sino en la historia de este ministerio\u201d. A pesar de ello, el Ejecutivo se comprometi\u00f3 \u201cen tramitar, a la brevedad, la solicitud para poder viabilizar, en el futuro pr\u00f3ximo, un Centro Cultural para Puc\u00f3n\u201d.<\/p>\n<audio class=\"wp-audio-shortcode\" id=\"audio-59904-2\" preload=\"none\" style=\"width: 100%;\" controls=\"controls\"><source type=\"audio\/mpeg\" src=\"https:\/\/municipalidadpucon.cl\/wp-content\/uploads\/2026\/04\/Francisco-Undurraga-Ministro-de-Cultura-afirma-que-no-habia-proyecto-pero-apoyara-nueva-iniciativa-.mp3?_=2\" \/><a href=\"https:\/\/municipalidadpucon.cl\/wp-content\/uploads\/2026\/04\/Francisco-Undurraga-Ministro-de-Cultura-afirma-que-no-habia-proyecto-pero-apoyara-nueva-iniciativa-.mp3\">https:\/\/municipalidadpucon.cl\/wp-content\/uploads\/2026\/04\/Francisco-Undurraga-Ministro-de-Cultura-afirma-que-no-habia-proyecto-pero-apoyara-nueva-iniciativa-.mp3<\/a><\/audio>\n<p><img decoding=\"async\" class=\"alignnone size-medium wp-image-59907\" src=\"https:\/\/municipalidadpucon.cl\/wp-content\/uploads\/2026\/04\/3B-300x209.jpg\" alt=\"\" width=\"300\" height=\"209\" srcset=\"https:\/\/municipalidadpucon.cl\/wp-content\/uploads\/2026\/04\/3B-200x139.jpg 200w, https:\/\/municipalidadpucon.cl\/wp-content\/uploads\/2026\/04\/3B-300x209.jpg 300w, https:\/\/municipalidadpucon.cl\/wp-content\/uploads\/2026\/04\/3B-400x279.jpg 400w, https:\/\/municipalidadpucon.cl\/wp-content\/uploads\/2026\/04\/3B-600x418.jpg 600w, https:\/\/municipalidadpucon.cl\/wp-content\/uploads\/2026\/04\/3B-768x535.jpg 768w, https:\/\/municipalidadpucon.cl\/wp-content\/uploads\/2026\/04\/3B-800x558.jpg 800w, https:\/\/municipalidadpucon.cl\/wp-content\/uploads\/2026\/04\/3B-1024x714.jpg 1024w, https:\/\/municipalidadpucon.cl\/wp-content\/uploads\/2026\/04\/3B-1200x837.jpg 1200w, https:\/\/municipalidadpucon.cl\/wp-content\/uploads\/2026\/04\/3B-scaled.jpg 1300w, https:\/\/municipalidadpucon.cl\/wp-content\/uploads\/2026\/04\/3B-1536x1071.jpg 1536w\" sizes=\"(max-width: 300px) 100vw, 300px\" \/> <img decoding=\"async\" class=\"alignnone size-medium wp-image-59908\" src=\"https:\/\/municipalidadpucon.cl\/wp-content\/uploads\/2026\/04\/IMG_1979-300x225.jpg\" alt=\"\" width=\"300\" height=\"225\" srcset=\"https:\/\/municipalidadpucon.cl\/wp-content\/uploads\/2026\/04\/IMG_1979-200x150.jpg 200w, https:\/\/municipalidadpucon.cl\/wp-content\/uploads\/2026\/04\/IMG_1979-300x225.jpg 300w, https:\/\/municipalidadpucon.cl\/wp-content\/uploads\/2026\/04\/IMG_1979-400x300.jpg 400w, https:\/\/municipalidadpucon.cl\/wp-content\/uploads\/2026\/04\/IMG_1979-600x450.jpg 600w, https:\/\/municipalidadpucon.cl\/wp-content\/uploads\/2026\/04\/IMG_1979-768x576.jpg 768w, https:\/\/municipalidadpucon.cl\/wp-content\/uploads\/2026\/04\/IMG_1979-800x600.jpg 800w, https:\/\/municipalidadpucon.cl\/wp-content\/uploads\/2026\/04\/IMG_1979-1024x768.jpg 1024w, https:\/\/municipalidadpucon.cl\/wp-content\/uploads\/2026\/04\/IMG_1979-1200x900.jpg 1200w, https:\/\/municipalidadpucon.cl\/wp-content\/uploads\/2026\/04\/IMG_1979-scaled.jpg 1300w, https:\/\/municipalidadpucon.cl\/wp-content\/uploads\/2026\/04\/IMG_1979-1536x1152.jpg 1536w\" sizes=\"(max-width: 300px) 100vw, 300px\" \/><\/p>\n<p>De hecho, presente en estos encuentros, el director de la Secretar\u00eda de Planificaci\u00f3n Comunal (SECPLAC) del Municipio puconino, Cristian Vergara, ratific\u00f3 que la autoridad nacional asegur\u00f3 incluir a Puc\u00f3n en el programa de centros culturales para comunas menores de 50 mil habitantes, \u201cuna muy buena noticia para la comuna\u201d, indic\u00f3 el SECPLAC.<\/p>\n<p><strong>DOBLE V\u00cdA Y NUEVA RUTA<\/strong><\/p>\n<p>Particularmente, prometedor acab\u00f3 el encuentro con el ministro de Obras P\u00fablicas, Mart\u00edn Arrau, quien le confirm\u00f3 al equipo municipal de Puc\u00f3n que en las pr\u00f3ximas semanas se retomar\u00e1 el Proyecto Doble V\u00eda Freire-Villarrica-Puc\u00f3n, seg\u00fan el dise\u00f1o conocido de la concesionaria de la Ruta 5 Sur, pero cumpliendo las consultas ciudadanas. Eso s\u00ed, el ministro vio con buenos ojos la propuesta de abrir una ruta por la Ribera Norte del Lago Villarrica, proyecto que ya tiene un dise\u00f1o casi finalizado y que as\u00ed pueda unir a las lacustres Puc\u00f3n y Villarrica, por un tramo que el proyecto de doble v\u00eda podr\u00eda incorporar.<\/p>\n<p><img decoding=\"async\" class=\"alignnone size-medium wp-image-59909\" src=\"https:\/\/municipalidadpucon.cl\/wp-content\/uploads\/2026\/04\/6-10-300x169.jpeg\" alt=\"\" width=\"300\" height=\"169\" srcset=\"https:\/\/municipalidadpucon.cl\/wp-content\/uploads\/2026\/04\/6-10-200x113.jpeg 200w, https:\/\/municipalidadpucon.cl\/wp-content\/uploads\/2026\/04\/6-10-300x169.jpeg 300w, https:\/\/municipalidadpucon.cl\/wp-content\/uploads\/2026\/04\/6-10-400x225.jpeg 400w, https:\/\/municipalidadpucon.cl\/wp-content\/uploads\/2026\/04\/6-10-600x338.jpeg 600w, https:\/\/municipalidadpucon.cl\/wp-content\/uploads\/2026\/04\/6-10-768x432.jpeg 768w, https:\/\/municipalidadpucon.cl\/wp-content\/uploads\/2026\/04\/6-10-800x450.jpeg 800w, https:\/\/municipalidadpucon.cl\/wp-content\/uploads\/2026\/04\/6-10-1024x576.jpeg 1024w, https:\/\/municipalidadpucon.cl\/wp-content\/uploads\/2026\/04\/6-10-1200x675.jpeg 1200w, https:\/\/municipalidadpucon.cl\/wp-content\/uploads\/2026\/04\/6-10.jpeg 1280w\" sizes=\"(max-width: 300px) 100vw, 300px\" \/> <img decoding=\"async\" class=\"alignnone size-medium wp-image-59910\" src=\"https:\/\/municipalidadpucon.cl\/wp-content\/uploads\/2026\/04\/X-300x183.jpeg\" alt=\"\" width=\"300\" height=\"183\" srcset=\"https:\/\/municipalidadpucon.cl\/wp-content\/uploads\/2026\/04\/X-200x122.jpeg 200w, https:\/\/municipalidadpucon.cl\/wp-content\/uploads\/2026\/04\/X-300x183.jpeg 300w, https:\/\/municipalidadpucon.cl\/wp-content\/uploads\/2026\/04\/X-400x244.jpeg 400w, https:\/\/municipalidadpucon.cl\/wp-content\/uploads\/2026\/04\/X-600x366.jpeg 600w, https:\/\/municipalidadpucon.cl\/wp-content\/uploads\/2026\/04\/X-768x469.jpeg 768w, https:\/\/municipalidadpucon.cl\/wp-content\/uploads\/2026\/04\/X-800x488.jpeg 800w, https:\/\/municipalidadpucon.cl\/wp-content\/uploads\/2026\/04\/X-1024x625.jpeg 1024w, https:\/\/municipalidadpucon.cl\/wp-content\/uploads\/2026\/04\/X-1200x732.jpeg 1200w, https:\/\/municipalidadpucon.cl\/wp-content\/uploads\/2026\/04\/X.jpeg 1280w\" sizes=\"(max-width: 300px) 100vw, 300px\" \/><\/p>\n<audio class=\"wp-audio-shortcode\" id=\"audio-59904-3\" preload=\"none\" style=\"width: 100%;\" controls=\"controls\"><source type=\"audio\/mpeg\" src=\"https:\/\/municipalidadpucon.cl\/wp-content\/uploads\/2026\/04\/Alcalde-Sebastian-Alvarez-cronograma-con-el-MOP-y-ladera-norte.mp3?_=3\" \/><a href=\"https:\/\/municipalidadpucon.cl\/wp-content\/uploads\/2026\/04\/Alcalde-Sebastian-Alvarez-cronograma-con-el-MOP-y-ladera-norte.mp3\">https:\/\/municipalidadpucon.cl\/wp-content\/uploads\/2026\/04\/Alcalde-Sebastian-Alvarez-cronograma-con-el-MOP-y-ladera-norte.mp3<\/a><\/audio>\n<p>Adem\u00e1s, disponible a alinear a los personeros del MOP regional estuvo el ministro Arrau, con el objetivo de poder \u201cenrolar\u201d un total de 6.25 kil\u00f3metros de la ruta de acceso al Volc\u00e1n Villarrica, lo que allanar\u00eda una mejora ostensible al trazado que da acceso tur\u00edstico al macizo, en especial en \u00e9poca invernal.<\/p>\n<p><strong>M\u00c1S INICIATIVAS<\/strong><\/p>\n<p>Mientras, con la Ministra del Deporte, Natalia Duco, la representaci\u00f3n del Municipio de Puc\u00f3n propuso mejoras en infraestructura deportiva, lo que fue bien recibido por la exatleta y sus equipos ministeriales.<\/p>\n<p><img decoding=\"async\" class=\"alignnone size-medium wp-image-59911\" src=\"https:\/\/municipalidadpucon.cl\/wp-content\/uploads\/2026\/04\/3A-200x300.jpeg\" alt=\"\" width=\"200\" height=\"300\" srcset=\"https:\/\/municipalidadpucon.cl\/wp-content\/uploads\/2026\/04\/3A-200x300.jpeg 200w, https:\/\/municipalidadpucon.cl\/wp-content\/uploads\/2026\/04\/3A-400x600.jpeg 400w, https:\/\/municipalidadpucon.cl\/wp-content\/uploads\/2026\/04\/3A-600x901.jpeg 600w, https:\/\/municipalidadpucon.cl\/wp-content\/uploads\/2026\/04\/3A-682x1024.jpeg 682w, https:\/\/municipalidadpucon.cl\/wp-content\/uploads\/2026\/04\/3A-768x1153.jpeg 768w, https:\/\/municipalidadpucon.cl\/wp-content\/uploads\/2026\/04\/3A-800x1201.jpeg 800w, https:\/\/municipalidadpucon.cl\/wp-content\/uploads\/2026\/04\/3A-scaled.jpeg 866w, https:\/\/municipalidadpucon.cl\/wp-content\/uploads\/2026\/04\/3A-1023x1536.jpeg 1023w\" sizes=\"(max-width: 200px) 100vw, 200px\" \/> <img decoding=\"async\" class=\"alignnone size-medium wp-image-59912\" src=\"https:\/\/municipalidadpucon.cl\/wp-content\/uploads\/2026\/04\/5-14-300x237.jpeg\" alt=\"\" width=\"300\" height=\"237\" srcset=\"https:\/\/municipalidadpucon.cl\/wp-content\/uploads\/2026\/04\/5-14-200x158.jpeg 200w, https:\/\/municipalidadpucon.cl\/wp-content\/uploads\/2026\/04\/5-14-300x237.jpeg 300w, https:\/\/municipalidadpucon.cl\/wp-content\/uploads\/2026\/04\/5-14-400x316.jpeg 400w, https:\/\/municipalidadpucon.cl\/wp-content\/uploads\/2026\/04\/5-14-600x473.jpeg 600w, https:\/\/municipalidadpucon.cl\/wp-content\/uploads\/2026\/04\/5-14-768x606.jpeg 768w, https:\/\/municipalidadpucon.cl\/wp-content\/uploads\/2026\/04\/5-14-800x631.jpeg 800w, https:\/\/municipalidadpucon.cl\/wp-content\/uploads\/2026\/04\/5-14.jpeg 900w\" sizes=\"(max-width: 300px) 100vw, 300px\" \/><\/p>\n<p>La delegaci\u00f3n tambi\u00e9n acerc\u00f3 gestiones con las cuales restaurar la infraestructura sanitaria de la Escuela Quelhue; readecuar el sistema de aguas lluvia en el Barrio Cordillera y renovar juegos infantiles en el pasaje Obispo Vald\u00e9s.<\/p>\n<p>Por \u00faltimo, el alcalde Sebasti\u00e1n \u00c1lvarez se reuni\u00f3 con su par de Santiago, Mario Desbordes, comprometi\u00e9ndose ambos a firmar un convenio de apoyo a emprendedores, econom\u00eda local, planes de seguridad y gesti\u00f3n de desarrollo local.<\/p>\n<p><img decoding=\"async\" class=\"alignnone size-medium wp-image-59913\" src=\"https:\/\/municipalidadpucon.cl\/wp-content\/uploads\/2026\/04\/7-225x300.jpg\" alt=\"\" width=\"225\" height=\"300\" srcset=\"https:\/\/municipalidadpucon.cl\/wp-content\/uploads\/2026\/04\/7-200x267.jpg 200w, https:\/\/municipalidadpucon.cl\/wp-content\/uploads\/2026\/04\/7-225x300.jpg 225w, https:\/\/municipalidadpucon.cl\/wp-content\/uploads\/2026\/04\/7-400x533.jpg 400w, https:\/\/municipalidadpucon.cl\/wp-content\/uploads\/2026\/04\/7-600x800.jpg 600w, https:\/\/municipalidadpucon.cl\/wp-content\/uploads\/2026\/04\/7-768x1024.jpg 768w, https:\/\/municipalidadpucon.cl\/wp-content\/uploads\/2026\/04\/7-800x1067.jpg 800w, https:\/\/municipalidadpucon.cl\/wp-content\/uploads\/2026\/04\/7-scaled.jpg 975w, https:\/\/municipalidadpucon.cl\/wp-content\/uploads\/2026\/04\/7-1152x1536.jpg 1152w, https:\/\/municipalidadpucon.cl\/wp-content\/uploads\/2026\/04\/7-1200x1600.jpg 1200w, https:\/\/municipalidadpucon.cl\/wp-content\/uploads\/2026\/04\/7-1536x2048.jpg 1536w\" sizes=\"(max-width: 225px) 100vw, 225px\" \/> <img decoding=\"async\" class=\"alignnone size-medium wp-image-59914\" src=\"https:\/\/municipalidadpucon.cl\/wp-content\/uploads\/2026\/04\/Alcalde8-225x300.jpg\" alt=\"\" width=\"225\" height=\"300\" srcset=\"https:\/\/municipalidadpucon.cl\/wp-content\/uploads\/2026\/04\/Alcalde8-200x267.jpg 200w, https:\/\/municipalidadpucon.cl\/wp-content\/uploads\/2026\/04\/Alcalde8-225x300.jpg 225w, https:\/\/municipalidadpucon.cl\/wp-content\/uploads\/2026\/04\/Alcalde8-400x533.jpg 400w, https:\/\/municipalidadpucon.cl\/wp-content\/uploads\/2026\/04\/Alcalde8-600x800.jpg 600w, https:\/\/municipalidadpucon.cl\/wp-content\/uploads\/2026\/04\/Alcalde8-768x1024.jpg 768w, https:\/\/municipalidadpucon.cl\/wp-content\/uploads\/2026\/04\/Alcalde8-800x1067.jpg 800w, https:\/\/municipalidadpucon.cl\/wp-content\/uploads\/2026\/04\/Alcalde8-scaled.jpg 975w, https:\/\/municipalidadpucon.cl\/wp-content\/uploads\/2026\/04\/Alcalde8-1152x1536.jpg 1152w, https:\/\/municipalidadpucon.cl\/wp-content\/uploads\/2026\/04\/Alcalde8-1200x1600.jpg 1200w, https:\/\/municipalidadpucon.cl\/wp-content\/uploads\/2026\/04\/Alcalde8-1536x2048.jpg 1536w\" sizes=\"(max-width: 225px) 100vw, 225px\" \/><\/p>\n<p>&#8220;Sabemos que los compromisos no pueden ser inmediatos, pero esperamos que, dentro de los pr\u00f3ximos d\u00edas, estas visitas arrojar\u00e1n positivos resultados&#8221;, rubric\u00f3 el edil puconino.<\/p>\n","protected":false},"excerpt":{"rendered":"<p>En Santiago, el edil Sebasti\u00e1n \u00c1lvarez acerc\u00f3 voluntades para invertir [&hellip;]<\/p>\n","protected":false},"author":11,"featured_media":59916,"comment_status":"closed","ping_status":"open","sticky":false,"template":"","format":"standard","meta":[],"categories":[98,95,3],"tags":[],"_links":{"self":[{"href":"https:\/\/municipalidadpucon.cl\/index.php?rest_route=\/wp\/v2\/posts\/59904"}],"collection":[{"href":"https:\/\/municipalidadpucon.cl\/index.php?rest_route=\/wp\/v2\/posts"}],"about":[{"href":"https:\/\/municipalidadpucon.cl\/index.php?rest_route=\/wp\/v2\/types\/post"}],"author":[{"embeddable":true,"href":"https:\/\/municipalidadpucon.cl\/index.php?rest_route=\/wp\/v2\/users\/11"}],"replies":[{"embeddable":true,"href":"https:\/\/municipalidadpucon.cl\/index.php?rest_route=%2Fwp%2Fv2%2Fcomments&post=59904"}],"version-history":[{"count":1,"href":"https:\/\/municipalidadpucon.cl\/index.php?rest_route=\/wp\/v2\/posts\/59904\/revisions"}],"predecessor-version":[{"id":59917,"href":"https:\/\/municipalidadpucon.cl\/index.php?rest_route=\/wp\/v2\/posts\/59904\/revisions\/59917"}],"wp:featuredmedia":[{"embeddable":true,"href":"https:\/\/municipalidadpucon.cl\/index.php?rest_route=\/wp\/v2\/media\/59916"}],"wp:attachment":[{"href":"https:\/\/municipalidadpucon.cl\/index.php?rest_route=%2Fwp%2Fv2%2Fmedia&parent=59904"}],"wp:term":[{"taxonomy":"category","embeddable":true,"href":"https:\/\/municipalidadpucon.cl\/index.php?rest_route=%2Fwp%2Fv2%2Fcategories&post=59904"},{"taxonomy":"post_tag","embeddable":true,"href":"https:\/\/municipalidadpucon.cl\/index.php?rest_route=%2Fwp%2Fv2%2Ftags&post=59904"}],"curies":[{"name":"wp","href":"https:\/\/api.w.org\/{rel}","templated":true}]}}