{"id":59919,"date":"2026-04-27T18:03:35","date_gmt":"2026-04-27T21:03:35","guid":{"rendered":"https:\/\/municipalidadpucon.cl\/?p=59919"},"modified":"2026-04-27T18:03:35","modified_gmt":"2026-04-27T21:03:35","slug":"pucon-destaco-como-superheroes-a-carabineros-de-chile-en-sus-99-anos-de-vida","status":"publish","type":"post","link":"https:\/\/municipalidadpucon.cl\/?p=59919","title":{"rendered":"Puc\u00f3n destac\u00f3 como \u201csuperh\u00e9roes\u201d a Carabineros de Chile en sus 99 a\u00f1os de vida"},"content":{"rendered":"<p><em><strong>Fue en el Gimnasio Municipal de la comuna lacustre en donde estudiantes locales, autoridades y fuerzas vivas reconocieron el trabajo de la polic\u00eda uniformada, fundada el 27 de abril de 1927 por quien fue Presidente de Chile, Carlos Ib\u00e1\u00f1ez del Campo.<\/strong><\/em><\/p>\n<p><img decoding=\"async\" class=\"size-medium wp-image-59920 aligncenter\" src=\"https:\/\/municipalidadpucon.cl\/wp-content\/uploads\/2026\/04\/SECUNDARIA-1-7-300x225.jpeg\" alt=\"\" width=\"300\" height=\"225\" srcset=\"https:\/\/municipalidadpucon.cl\/wp-content\/uploads\/2026\/04\/SECUNDARIA-1-7-200x150.jpeg 200w, https:\/\/municipalidadpucon.cl\/wp-content\/uploads\/2026\/04\/SECUNDARIA-1-7-300x225.jpeg 300w, https:\/\/municipalidadpucon.cl\/wp-content\/uploads\/2026\/04\/SECUNDARIA-1-7-400x300.jpeg 400w, https:\/\/municipalidadpucon.cl\/wp-content\/uploads\/2026\/04\/SECUNDARIA-1-7-600x450.jpeg 600w, https:\/\/municipalidadpucon.cl\/wp-content\/uploads\/2026\/04\/SECUNDARIA-1-7-768x576.jpeg 768w, https:\/\/municipalidadpucon.cl\/wp-content\/uploads\/2026\/04\/SECUNDARIA-1-7-800x600.jpeg 800w, https:\/\/municipalidadpucon.cl\/wp-content\/uploads\/2026\/04\/SECUNDARIA-1-7-1024x768.jpeg 1024w, https:\/\/municipalidadpucon.cl\/wp-content\/uploads\/2026\/04\/SECUNDARIA-1-7-1200x900.jpeg 1200w, https:\/\/municipalidadpucon.cl\/wp-content\/uploads\/2026\/04\/SECUNDARIA-1-7.jpeg 1280w\" sizes=\"(max-width: 300px) 100vw, 300px\" \/><\/p>\n<p>En un emotivo y sentido discurso, dedicado a los estudiantes que casi llenaron el Gimnasio Municipal de Puc\u00f3n, el alcalde de la comuna lacustre, Sebasti\u00e1n \u00c1lvarez, reconoci\u00f3 como \u201csuperh\u00e9roes\u201d a los Carabineros de Chile en su aniversario 99, que recuerda su fundaci\u00f3n en tiempos de quien fuera Presidente de Chile, Carlos Ib\u00e1\u00f1ez del Campo, el 27 de abril de 1927.<\/p>\n<p>Hasta el recinto deportivo asistieron escolares del sistema p\u00fablico como del particular subvencionado, quienes, junto a autoridades nacionales -encabezadas por el diputado Tom\u00e1s Kast y representante del senador Ren\u00e9 Manuel Garc\u00eda- y tambi\u00e9n personeros locales, aplaudieron la labor de los integrantes de la polic\u00eda uniformada, en donde 14 de ellos recibieron un especial reconocimiento de parte del propio municipio que \u00a0estuvo representado -junto al alcalde \u00c1lvarez- por los concejales Ver\u00f3nica Castillo, Claudio Cortez, Julio Inzunza, Armin Avil\u00e9s y Marina Matus.<\/p>\n<p>&nbsp;<\/p>\n<p><img decoding=\"async\" class=\"alignnone size-medium wp-image-59923\" src=\"https:\/\/municipalidadpucon.cl\/wp-content\/uploads\/2026\/04\/2A-1-300x225.jpeg\" alt=\"\" width=\"300\" height=\"225\" srcset=\"https:\/\/municipalidadpucon.cl\/wp-content\/uploads\/2026\/04\/2A-1-200x150.jpeg 200w, https:\/\/municipalidadpucon.cl\/wp-content\/uploads\/2026\/04\/2A-1-300x225.jpeg 300w, https:\/\/municipalidadpucon.cl\/wp-content\/uploads\/2026\/04\/2A-1-400x300.jpeg 400w, https:\/\/municipalidadpucon.cl\/wp-content\/uploads\/2026\/04\/2A-1-600x450.jpeg 600w, https:\/\/municipalidadpucon.cl\/wp-content\/uploads\/2026\/04\/2A-1-768x576.jpeg 768w, https:\/\/municipalidadpucon.cl\/wp-content\/uploads\/2026\/04\/2A-1-800x600.jpeg 800w, https:\/\/municipalidadpucon.cl\/wp-content\/uploads\/2026\/04\/2A-1-1024x768.jpeg 1024w, https:\/\/municipalidadpucon.cl\/wp-content\/uploads\/2026\/04\/2A-1-1200x900.jpeg 1200w, https:\/\/municipalidadpucon.cl\/wp-content\/uploads\/2026\/04\/2A-1.jpeg 1280w\" sizes=\"(max-width: 300px) 100vw, 300px\" \/> <img decoding=\"async\" class=\"alignnone size-medium wp-image-59924\" src=\"https:\/\/municipalidadpucon.cl\/wp-content\/uploads\/2026\/04\/3A-1-300x225.jpeg\" alt=\"\" width=\"300\" height=\"225\" srcset=\"https:\/\/municipalidadpucon.cl\/wp-content\/uploads\/2026\/04\/3A-1-200x150.jpeg 200w, https:\/\/municipalidadpucon.cl\/wp-content\/uploads\/2026\/04\/3A-1-300x225.jpeg 300w, https:\/\/municipalidadpucon.cl\/wp-content\/uploads\/2026\/04\/3A-1-400x300.jpeg 400w, https:\/\/municipalidadpucon.cl\/wp-content\/uploads\/2026\/04\/3A-1-600x450.jpeg 600w, https:\/\/municipalidadpucon.cl\/wp-content\/uploads\/2026\/04\/3A-1-768x576.jpeg 768w, https:\/\/municipalidadpucon.cl\/wp-content\/uploads\/2026\/04\/3A-1-800x600.jpeg 800w, https:\/\/municipalidadpucon.cl\/wp-content\/uploads\/2026\/04\/3A-1-1024x768.jpeg 1024w, https:\/\/municipalidadpucon.cl\/wp-content\/uploads\/2026\/04\/3A-1-1200x900.jpeg 1200w, https:\/\/municipalidadpucon.cl\/wp-content\/uploads\/2026\/04\/3A-1.jpeg 1280w\" sizes=\"(max-width: 300px) 100vw, 300px\" \/> <img decoding=\"async\" class=\"alignnone size-medium wp-image-59925\" src=\"https:\/\/municipalidadpucon.cl\/wp-content\/uploads\/2026\/04\/4A-2-300x225.jpeg\" alt=\"\" width=\"300\" height=\"225\" srcset=\"https:\/\/municipalidadpucon.cl\/wp-content\/uploads\/2026\/04\/4A-2-200x150.jpeg 200w, https:\/\/municipalidadpucon.cl\/wp-content\/uploads\/2026\/04\/4A-2-300x225.jpeg 300w, https:\/\/municipalidadpucon.cl\/wp-content\/uploads\/2026\/04\/4A-2-400x300.jpeg 400w, https:\/\/municipalidadpucon.cl\/wp-content\/uploads\/2026\/04\/4A-2-600x450.jpeg 600w, https:\/\/municipalidadpucon.cl\/wp-content\/uploads\/2026\/04\/4A-2-768x576.jpeg 768w, https:\/\/municipalidadpucon.cl\/wp-content\/uploads\/2026\/04\/4A-2-800x600.jpeg 800w, https:\/\/municipalidadpucon.cl\/wp-content\/uploads\/2026\/04\/4A-2-1024x768.jpeg 1024w, https:\/\/municipalidadpucon.cl\/wp-content\/uploads\/2026\/04\/4A-2-1200x900.jpeg 1200w, https:\/\/municipalidadpucon.cl\/wp-content\/uploads\/2026\/04\/4A-2.jpeg 1280w\" sizes=\"(max-width: 300px) 100vw, 300px\" \/> <img decoding=\"async\" class=\"alignnone size-medium wp-image-59926\" src=\"https:\/\/municipalidadpucon.cl\/wp-content\/uploads\/2026\/04\/5A-300x225.jpeg\" alt=\"\" width=\"300\" height=\"225\" srcset=\"https:\/\/municipalidadpucon.cl\/wp-content\/uploads\/2026\/04\/5A-200x150.jpeg 200w, https:\/\/municipalidadpucon.cl\/wp-content\/uploads\/2026\/04\/5A-300x225.jpeg 300w, https:\/\/municipalidadpucon.cl\/wp-content\/uploads\/2026\/04\/5A-400x300.jpeg 400w, https:\/\/municipalidadpucon.cl\/wp-content\/uploads\/2026\/04\/5A-600x450.jpeg 600w, https:\/\/municipalidadpucon.cl\/wp-content\/uploads\/2026\/04\/5A-768x576.jpeg 768w, https:\/\/municipalidadpucon.cl\/wp-content\/uploads\/2026\/04\/5A-800x600.jpeg 800w, https:\/\/municipalidadpucon.cl\/wp-content\/uploads\/2026\/04\/5A-1024x768.jpeg 1024w, https:\/\/municipalidadpucon.cl\/wp-content\/uploads\/2026\/04\/5A-1200x900.jpeg 1200w, https:\/\/municipalidadpucon.cl\/wp-content\/uploads\/2026\/04\/5A.jpeg 1280w\" sizes=\"(max-width: 300px) 100vw, 300px\" \/> <img decoding=\"async\" class=\"alignnone size-medium wp-image-59927\" src=\"https:\/\/municipalidadpucon.cl\/wp-content\/uploads\/2026\/04\/6-11-300x225.jpeg\" alt=\"\" width=\"300\" height=\"225\" srcset=\"https:\/\/municipalidadpucon.cl\/wp-content\/uploads\/2026\/04\/6-11-200x150.jpeg 200w, https:\/\/municipalidadpucon.cl\/wp-content\/uploads\/2026\/04\/6-11-300x225.jpeg 300w, https:\/\/municipalidadpucon.cl\/wp-content\/uploads\/2026\/04\/6-11-400x300.jpeg 400w, https:\/\/municipalidadpucon.cl\/wp-content\/uploads\/2026\/04\/6-11-600x450.jpeg 600w, https:\/\/municipalidadpucon.cl\/wp-content\/uploads\/2026\/04\/6-11-768x576.jpeg 768w, https:\/\/municipalidadpucon.cl\/wp-content\/uploads\/2026\/04\/6-11-800x600.jpeg 800w, https:\/\/municipalidadpucon.cl\/wp-content\/uploads\/2026\/04\/6-11-1024x768.jpeg 1024w, https:\/\/municipalidadpucon.cl\/wp-content\/uploads\/2026\/04\/6-11-1200x900.jpeg 1200w, https:\/\/municipalidadpucon.cl\/wp-content\/uploads\/2026\/04\/6-11-scaled.jpeg 1300w, https:\/\/municipalidadpucon.cl\/wp-content\/uploads\/2026\/04\/6-11-1536x1152.jpeg 1536w\" sizes=\"(max-width: 300px) 100vw, 300px\" \/> <img decoding=\"async\" class=\"alignnone size-medium wp-image-59928\" src=\"https:\/\/municipalidadpucon.cl\/wp-content\/uploads\/2026\/04\/6A-300x225.jpeg\" alt=\"\" width=\"300\" height=\"225\" srcset=\"https:\/\/municipalidadpucon.cl\/wp-content\/uploads\/2026\/04\/6A-200x150.jpeg 200w, https:\/\/municipalidadpucon.cl\/wp-content\/uploads\/2026\/04\/6A-300x225.jpeg 300w, https:\/\/municipalidadpucon.cl\/wp-content\/uploads\/2026\/04\/6A-400x300.jpeg 400w, https:\/\/municipalidadpucon.cl\/wp-content\/uploads\/2026\/04\/6A-600x450.jpeg 600w, https:\/\/municipalidadpucon.cl\/wp-content\/uploads\/2026\/04\/6A-768x576.jpeg 768w, https:\/\/municipalidadpucon.cl\/wp-content\/uploads\/2026\/04\/6A-800x600.jpeg 800w, https:\/\/municipalidadpucon.cl\/wp-content\/uploads\/2026\/04\/6A-1024x768.jpeg 1024w, https:\/\/municipalidadpucon.cl\/wp-content\/uploads\/2026\/04\/6A-1200x900.jpeg 1200w, https:\/\/municipalidadpucon.cl\/wp-content\/uploads\/2026\/04\/6A.jpeg 1280w\" sizes=\"(max-width: 300px) 100vw, 300px\" \/> <img decoding=\"async\" class=\"alignnone size-medium wp-image-59929\" src=\"https:\/\/municipalidadpucon.cl\/wp-content\/uploads\/2026\/04\/7A-300x225.jpeg\" alt=\"\" width=\"300\" height=\"225\" srcset=\"https:\/\/municipalidadpucon.cl\/wp-content\/uploads\/2026\/04\/7A-200x150.jpeg 200w, https:\/\/municipalidadpucon.cl\/wp-content\/uploads\/2026\/04\/7A-300x225.jpeg 300w, https:\/\/municipalidadpucon.cl\/wp-content\/uploads\/2026\/04\/7A-400x300.jpeg 400w, https:\/\/municipalidadpucon.cl\/wp-content\/uploads\/2026\/04\/7A-600x450.jpeg 600w, https:\/\/municipalidadpucon.cl\/wp-content\/uploads\/2026\/04\/7A-768x576.jpeg 768w, https:\/\/municipalidadpucon.cl\/wp-content\/uploads\/2026\/04\/7A-800x600.jpeg 800w, https:\/\/municipalidadpucon.cl\/wp-content\/uploads\/2026\/04\/7A-1024x768.jpeg 1024w, https:\/\/municipalidadpucon.cl\/wp-content\/uploads\/2026\/04\/7A-1200x900.jpeg 1200w, https:\/\/municipalidadpucon.cl\/wp-content\/uploads\/2026\/04\/7A.jpeg 1280w\" sizes=\"(max-width: 300px) 100vw, 300px\" \/> <img decoding=\"async\" class=\"alignnone size-medium wp-image-59930\" src=\"https:\/\/municipalidadpucon.cl\/wp-content\/uploads\/2026\/04\/8A-1-300x225.jpeg\" alt=\"\" width=\"300\" height=\"225\" srcset=\"https:\/\/municipalidadpucon.cl\/wp-content\/uploads\/2026\/04\/8A-1-200x150.jpeg 200w, https:\/\/municipalidadpucon.cl\/wp-content\/uploads\/2026\/04\/8A-1-300x225.jpeg 300w, https:\/\/municipalidadpucon.cl\/wp-content\/uploads\/2026\/04\/8A-1-400x300.jpeg 400w, https:\/\/municipalidadpucon.cl\/wp-content\/uploads\/2026\/04\/8A-1-600x450.jpeg 600w, https:\/\/municipalidadpucon.cl\/wp-content\/uploads\/2026\/04\/8A-1-768x576.jpeg 768w, https:\/\/municipalidadpucon.cl\/wp-content\/uploads\/2026\/04\/8A-1-800x600.jpeg 800w, https:\/\/municipalidadpucon.cl\/wp-content\/uploads\/2026\/04\/8A-1-1024x768.jpeg 1024w, https:\/\/municipalidadpucon.cl\/wp-content\/uploads\/2026\/04\/8A-1-1200x900.jpeg 1200w, https:\/\/municipalidadpucon.cl\/wp-content\/uploads\/2026\/04\/8A-1.jpeg 1280w\" sizes=\"(max-width: 300px) 100vw, 300px\" \/><\/p>\n<p><strong>\u201cS\u00daPERH\u00c9ROES\u201d VERDADEROS<\/strong><\/p>\n<p>El jefe comunal indic\u00f3 en su mensaje a los asistentes \u201cque los verdaderos superh\u00e9roes son ellos, los carabineros, ellos son de verdad, est\u00e1n siempre en la tormenta, est\u00e1n cuando hay erupciones, cuando hay terremoto. \u00bfQui\u00e9nes son los que est\u00e1n siempre ah\u00ed poniendo el coraz\u00f3n, entregando una mano en el momento m\u00e1s dif\u00edcil de una mujer cuando est\u00e1 en el desamparo? Como dice su himno: \u201cDuerme tranquila, ni\u00f1a inocente, porque Carabineros de Chile ah\u00ed va a estar presente\u201d. Eso es lo que hicimos hoy, reconocer en esta verdadera gala a Carabineros de Chile. Una gala que entrega todo el respeto y cari\u00f1o que la comunidad siente por ellos\u201d, rubric\u00f3 el alcalde \u00c1lvarez.<\/p>\n<!--[if lt IE 9]><script>document.createElement('audio');<\/script><![endif]-->\n<audio class=\"wp-audio-shortcode\" id=\"audio-59919-1\" preload=\"none\" style=\"width: 100%;\" controls=\"controls\"><source type=\"audio\/mpeg\" src=\"https:\/\/municipalidadpucon.cl\/wp-content\/uploads\/2026\/04\/Alcalde-Sebastian-Alvarez-destaca-a-carabineros-por-ser-verdaderos-superheroes-.mp3?_=1\" \/><a href=\"https:\/\/municipalidadpucon.cl\/wp-content\/uploads\/2026\/04\/Alcalde-Sebastian-Alvarez-destaca-a-carabineros-por-ser-verdaderos-superheroes-.mp3\">https:\/\/municipalidadpucon.cl\/wp-content\/uploads\/2026\/04\/Alcalde-Sebastian-Alvarez-destaca-a-carabineros-por-ser-verdaderos-superheroes-.mp3<\/a><\/audio>\n<p>\u201cMe siento muy orgullosa de este reconocimiento de parte de la Municipalidad y tambi\u00e9n me siento orgullosa del tiempo que llevo aqu\u00ed\u201d, coment\u00f3 tras recibir uno de los 14 galvanos Camila Ant\u00fanez, sargento segunda de la Novena Comisar\u00eda de Carabineros de Puc\u00f3n. \u201cYa van a ser 15 a\u00f1os que llevo en esta comuna cumpliendo la funci\u00f3n de Carabineros de Chile. Por eso invito a todos los j\u00f3venes, hoy hubo muchos ni\u00f1os en esta ceremonia donde se les pudo orientar y ayudar para poder incorporarse a esta instituci\u00f3n\u201d, indic\u00f3 la funcionaria policial.<\/p>\n<audio class=\"wp-audio-shortcode\" id=\"audio-59919-2\" preload=\"none\" style=\"width: 100%;\" controls=\"controls\"><source type=\"audio\/mpeg\" src=\"https:\/\/municipalidadpucon.cl\/wp-content\/uploads\/2026\/04\/Camila-Antunez-Sgto-2da.-Comisaria-de-Pucon-homenajeada-y-agradecida-.mp3?_=2\" \/><a href=\"https:\/\/municipalidadpucon.cl\/wp-content\/uploads\/2026\/04\/Camila-Antunez-Sgto-2da.-Comisaria-de-Pucon-homenajeada-y-agradecida-.mp3\">https:\/\/municipalidadpucon.cl\/wp-content\/uploads\/2026\/04\/Camila-Antunez-Sgto-2da.-Comisaria-de-Pucon-homenajeada-y-agradecida-.mp3<\/a><\/audio>\n<p><img decoding=\"async\" class=\"alignnone size-medium wp-image-59933\" src=\"https:\/\/municipalidadpucon.cl\/wp-content\/uploads\/2026\/04\/3-17-300x225.jpeg\" alt=\"\" width=\"300\" height=\"225\" srcset=\"https:\/\/municipalidadpucon.cl\/wp-content\/uploads\/2026\/04\/3-17-200x150.jpeg 200w, https:\/\/municipalidadpucon.cl\/wp-content\/uploads\/2026\/04\/3-17-300x225.jpeg 300w, https:\/\/municipalidadpucon.cl\/wp-content\/uploads\/2026\/04\/3-17-400x300.jpeg 400w, https:\/\/municipalidadpucon.cl\/wp-content\/uploads\/2026\/04\/3-17-600x450.jpeg 600w, https:\/\/municipalidadpucon.cl\/wp-content\/uploads\/2026\/04\/3-17-768x576.jpeg 768w, https:\/\/municipalidadpucon.cl\/wp-content\/uploads\/2026\/04\/3-17-800x600.jpeg 800w, https:\/\/municipalidadpucon.cl\/wp-content\/uploads\/2026\/04\/3-17-1024x768.jpeg 1024w, https:\/\/municipalidadpucon.cl\/wp-content\/uploads\/2026\/04\/3-17-1200x900.jpeg 1200w, https:\/\/municipalidadpucon.cl\/wp-content\/uploads\/2026\/04\/3-17-scaled.jpeg 1300w, https:\/\/municipalidadpucon.cl\/wp-content\/uploads\/2026\/04\/3-17-1536x1152.jpeg 1536w\" sizes=\"(max-width: 300px) 100vw, 300px\" \/> <img decoding=\"async\" class=\"alignnone size-medium wp-image-59934\" src=\"https:\/\/municipalidadpucon.cl\/wp-content\/uploads\/2026\/04\/5-15-300x225.jpeg\" alt=\"\" width=\"300\" height=\"225\" srcset=\"https:\/\/municipalidadpucon.cl\/wp-content\/uploads\/2026\/04\/5-15-200x150.jpeg 200w, https:\/\/municipalidadpucon.cl\/wp-content\/uploads\/2026\/04\/5-15-300x225.jpeg 300w, https:\/\/municipalidadpucon.cl\/wp-content\/uploads\/2026\/04\/5-15-400x300.jpeg 400w, https:\/\/municipalidadpucon.cl\/wp-content\/uploads\/2026\/04\/5-15-600x450.jpeg 600w, https:\/\/municipalidadpucon.cl\/wp-content\/uploads\/2026\/04\/5-15-768x576.jpeg 768w, https:\/\/municipalidadpucon.cl\/wp-content\/uploads\/2026\/04\/5-15-800x600.jpeg 800w, https:\/\/municipalidadpucon.cl\/wp-content\/uploads\/2026\/04\/5-15-1024x768.jpeg 1024w, https:\/\/municipalidadpucon.cl\/wp-content\/uploads\/2026\/04\/5-15-1200x900.jpeg 1200w, https:\/\/municipalidadpucon.cl\/wp-content\/uploads\/2026\/04\/5-15-scaled.jpeg 1300w, https:\/\/municipalidadpucon.cl\/wp-content\/uploads\/2026\/04\/5-15-1536x1152.jpeg 1536w\" sizes=\"(max-width: 300px) 100vw, 300px\" \/> <img decoding=\"async\" class=\"alignnone size-medium wp-image-59922\" src=\"https:\/\/municipalidadpucon.cl\/wp-content\/uploads\/2026\/04\/7-7-300x225.jpeg\" alt=\"\" width=\"300\" height=\"225\" srcset=\"https:\/\/municipalidadpucon.cl\/wp-content\/uploads\/2026\/04\/7-7-200x150.jpeg 200w, https:\/\/municipalidadpucon.cl\/wp-content\/uploads\/2026\/04\/7-7-300x225.jpeg 300w, https:\/\/municipalidadpucon.cl\/wp-content\/uploads\/2026\/04\/7-7-400x300.jpeg 400w, https:\/\/municipalidadpucon.cl\/wp-content\/uploads\/2026\/04\/7-7-600x450.jpeg 600w, https:\/\/municipalidadpucon.cl\/wp-content\/uploads\/2026\/04\/7-7-768x576.jpeg 768w, https:\/\/municipalidadpucon.cl\/wp-content\/uploads\/2026\/04\/7-7-800x600.jpeg 800w, https:\/\/municipalidadpucon.cl\/wp-content\/uploads\/2026\/04\/7-7-1024x768.jpeg 1024w, https:\/\/municipalidadpucon.cl\/wp-content\/uploads\/2026\/04\/7-7-1200x900.jpeg 1200w, https:\/\/municipalidadpucon.cl\/wp-content\/uploads\/2026\/04\/7-7-scaled.jpeg 1300w, https:\/\/municipalidadpucon.cl\/wp-content\/uploads\/2026\/04\/7-7-1536x1152.jpeg 1536w\" sizes=\"(max-width: 300px) 100vw, 300px\" \/> <img decoding=\"async\" class=\"alignnone size-medium wp-image-59921\" src=\"https:\/\/municipalidadpucon.cl\/wp-content\/uploads\/2026\/04\/4-16-300x225.jpeg\" alt=\"\" width=\"300\" height=\"225\" srcset=\"https:\/\/municipalidadpucon.cl\/wp-content\/uploads\/2026\/04\/4-16-200x150.jpeg 200w, https:\/\/municipalidadpucon.cl\/wp-content\/uploads\/2026\/04\/4-16-300x225.jpeg 300w, https:\/\/municipalidadpucon.cl\/wp-content\/uploads\/2026\/04\/4-16-400x300.jpeg 400w, https:\/\/municipalidadpucon.cl\/wp-content\/uploads\/2026\/04\/4-16-600x450.jpeg 600w, https:\/\/municipalidadpucon.cl\/wp-content\/uploads\/2026\/04\/4-16-768x576.jpeg 768w, https:\/\/municipalidadpucon.cl\/wp-content\/uploads\/2026\/04\/4-16-800x600.jpeg 800w, https:\/\/municipalidadpucon.cl\/wp-content\/uploads\/2026\/04\/4-16-1024x768.jpeg 1024w, https:\/\/municipalidadpucon.cl\/wp-content\/uploads\/2026\/04\/4-16-1200x900.jpeg 1200w, https:\/\/municipalidadpucon.cl\/wp-content\/uploads\/2026\/04\/4-16-scaled.jpeg 1300w, https:\/\/municipalidadpucon.cl\/wp-content\/uploads\/2026\/04\/4-16-1536x1152.jpeg 1536w\" sizes=\"(max-width: 300px) 100vw, 300px\" \/><\/p>\n<p><strong>RECONOCIMIENTOS<\/strong><\/p>\n<p>El representante local de la festejada polic\u00eda, el Mayor de Carabineros Gerard Salazar, comisario de la Novena Comisar\u00eda de Puc\u00f3n, valor\u00f3 esta jornada que empez\u00f3 temprano con el izamiento de la bandera, a prop\u00f3sito de sus 99 a\u00f1os de existencia. \u201cCarabineros siempre ha estado al servicio de nuestra comunidad, siempre aportando a la patria, como dijo el se\u00f1or alcalde, colocando la nota de ordenar la casa, y esa es nuestra funci\u00f3n, apoyar a nuestros ciudadanos, dar el estricto derecho y dar cumplimiento a la seguridad p\u00fablica. Como Carabineros siempre estamos preocupados de nuestra ciudadan\u00eda, apoyando y cuidando\u201d.<\/p>\n<audio class=\"wp-audio-shortcode\" id=\"audio-59919-3\" preload=\"none\" style=\"width: 100%;\" controls=\"controls\"><source type=\"audio\/mpeg\" src=\"https:\/\/municipalidadpucon.cl\/wp-content\/uploads\/2026\/04\/Gerard-Salazar-mayor-de-Carabineros-y-Comisario-Novena-Comisaria.mp3?_=3\" \/><a href=\"https:\/\/municipalidadpucon.cl\/wp-content\/uploads\/2026\/04\/Gerard-Salazar-mayor-de-Carabineros-y-Comisario-Novena-Comisaria.mp3\">https:\/\/municipalidadpucon.cl\/wp-content\/uploads\/2026\/04\/Gerard-Salazar-mayor-de-Carabineros-y-Comisario-Novena-Comisaria.mp3<\/a><\/audio>\n<p><img decoding=\"async\" class=\"alignnone size-medium wp-image-59936\" src=\"https:\/\/municipalidadpucon.cl\/wp-content\/uploads\/2026\/04\/3-B-300x225.jpeg\" alt=\"\" width=\"300\" height=\"225\" srcset=\"https:\/\/municipalidadpucon.cl\/wp-content\/uploads\/2026\/04\/3-B-200x150.jpeg 200w, https:\/\/municipalidadpucon.cl\/wp-content\/uploads\/2026\/04\/3-B-300x225.jpeg 300w, https:\/\/municipalidadpucon.cl\/wp-content\/uploads\/2026\/04\/3-B-400x300.jpeg 400w, https:\/\/municipalidadpucon.cl\/wp-content\/uploads\/2026\/04\/3-B-600x450.jpeg 600w, https:\/\/municipalidadpucon.cl\/wp-content\/uploads\/2026\/04\/3-B-768x576.jpeg 768w, https:\/\/municipalidadpucon.cl\/wp-content\/uploads\/2026\/04\/3-B-800x600.jpeg 800w, https:\/\/municipalidadpucon.cl\/wp-content\/uploads\/2026\/04\/3-B-1024x768.jpeg 1024w, https:\/\/municipalidadpucon.cl\/wp-content\/uploads\/2026\/04\/3-B-1200x900.jpeg 1200w, https:\/\/municipalidadpucon.cl\/wp-content\/uploads\/2026\/04\/3-B.jpeg 1280w\" sizes=\"(max-width: 300px) 100vw, 300px\" \/> <img decoding=\"async\" class=\"alignnone size-medium wp-image-59937\" src=\"https:\/\/municipalidadpucon.cl\/wp-content\/uploads\/2026\/04\/9-1-300x225.jpeg\" alt=\"\" width=\"300\" height=\"225\" srcset=\"https:\/\/municipalidadpucon.cl\/wp-content\/uploads\/2026\/04\/9-1-200x150.jpeg 200w, https:\/\/municipalidadpucon.cl\/wp-content\/uploads\/2026\/04\/9-1-300x225.jpeg 300w, https:\/\/municipalidadpucon.cl\/wp-content\/uploads\/2026\/04\/9-1-400x300.jpeg 400w, https:\/\/municipalidadpucon.cl\/wp-content\/uploads\/2026\/04\/9-1-600x450.jpeg 600w, https:\/\/municipalidadpucon.cl\/wp-content\/uploads\/2026\/04\/9-1-768x576.jpeg 768w, https:\/\/municipalidadpucon.cl\/wp-content\/uploads\/2026\/04\/9-1-800x600.jpeg 800w, https:\/\/municipalidadpucon.cl\/wp-content\/uploads\/2026\/04\/9-1-1024x768.jpeg 1024w, https:\/\/municipalidadpucon.cl\/wp-content\/uploads\/2026\/04\/9-1-1200x900.jpeg 1200w, https:\/\/municipalidadpucon.cl\/wp-content\/uploads\/2026\/04\/9-1.jpeg 1280w\" sizes=\"(max-width: 300px) 100vw, 300px\" \/><\/p>\n<p>El legislador presente, el diputado por el distrito 23 de La Araucan\u00eda, Tom\u00e1s Kast, reconoci\u00f3 su orgullo por estar en estas celebraciones en Puc\u00f3n, ya que \u201cCarabineros de Chile es una de las instituciones m\u00e1s valoradas del pa\u00eds, que hoy cumplen 99 a\u00f1os sirviendo a la patria, porque han podido defender la democracia, servir a la comunidad, estar en los momentos m\u00e1s dif\u00edciles de cat\u00e1strofe, dando siempre apoyo incondicional y controlando el orden p\u00fablico, la seguridad, d\u00e1ndole tranquilidad a nuestras familias. Para m\u00ed, Carabineros de Chile es, sin duda, de las instituciones m\u00e1s importantes del pa\u00eds, y siempre los voy a respaldar\u201d, rubric\u00f3 el parlamentario, tambi\u00e9n integrante de la bancada que apoya a Carabineros.<\/p>\n<audio class=\"wp-audio-shortcode\" id=\"audio-59919-4\" preload=\"none\" style=\"width: 100%;\" controls=\"controls\"><source type=\"audio\/mpeg\" src=\"https:\/\/municipalidadpucon.cl\/wp-content\/uploads\/2026\/04\/Tomas-Kast-diputado-distrito-23-valora-la-figura-de-Carabineros-.mp3?_=4\" \/><a href=\"https:\/\/municipalidadpucon.cl\/wp-content\/uploads\/2026\/04\/Tomas-Kast-diputado-distrito-23-valora-la-figura-de-Carabineros-.mp3\">https:\/\/municipalidadpucon.cl\/wp-content\/uploads\/2026\/04\/Tomas-Kast-diputado-distrito-23-valora-la-figura-de-Carabineros-.mp3<\/a><\/audio>\n","protected":false},"excerpt":{"rendered":"<p>Fue en el Gimnasio Municipal de la comuna lacustre en [&hellip;]<\/p>\n","protected":false},"author":11,"featured_media":59939,"comment_status":"closed","ping_status":"open","sticky":false,"template":"","format":"standard","meta":[],"categories":[98,95,3],"tags":[],"_links":{"self":[{"href":"https:\/\/municipalidadpucon.cl\/index.php?rest_route=\/wp\/v2\/posts\/59919"}],"collection":[{"href":"https:\/\/municipalidadpucon.cl\/index.php?rest_route=\/wp\/v2\/posts"}],"about":[{"href":"https:\/\/municipalidadpucon.cl\/index.php?rest_route=\/wp\/v2\/types\/post"}],"author":[{"embeddable":true,"href":"https:\/\/municipalidadpucon.cl\/index.php?rest_route=\/wp\/v2\/users\/11"}],"replies":[{"embeddable":true,"href":"https:\/\/municipalidadpucon.cl\/index.php?rest_route=%2Fwp%2Fv2%2Fcomments&post=59919"}],"version-history":[{"count":1,"href":"https:\/\/municipalidadpucon.cl\/index.php?rest_route=\/wp\/v2\/posts\/59919\/revisions"}],"predecessor-version":[{"id":59940,"href":"https:\/\/municipalidadpucon.cl\/index.php?rest_route=\/wp\/v2\/posts\/59919\/revisions\/59940"}],"wp:featuredmedia":[{"embeddable":true,"href":"https:\/\/municipalidadpucon.cl\/index.php?rest_route=\/wp\/v2\/media\/59939"}],"wp:attachment":[{"href":"https:\/\/municipalidadpucon.cl\/index.php?rest_route=%2Fwp%2Fv2%2Fmedia&parent=59919"}],"wp:term":[{"taxonomy":"category","embeddable":true,"href":"https:\/\/municipalidadpucon.cl\/index.php?rest_route=%2Fwp%2Fv2%2Fcategories&post=59919"},{"taxonomy":"post_tag","embeddable":true,"href":"https:\/\/municipalidadpucon.cl\/index.php?rest_route=%2Fwp%2Fv2%2Ftags&post=59919"}],"curies":[{"name":"wp","href":"https:\/\/api.w.org\/{rel}","templated":true}]}}