{"id":59941,"date":"2026-04-28T10:44:39","date_gmt":"2026-04-28T13:44:39","guid":{"rendered":"https:\/\/municipalidadpucon.cl\/?p=59941"},"modified":"2026-04-28T10:44:39","modified_gmt":"2026-04-28T13:44:39","slug":"refuerzan-equipos-de-emergencia-por-anticipo-de-fuertes-lluvias-en-corto-tiempo","status":"publish","type":"post","link":"https:\/\/municipalidadpucon.cl\/?p=59941","title":{"rendered":"Refuerzan equipos de emergencia por anticipo de fuertes lluvias en corto tiempo"},"content":{"rendered":"<p><em><strong>En dependencias del Municipio se reuni\u00f3 se reuni\u00f3 el Comit\u00e9 de Gesti\u00f3n del Riesgo de Desastres (COGRID) con el objetivo de asegurar las coordinaciones para situaciones clim\u00e1ticas como las que se vivir\u00e1n este martes, entre 14 y 22 horas.<\/strong><\/em><\/p>\n<p><img decoding=\"async\" class=\"size-medium wp-image-59942 aligncenter\" src=\"https:\/\/municipalidadpucon.cl\/wp-content\/uploads\/2026\/04\/SECUNDARIA-1-8-300x225.jpeg\" alt=\"\" width=\"300\" height=\"225\" srcset=\"https:\/\/municipalidadpucon.cl\/wp-content\/uploads\/2026\/04\/SECUNDARIA-1-8-200x150.jpeg 200w, https:\/\/municipalidadpucon.cl\/wp-content\/uploads\/2026\/04\/SECUNDARIA-1-8-300x225.jpeg 300w, https:\/\/municipalidadpucon.cl\/wp-content\/uploads\/2026\/04\/SECUNDARIA-1-8-400x300.jpeg 400w, https:\/\/municipalidadpucon.cl\/wp-content\/uploads\/2026\/04\/SECUNDARIA-1-8-600x450.jpeg 600w, https:\/\/municipalidadpucon.cl\/wp-content\/uploads\/2026\/04\/SECUNDARIA-1-8-768x576.jpeg 768w, https:\/\/municipalidadpucon.cl\/wp-content\/uploads\/2026\/04\/SECUNDARIA-1-8-800x600.jpeg 800w, https:\/\/municipalidadpucon.cl\/wp-content\/uploads\/2026\/04\/SECUNDARIA-1-8-1024x768.jpeg 1024w, https:\/\/municipalidadpucon.cl\/wp-content\/uploads\/2026\/04\/SECUNDARIA-1-8-1200x900.jpeg 1200w, https:\/\/municipalidadpucon.cl\/wp-content\/uploads\/2026\/04\/SECUNDARIA-1-8-scaled.jpeg 1300w, https:\/\/municipalidadpucon.cl\/wp-content\/uploads\/2026\/04\/SECUNDARIA-1-8-1536x1152.jpeg 1536w\" sizes=\"(max-width: 300px) 100vw, 300px\" \/><\/p>\n<p>A una reuni\u00f3n urgente llam\u00f3 este lunes el alcalde de la comuna de Puc\u00f3n, Sebasti\u00e1n \u00c1lvarez, con el objetivo de dar forma a un nuevo Comit\u00e9 de Gesti\u00f3n del Riesgo de Desastres (COGRID), a ra\u00edz de la declaratoria de Alerta Temprana Preventiva (ATP) meteorol\u00f3gica, que anticipa una intensa ca\u00edda de precipitaciones para este martes 28 de abril en la zona precordillerana de La Araucan\u00eda, incluida la comuna lacustre.<\/p>\n<p>Sobre el informe de la Direcci\u00f3n Meteorol\u00f3gica, el asesor de la Oficina de Gesti\u00f3n del Riesgo de Desastres (GRD) del Municipio puconino, Esteban Backit detall\u00f3 que este martes \u201centre 50 y 70 mil\u00edmetros de agua podr\u00edan caer en nuestra comuna. Sabemos que nuestra comuna tiene variaciones, dependiendo de los sectores, tanto rural como urbano, y as\u00ed lo hemos podido constatar con las mediciones que hemos hecho con nuestra estaci\u00f3n meteorol\u00f3gica\u201d.<\/p>\n<!--[if lt IE 9]><script>document.createElement('audio');<\/script><![endif]-->\n<audio class=\"wp-audio-shortcode\" id=\"audio-59941-1\" preload=\"none\" style=\"width: 100%;\" controls=\"controls\"><source type=\"audio\/mpeg\" src=\"https:\/\/municipalidadpucon.cl\/wp-content\/uploads\/2026\/04\/Esteban-Backit-asesor-GRD-detalla-los-pronosticos-para-este-martes.mp3?_=1\" \/><a href=\"https:\/\/municipalidadpucon.cl\/wp-content\/uploads\/2026\/04\/Esteban-Backit-asesor-GRD-detalla-los-pronosticos-para-este-martes.mp3\">https:\/\/municipalidadpucon.cl\/wp-content\/uploads\/2026\/04\/Esteban-Backit-asesor-GRD-detalla-los-pronosticos-para-este-martes.mp3<\/a><\/audio>\n<p><img decoding=\"async\" class=\"alignnone size-medium wp-image-59944\" src=\"https:\/\/municipalidadpucon.cl\/wp-content\/uploads\/2026\/04\/2-9-300x225.jpeg\" alt=\"\" width=\"300\" height=\"225\" srcset=\"https:\/\/municipalidadpucon.cl\/wp-content\/uploads\/2026\/04\/2-9-200x150.jpeg 200w, https:\/\/municipalidadpucon.cl\/wp-content\/uploads\/2026\/04\/2-9-300x225.jpeg 300w, https:\/\/municipalidadpucon.cl\/wp-content\/uploads\/2026\/04\/2-9-400x300.jpeg 400w, https:\/\/municipalidadpucon.cl\/wp-content\/uploads\/2026\/04\/2-9-600x450.jpeg 600w, https:\/\/municipalidadpucon.cl\/wp-content\/uploads\/2026\/04\/2-9-768x576.jpeg 768w, https:\/\/municipalidadpucon.cl\/wp-content\/uploads\/2026\/04\/2-9-800x600.jpeg 800w, https:\/\/municipalidadpucon.cl\/wp-content\/uploads\/2026\/04\/2-9-1024x768.jpeg 1024w, https:\/\/municipalidadpucon.cl\/wp-content\/uploads\/2026\/04\/2-9-1200x900.jpeg 1200w, https:\/\/municipalidadpucon.cl\/wp-content\/uploads\/2026\/04\/2-9-scaled.jpeg 1300w, https:\/\/municipalidadpucon.cl\/wp-content\/uploads\/2026\/04\/2-9-1536x1152.jpeg 1536w\" sizes=\"(max-width: 300px) 100vw, 300px\" \/> <img decoding=\"async\" class=\"alignnone size-medium wp-image-59945\" src=\"https:\/\/municipalidadpucon.cl\/wp-content\/uploads\/2026\/04\/3-18-300x225.jpeg\" alt=\"\" width=\"300\" height=\"225\" srcset=\"https:\/\/municipalidadpucon.cl\/wp-content\/uploads\/2026\/04\/3-18-200x150.jpeg 200w, https:\/\/municipalidadpucon.cl\/wp-content\/uploads\/2026\/04\/3-18-300x225.jpeg 300w, https:\/\/municipalidadpucon.cl\/wp-content\/uploads\/2026\/04\/3-18-400x300.jpeg 400w, https:\/\/municipalidadpucon.cl\/wp-content\/uploads\/2026\/04\/3-18-600x450.jpeg 600w, https:\/\/municipalidadpucon.cl\/wp-content\/uploads\/2026\/04\/3-18-768x576.jpeg 768w, https:\/\/municipalidadpucon.cl\/wp-content\/uploads\/2026\/04\/3-18-800x600.jpeg 800w, https:\/\/municipalidadpucon.cl\/wp-content\/uploads\/2026\/04\/3-18-1024x768.jpeg 1024w, https:\/\/municipalidadpucon.cl\/wp-content\/uploads\/2026\/04\/3-18-1200x900.jpeg 1200w, https:\/\/municipalidadpucon.cl\/wp-content\/uploads\/2026\/04\/3-18-scaled.jpeg 1300w, https:\/\/municipalidadpucon.cl\/wp-content\/uploads\/2026\/04\/3-18-1536x1152.jpeg 1536w\" sizes=\"(max-width: 300px) 100vw, 300px\" \/><\/p>\n<p><strong>TARDE-NOCHE, LO M\u00c1S COMPLEJO<\/strong><\/p>\n<p>El personero recalc\u00f3 que dicha condici\u00f3n ocurrir\u00e1 este 28 de abril, entre 2 de la tarde y 10 de la noche, \u201cpor lo tanto es muy corto per\u00edodo de tiempo para la cantidad de agua que se espera que pueda caer en nuestra comuna. Sumado a esto, tenemos tambi\u00e9n un aviso meteorol\u00f3gico por fuertes vientos, que podr\u00edan alcanzar los 70 kil\u00f3metros por hora en algunos sectores\u201d.<\/p>\n<p>Frente a ello, el director de Seguridad de la entidad edilicia local, Juan Carlos Badilla, coment\u00f3 que \u201caumentamos los patrullajes con seguridad ciudadana en tres veh\u00edculos que van a ser distribuidos en puntos cr\u00edticos de la comuna. Asimismo, tambi\u00e9n hacemos un llamado a la ciudadan\u00eda que, ante situaciones que est\u00e9n ocurriendo en sus casas o en sus sectores, llamar al n\u00famero de emergencia municipal que es el 1448\u201d.<\/p>\n<audio class=\"wp-audio-shortcode\" id=\"audio-59941-2\" preload=\"none\" style=\"width: 100%;\" controls=\"controls\"><source type=\"audio\/mpeg\" src=\"https:\/\/municipalidadpucon.cl\/wp-content\/uploads\/2026\/04\/Juan-Carlos-Badilla-director-de-Seguridad-detalla-el-reforzamiento-de-los-equipos.mp3?_=2\" \/><a href=\"https:\/\/municipalidadpucon.cl\/wp-content\/uploads\/2026\/04\/Juan-Carlos-Badilla-director-de-Seguridad-detalla-el-reforzamiento-de-los-equipos.mp3\">https:\/\/municipalidadpucon.cl\/wp-content\/uploads\/2026\/04\/Juan-Carlos-Badilla-director-de-Seguridad-detalla-el-reforzamiento-de-los-equipos.mp3<\/a><\/audio>\n<p><img decoding=\"async\" class=\"alignnone size-medium wp-image-59947\" src=\"https:\/\/municipalidadpucon.cl\/wp-content\/uploads\/2026\/04\/4-17-scaled-e1777383818624-300x168.jpeg\" alt=\"\" width=\"300\" height=\"168\" srcset=\"https:\/\/municipalidadpucon.cl\/wp-content\/uploads\/2026\/04\/4-17-scaled-e1777383818624-200x112.jpeg 200w, https:\/\/municipalidadpucon.cl\/wp-content\/uploads\/2026\/04\/4-17-scaled-e1777383818624-300x168.jpeg 300w, https:\/\/municipalidadpucon.cl\/wp-content\/uploads\/2026\/04\/4-17-scaled-e1777383818624-400x225.jpeg 400w, https:\/\/municipalidadpucon.cl\/wp-content\/uploads\/2026\/04\/4-17-scaled-e1777383818624-600x337.jpeg 600w, https:\/\/municipalidadpucon.cl\/wp-content\/uploads\/2026\/04\/4-17-scaled-e1777383818624-768x431.jpeg 768w, https:\/\/municipalidadpucon.cl\/wp-content\/uploads\/2026\/04\/4-17-scaled-e1777383818624-800x449.jpeg 800w, https:\/\/municipalidadpucon.cl\/wp-content\/uploads\/2026\/04\/4-17-scaled-e1777383818624-1024x575.jpeg 1024w, https:\/\/municipalidadpucon.cl\/wp-content\/uploads\/2026\/04\/4-17-scaled-e1777383818624-1200x674.jpeg 1200w, https:\/\/municipalidadpucon.cl\/wp-content\/uploads\/2026\/04\/4-17-scaled-e1777383818624.jpeg 1209w\" sizes=\"(max-width: 300px) 100vw, 300px\" \/><\/p>\n<p><strong>PREVENCI\u00d3N Y PRECAUCI\u00d3N<\/strong><\/p>\n<p>Badilla insisti\u00f3 en el llamado a la comunidad a \u201cno exponerse voluntariamente, acatar las instrucciones que impartan las autoridades, y, obviamente, reducir las salidas a la v\u00eda p\u00fablica y as\u00ed podamos evitar cualquier situaci\u00f3n que afecte a su integridad f\u00edsica\u201d.<\/p>\n<p>Entre las medidas m\u00e1s pr\u00e1cticas para adoptar est\u00e1n \u201cmantener los sumideros de aguas lluvia de nuestras viviendas despejados, tratar de mantener la vegetaci\u00f3n lo m\u00e1s corta posible, de manera tal que no sea un impedimento para que las aguas puedan correr libremente hacia los distintos drenes que podamos tener\u201d, rubric\u00f3 Esteban Backit.<\/p>\n<audio class=\"wp-audio-shortcode\" id=\"audio-59941-3\" preload=\"none\" style=\"width: 100%;\" controls=\"controls\"><source type=\"audio\/mpeg\" src=\"https:\/\/municipalidadpucon.cl\/wp-content\/uploads\/2026\/04\/Esteban-Backit-medidas-de-precaucion-y-prevencion.mp3?_=3\" \/><a href=\"https:\/\/municipalidadpucon.cl\/wp-content\/uploads\/2026\/04\/Esteban-Backit-medidas-de-precaucion-y-prevencion.mp3\">https:\/\/municipalidadpucon.cl\/wp-content\/uploads\/2026\/04\/Esteban-Backit-medidas-de-precaucion-y-prevencion.mp3<\/a><\/audio>\n<p>&nbsp;<\/p>\n<p>&nbsp;<\/p>\n","protected":false},"excerpt":{"rendered":"<p>En dependencias del Municipio se reuni\u00f3 se reuni\u00f3 el Comit\u00e9 [&hellip;]<\/p>\n","protected":false},"author":11,"featured_media":59949,"comment_status":"closed","ping_status":"open","sticky":false,"template":"","format":"standard","meta":[],"categories":[98,95,3],"tags":[],"_links":{"self":[{"href":"https:\/\/municipalidadpucon.cl\/index.php?rest_route=\/wp\/v2\/posts\/59941"}],"collection":[{"href":"https:\/\/municipalidadpucon.cl\/index.php?rest_route=\/wp\/v2\/posts"}],"about":[{"href":"https:\/\/municipalidadpucon.cl\/index.php?rest_route=\/wp\/v2\/types\/post"}],"author":[{"embeddable":true,"href":"https:\/\/municipalidadpucon.cl\/index.php?rest_route=\/wp\/v2\/users\/11"}],"replies":[{"embeddable":true,"href":"https:\/\/municipalidadpucon.cl\/index.php?rest_route=%2Fwp%2Fv2%2Fcomments&post=59941"}],"version-history":[{"count":1,"href":"https:\/\/municipalidadpucon.cl\/index.php?rest_route=\/wp\/v2\/posts\/59941\/revisions"}],"predecessor-version":[{"id":59950,"href":"https:\/\/municipalidadpucon.cl\/index.php?rest_route=\/wp\/v2\/posts\/59941\/revisions\/59950"}],"wp:featuredmedia":[{"embeddable":true,"href":"https:\/\/municipalidadpucon.cl\/index.php?rest_route=\/wp\/v2\/media\/59949"}],"wp:attachment":[{"href":"https:\/\/municipalidadpucon.cl\/index.php?rest_route=%2Fwp%2Fv2%2Fmedia&parent=59941"}],"wp:term":[{"taxonomy":"category","embeddable":true,"href":"https:\/\/municipalidadpucon.cl\/index.php?rest_route=%2Fwp%2Fv2%2Fcategories&post=59941"},{"taxonomy":"post_tag","embeddable":true,"href":"https:\/\/municipalidadpucon.cl\/index.php?rest_route=%2Fwp%2Fv2%2Ftags&post=59941"}],"curies":[{"name":"wp","href":"https:\/\/api.w.org\/{rel}","templated":true}]}}