{"id":59956,"date":"2026-04-29T16:55:51","date_gmt":"2026-04-29T19:55:51","guid":{"rendered":"https:\/\/municipalidadpucon.cl\/?p=59956"},"modified":"2026-04-29T16:55:51","modified_gmt":"2026-04-29T19:55:51","slug":"seremis-de-medioambiente-y-salud-comparten-datos-del-estado-de-las-aguas-del-lago-villarrica","status":"publish","type":"post","link":"https:\/\/municipalidadpucon.cl\/?p=59956","title":{"rendered":"Seremis de medioambiente y salud comparten datos del estado de las aguas del Lago Villarrica"},"content":{"rendered":"<p><em><strong>La Municipalidad de Puc\u00f3n reuni\u00f3 a estamentos regionales, autoridades y vecinos de Villarrica y Curarrehue, mostrando estudios hechos desde 2023 en un cuerpo de agua que -se confirm\u00f3- no est\u00e1 eutroficado, o sea con exceso de nutrientes; aunque todos persiguen acelerar el Plan de Descontaminaci\u00f3n.<\/strong><\/em><\/p>\n<p><img decoding=\"async\" class=\"size-medium wp-image-59957 aligncenter\" src=\"https:\/\/municipalidadpucon.cl\/wp-content\/uploads\/2026\/04\/SECUNDARIA-2-300x225.jpg\" alt=\"\" width=\"300\" height=\"225\" srcset=\"https:\/\/municipalidadpucon.cl\/wp-content\/uploads\/2026\/04\/SECUNDARIA-2-200x150.jpg 200w, https:\/\/municipalidadpucon.cl\/wp-content\/uploads\/2026\/04\/SECUNDARIA-2-300x225.jpg 300w, https:\/\/municipalidadpucon.cl\/wp-content\/uploads\/2026\/04\/SECUNDARIA-2-400x300.jpg 400w, https:\/\/municipalidadpucon.cl\/wp-content\/uploads\/2026\/04\/SECUNDARIA-2-600x450.jpg 600w, https:\/\/municipalidadpucon.cl\/wp-content\/uploads\/2026\/04\/SECUNDARIA-2-768x576.jpg 768w, https:\/\/municipalidadpucon.cl\/wp-content\/uploads\/2026\/04\/SECUNDARIA-2-800x600.jpg 800w, https:\/\/municipalidadpucon.cl\/wp-content\/uploads\/2026\/04\/SECUNDARIA-2-1024x768.jpg 1024w, https:\/\/municipalidadpucon.cl\/wp-content\/uploads\/2026\/04\/SECUNDARIA-2-1200x900.jpg 1200w, https:\/\/municipalidadpucon.cl\/wp-content\/uploads\/2026\/04\/SECUNDARIA-2.jpg 1280w\" sizes=\"(max-width: 300px) 100vw, 300px\" \/><\/p>\n<p>Fue en la Sala de Concejo de la Municipalidad de Puc\u00f3n en donde se expusieron datos, estudios y detalles de los m\u00e1s recientes an\u00e1lisis realizados a las aguas del Lago Villarrica, estudios que han estado a cargo de la Seremi de Salud, su s\u00edmil de Medioambiente y el aporte acad\u00e9mico de la EULA, organismo perteneciente a la Universidad de Concepci\u00f3n (UdeC).<\/p>\n<p>Organiz\u00f3 el encuentro, al cual fueron invitados autoridades locales, adem\u00e1s de vecinos de Puc\u00f3n, Villarrica y Curarrehue, la Municipalidad de Puc\u00f3n, a trav\u00e9s de la Direcci\u00f3n de Aseo, Ornato y Medioambiente (DAOMA). Su directora, Evelyn Silva, coment\u00f3, tras las exposiciones, que \u201clo bueno de esto es que se est\u00e1n mostrando resultados de estudios que se realizaron durante el a\u00f1o 2023 a la fecha, y, obviamente, con estudios de investigaci\u00f3n del EULA, como de la Seremi de Salud\u201d.<\/p>\n<p><img decoding=\"async\" class=\"alignnone size-medium wp-image-59949\" src=\"https:\/\/municipalidadpucon.cl\/wp-content\/uploads\/2026\/04\/PRINCIPAL-1-4-300x225.jpeg\" alt=\"\" width=\"300\" height=\"225\" srcset=\"https:\/\/municipalidadpucon.cl\/wp-content\/uploads\/2026\/04\/PRINCIPAL-1-4-200x150.jpeg 200w, https:\/\/municipalidadpucon.cl\/wp-content\/uploads\/2026\/04\/PRINCIPAL-1-4-300x225.jpeg 300w, https:\/\/municipalidadpucon.cl\/wp-content\/uploads\/2026\/04\/PRINCIPAL-1-4-400x300.jpeg 400w, https:\/\/municipalidadpucon.cl\/wp-content\/uploads\/2026\/04\/PRINCIPAL-1-4-600x450.jpeg 600w, https:\/\/municipalidadpucon.cl\/wp-content\/uploads\/2026\/04\/PRINCIPAL-1-4-768x576.jpeg 768w, https:\/\/municipalidadpucon.cl\/wp-content\/uploads\/2026\/04\/PRINCIPAL-1-4-800x600.jpeg 800w, https:\/\/municipalidadpucon.cl\/wp-content\/uploads\/2026\/04\/PRINCIPAL-1-4-1024x768.jpeg 1024w, https:\/\/municipalidadpucon.cl\/wp-content\/uploads\/2026\/04\/PRINCIPAL-1-4-1200x900.jpeg 1200w, https:\/\/municipalidadpucon.cl\/wp-content\/uploads\/2026\/04\/PRINCIPAL-1-4-scaled.jpeg 1300w, https:\/\/municipalidadpucon.cl\/wp-content\/uploads\/2026\/04\/PRINCIPAL-1-4-1536x1152.jpeg 1536w\" sizes=\"(max-width: 300px) 100vw, 300px\" \/><\/p>\n<p><strong>MESOTR\u00d3FICO<\/strong><\/p>\n<p>La personera destac\u00f3 que en las exposiciones \u201cse hablaron de la toxicidad que tiene el lago, cianobacterias, pero, en cierto modo, durante los per\u00edodos que se hicieron las mediciones, se demostr\u00f3 que no es un lago que estaba mesotr\u00f3fico (medidas promedio de existencia de nutrientes). Es decir, dentro de su contaminaci\u00f3n los par\u00e1metros que se vieron demostraron que el lago no est\u00e1 eutroficado (con exceso de nutrientes) o sea no est\u00e1 tan contaminado, en palabras m\u00e1s simples\u201d.<\/p>\n<p>Ximena Sanhueza, presidenta del Consejo Ambiental de Puc\u00f3n, valor\u00f3 que, todo lo relacionado con el Bloom de Algas y sus estudios, \u201ces un trabajo que no existe a nivel pa\u00eds y que conseguimos nosotros, como sociedad civil, y poder incluirlo dentro del Plan de Descontaminaci\u00f3n del Lago Villarrica\u201d, instrumento legal que est\u00e1 a la espera de la \u201ctoma de raz\u00f3n\u201d de la Contralor\u00eda General de la Rep\u00fablica, tras haber sido repuesto por el Gobierno del Presidente Jos\u00e9 Antonio Kast. \u201cEsto nos va a llevar a tener un protocolo en caso de episodios de bloom de algas, que es lo que estamos pidiendo, tanto en el uso de las aguas recreacionales como en las afectaciones en la salud humana y los animales\u201d, agreg\u00f3 Ximena Sanhueza.<\/p>\n<!--[if lt IE 9]><script>document.createElement('audio');<\/script><![endif]-->\n<audio class=\"wp-audio-shortcode\" id=\"audio-59956-1\" preload=\"none\" style=\"width: 100%;\" controls=\"controls\"><source type=\"audio\/mpeg\" src=\"https:\/\/municipalidadpucon.cl\/wp-content\/uploads\/2026\/04\/Ximena-Sanhueza-Pdta-Consejo-Ambiental-de-Pucon-destaca-los-datos-que-ahora-se-disponen-.mp3?_=1\" \/><a href=\"https:\/\/municipalidadpucon.cl\/wp-content\/uploads\/2026\/04\/Ximena-Sanhueza-Pdta-Consejo-Ambiental-de-Pucon-destaca-los-datos-que-ahora-se-disponen-.mp3\">https:\/\/municipalidadpucon.cl\/wp-content\/uploads\/2026\/04\/Ximena-Sanhueza-Pdta-Consejo-Ambiental-de-Pucon-destaca-los-datos-que-ahora-se-disponen-.mp3<\/a><\/audio>\n<p><img decoding=\"async\" class=\"alignnone size-medium wp-image-59960\" src=\"https:\/\/municipalidadpucon.cl\/wp-content\/uploads\/2026\/04\/3-3-300x225.jpg\" alt=\"\" width=\"300\" height=\"225\" srcset=\"https:\/\/municipalidadpucon.cl\/wp-content\/uploads\/2026\/04\/3-3-200x150.jpg 200w, https:\/\/municipalidadpucon.cl\/wp-content\/uploads\/2026\/04\/3-3-300x225.jpg 300w, https:\/\/municipalidadpucon.cl\/wp-content\/uploads\/2026\/04\/3-3-400x300.jpg 400w, https:\/\/municipalidadpucon.cl\/wp-content\/uploads\/2026\/04\/3-3-600x450.jpg 600w, https:\/\/municipalidadpucon.cl\/wp-content\/uploads\/2026\/04\/3-3-768x576.jpg 768w, https:\/\/municipalidadpucon.cl\/wp-content\/uploads\/2026\/04\/3-3-800x600.jpg 800w, https:\/\/municipalidadpucon.cl\/wp-content\/uploads\/2026\/04\/3-3-1024x768.jpg 1024w, https:\/\/municipalidadpucon.cl\/wp-content\/uploads\/2026\/04\/3-3-1200x900.jpg 1200w, https:\/\/municipalidadpucon.cl\/wp-content\/uploads\/2026\/04\/3-3.jpg 1280w\" sizes=\"(max-width: 300px) 100vw, 300px\" \/> <img decoding=\"async\" class=\"alignnone size-medium wp-image-59961\" src=\"https:\/\/municipalidadpucon.cl\/wp-content\/uploads\/2026\/04\/6-300x225.jpg\" alt=\"\" width=\"300\" height=\"225\" srcset=\"https:\/\/municipalidadpucon.cl\/wp-content\/uploads\/2026\/04\/6-200x150.jpg 200w, https:\/\/municipalidadpucon.cl\/wp-content\/uploads\/2026\/04\/6-300x225.jpg 300w, https:\/\/municipalidadpucon.cl\/wp-content\/uploads\/2026\/04\/6-400x300.jpg 400w, https:\/\/municipalidadpucon.cl\/wp-content\/uploads\/2026\/04\/6-600x450.jpg 600w, https:\/\/municipalidadpucon.cl\/wp-content\/uploads\/2026\/04\/6-768x576.jpg 768w, https:\/\/municipalidadpucon.cl\/wp-content\/uploads\/2026\/04\/6-800x600.jpg 800w, https:\/\/municipalidadpucon.cl\/wp-content\/uploads\/2026\/04\/6-1024x768.jpg 1024w, https:\/\/municipalidadpucon.cl\/wp-content\/uploads\/2026\/04\/6-1200x900.jpg 1200w, https:\/\/municipalidadpucon.cl\/wp-content\/uploads\/2026\/04\/6.jpg 1280w\" sizes=\"(max-width: 300px) 100vw, 300px\" \/><\/p>\n<p><strong>CAMINO POR RECORRER<\/strong><\/p>\n<p>En representaci\u00f3n de la Fundaci\u00f3n Caburgua Sustentable, Nancy Dom\u00ednguez, consultada si es optimista en la manera en que se est\u00e1 enfrentando la situaci\u00f3n del \u201cMallolafquen\u201d, indic\u00f3 que todav\u00eda \u201chay hartos caminos por recorrer. Hay muchas variables que podr\u00edamos estar ya minimizando, porque insisto con el tema de las descargas de aguas servidas en el R\u00edo Trancura. Hay datos, siempre es bueno tener datos para comparar, para seguir analizando, y que, si vamos a avanzar en el Plan de Descontaminaci\u00f3n, sean datos que sirvan para apurar la causa\u201d.<\/p>\n<audio class=\"wp-audio-shortcode\" id=\"audio-59956-2\" preload=\"none\" style=\"width: 100%;\" controls=\"controls\"><source type=\"audio\/mpeg\" src=\"https:\/\/municipalidadpucon.cl\/wp-content\/uploads\/2026\/04\/Nancy-Dominguez-Fund-Caburgua-Sustentable-optimista-o-pesimista-con-estas-acciones-.mp3?_=2\" \/><a href=\"https:\/\/municipalidadpucon.cl\/wp-content\/uploads\/2026\/04\/Nancy-Dominguez-Fund-Caburgua-Sustentable-optimista-o-pesimista-con-estas-acciones-.mp3\">https:\/\/municipalidadpucon.cl\/wp-content\/uploads\/2026\/04\/Nancy-Dominguez-Fund-Caburgua-Sustentable-optimista-o-pesimista-con-estas-acciones-.mp3<\/a><\/audio>\n<p><img decoding=\"async\" class=\"alignnone size-medium wp-image-59963\" src=\"https:\/\/municipalidadpucon.cl\/wp-content\/uploads\/2026\/04\/4-3-300x225.jpg\" alt=\"\" width=\"300\" height=\"225\" srcset=\"https:\/\/municipalidadpucon.cl\/wp-content\/uploads\/2026\/04\/4-3-200x150.jpg 200w, https:\/\/municipalidadpucon.cl\/wp-content\/uploads\/2026\/04\/4-3-300x225.jpg 300w, https:\/\/municipalidadpucon.cl\/wp-content\/uploads\/2026\/04\/4-3-400x300.jpg 400w, https:\/\/municipalidadpucon.cl\/wp-content\/uploads\/2026\/04\/4-3-600x450.jpg 600w, https:\/\/municipalidadpucon.cl\/wp-content\/uploads\/2026\/04\/4-3-768x576.jpg 768w, https:\/\/municipalidadpucon.cl\/wp-content\/uploads\/2026\/04\/4-3-800x600.jpg 800w, https:\/\/municipalidadpucon.cl\/wp-content\/uploads\/2026\/04\/4-3-1024x768.jpg 1024w, https:\/\/municipalidadpucon.cl\/wp-content\/uploads\/2026\/04\/4-3-1200x900.jpg 1200w, https:\/\/municipalidadpucon.cl\/wp-content\/uploads\/2026\/04\/4-3.jpg 1280w\" sizes=\"(max-width: 300px) 100vw, 300px\" \/> <img decoding=\"async\" class=\"alignnone size-medium wp-image-59964\" src=\"https:\/\/municipalidadpucon.cl\/wp-content\/uploads\/2026\/04\/5-300x225.jpg\" alt=\"\" width=\"300\" height=\"225\" srcset=\"https:\/\/municipalidadpucon.cl\/wp-content\/uploads\/2026\/04\/5-200x150.jpg 200w, https:\/\/municipalidadpucon.cl\/wp-content\/uploads\/2026\/04\/5-300x225.jpg 300w, https:\/\/municipalidadpucon.cl\/wp-content\/uploads\/2026\/04\/5-400x300.jpg 400w, https:\/\/municipalidadpucon.cl\/wp-content\/uploads\/2026\/04\/5-600x450.jpg 600w, https:\/\/municipalidadpucon.cl\/wp-content\/uploads\/2026\/04\/5-768x576.jpg 768w, https:\/\/municipalidadpucon.cl\/wp-content\/uploads\/2026\/04\/5-800x600.jpg 800w, https:\/\/municipalidadpucon.cl\/wp-content\/uploads\/2026\/04\/5-1024x768.jpg 1024w, https:\/\/municipalidadpucon.cl\/wp-content\/uploads\/2026\/04\/5-1200x900.jpg 1200w, https:\/\/municipalidadpucon.cl\/wp-content\/uploads\/2026\/04\/5.jpg 1280w\" sizes=\"(max-width: 300px) 100vw, 300px\" \/><\/p>\n<p>Fue el administrador municipal de Puc\u00f3n, Sergio N\u00fa\u00f1ez, quien se reconoci\u00f3 \u201cbastante conforme por el resultado, pero esto no significa que tengamos que bajar los brazos, hay que seguir trabajando. Es muy importante acelerar el Plan de Descontaminaci\u00f3n del Lago Villarrica, apoyar al Ministerio de Medioambiente para el trabajo que est\u00e1 haciendo, junto a la Contralor\u00eda, para obtener la toma de raz\u00f3n, por tanto, quedamos bastante conformes\u201d.<\/p>\n<audio class=\"wp-audio-shortcode\" id=\"audio-59956-3\" preload=\"none\" style=\"width: 100%;\" controls=\"controls\"><source type=\"audio\/mpeg\" src=\"https:\/\/municipalidadpucon.cl\/wp-content\/uploads\/2026\/04\/Sergio-Nunez-administrador-municipal-manifiesta-conformidad-con-resultados-.mp3?_=3\" \/><a href=\"https:\/\/municipalidadpucon.cl\/wp-content\/uploads\/2026\/04\/Sergio-Nunez-administrador-municipal-manifiesta-conformidad-con-resultados-.mp3\">https:\/\/municipalidadpucon.cl\/wp-content\/uploads\/2026\/04\/Sergio-Nunez-administrador-municipal-manifiesta-conformidad-con-resultados-.mp3<\/a><\/audio>\n<p>Quien en esta jornada tambi\u00e9n actu\u00f3 como representante del alcalde de la comuna, Sebasti\u00e1n \u00c1lvarez, tanto los datos compartidos por los profesionales de la Universidad de Concepci\u00f3n como de la Seremi de Salud, \u201cfueron bastante razonables en t\u00e9rminos de lo que nosotros esper\u00e1bamos\u201d.<\/p>\n","protected":false},"excerpt":{"rendered":"<p>La Municipalidad de Puc\u00f3n reuni\u00f3 a estamentos regionales, autoridades y [&hellip;]<\/p>\n","protected":false},"author":11,"featured_media":59966,"comment_status":"closed","ping_status":"open","sticky":false,"template":"","format":"standard","meta":[],"categories":[98,3],"tags":[],"_links":{"self":[{"href":"https:\/\/municipalidadpucon.cl\/index.php?rest_route=\/wp\/v2\/posts\/59956"}],"collection":[{"href":"https:\/\/municipalidadpucon.cl\/index.php?rest_route=\/wp\/v2\/posts"}],"about":[{"href":"https:\/\/municipalidadpucon.cl\/index.php?rest_route=\/wp\/v2\/types\/post"}],"author":[{"embeddable":true,"href":"https:\/\/municipalidadpucon.cl\/index.php?rest_route=\/wp\/v2\/users\/11"}],"replies":[{"embeddable":true,"href":"https:\/\/municipalidadpucon.cl\/index.php?rest_route=%2Fwp%2Fv2%2Fcomments&post=59956"}],"version-history":[{"count":1,"href":"https:\/\/municipalidadpucon.cl\/index.php?rest_route=\/wp\/v2\/posts\/59956\/revisions"}],"predecessor-version":[{"id":59967,"href":"https:\/\/municipalidadpucon.cl\/index.php?rest_route=\/wp\/v2\/posts\/59956\/revisions\/59967"}],"wp:featuredmedia":[{"embeddable":true,"href":"https:\/\/municipalidadpucon.cl\/index.php?rest_route=\/wp\/v2\/media\/59966"}],"wp:attachment":[{"href":"https:\/\/municipalidadpucon.cl\/index.php?rest_route=%2Fwp%2Fv2%2Fmedia&parent=59956"}],"wp:term":[{"taxonomy":"category","embeddable":true,"href":"https:\/\/municipalidadpucon.cl\/index.php?rest_route=%2Fwp%2Fv2%2Fcategories&post=59956"},{"taxonomy":"post_tag","embeddable":true,"href":"https:\/\/municipalidadpucon.cl\/index.php?rest_route=%2Fwp%2Fv2%2Ftags&post=59956"}],"curies":[{"name":"wp","href":"https:\/\/api.w.org\/{rel}","templated":true}]}}