{"id":59969,"date":"2026-04-30T11:01:06","date_gmt":"2026-04-30T14:01:06","guid":{"rendered":"https:\/\/municipalidadpucon.cl\/?p=59969"},"modified":"2026-04-30T11:01:06","modified_gmt":"2026-04-30T14:01:06","slug":"municipalidad-responde-a-requerimientos-vecinales-con-mejoras-en-sitios-publicos","status":"publish","type":"post","link":"https:\/\/municipalidadpucon.cl\/?p=59969","title":{"rendered":"Municipalidad responde a requerimientos vecinales con mejoras en sitios p\u00fablicos"},"content":{"rendered":"<p><em><strong>En Bomberos de Chile y Jard\u00edn del Claro la administraci\u00f3n de la entidad p\u00fablica verific\u00f3 -entre otros avances- la refacci\u00f3n a dos multicanchas, instalaci\u00f3n de mobiliario urbano y readecuaci\u00f3n de espacios verdes para esparcimiento.<\/strong><\/em><\/p>\n<p><img decoding=\"async\" class=\"size-medium wp-image-59970 aligncenter\" src=\"https:\/\/municipalidadpucon.cl\/wp-content\/uploads\/2026\/04\/SECUNDARIA-3-300x225.jpg\" alt=\"\" width=\"300\" height=\"225\" srcset=\"https:\/\/municipalidadpucon.cl\/wp-content\/uploads\/2026\/04\/SECUNDARIA-3-200x150.jpg 200w, https:\/\/municipalidadpucon.cl\/wp-content\/uploads\/2026\/04\/SECUNDARIA-3-300x225.jpg 300w, https:\/\/municipalidadpucon.cl\/wp-content\/uploads\/2026\/04\/SECUNDARIA-3-400x300.jpg 400w, https:\/\/municipalidadpucon.cl\/wp-content\/uploads\/2026\/04\/SECUNDARIA-3-600x450.jpg 600w, https:\/\/municipalidadpucon.cl\/wp-content\/uploads\/2026\/04\/SECUNDARIA-3-768x576.jpg 768w, https:\/\/municipalidadpucon.cl\/wp-content\/uploads\/2026\/04\/SECUNDARIA-3-800x600.jpg 800w, https:\/\/municipalidadpucon.cl\/wp-content\/uploads\/2026\/04\/SECUNDARIA-3-1024x768.jpg 1024w, https:\/\/municipalidadpucon.cl\/wp-content\/uploads\/2026\/04\/SECUNDARIA-3-1200x900.jpg 1200w, https:\/\/municipalidadpucon.cl\/wp-content\/uploads\/2026\/04\/SECUNDARIA-3.jpg 1280w\" sizes=\"(max-width: 300px) 100vw, 300px\" \/><\/p>\n<p>Como parte de un Plan de Recuperaci\u00f3n de Espacios P\u00fablicos, definido desde la administraci\u00f3n de la Municipalidad de Puc\u00f3n, a trav\u00e9s del alcalde de la comuna, Sebasti\u00e1n \u00c1lvarez, se han definido una serie de intervenciones solicitadas incluso por la propia ciudadan\u00eda y que en los \u00faltimos d\u00edas tuvo como protagonistas a los sectores Bomberos de Chile y Jard\u00edn del Claro en la zona lacustre.<\/p>\n<p>\u201cEs un programa que ha implementado el alcalde \u00c1lvarez para recuperar los espacios degradados\u201d, detall\u00f3 Sergio N\u00fa\u00f1ez, administrador del Municipio puconino quien, en la Plaza Jardines del Claro, verific\u00f3 que all\u00ed se cambiaron todas las trancas y basureros. \u201cSe hizo una peque\u00f1a mejora respecto de la multicancha, los tableros para jugar b\u00e1squetbol y corte de pasto\u201d, dijo el personero municipal, quien valor\u00f3 la coordinaci\u00f3n de distintos programas municipales para estas labores; entre ellos, el \u00e1rea de mantenci\u00f3n (m\u00e1s conocido como \u201cmanito de gato\u201d) y la Direcci\u00f3n de Aseo, Ornato y \u00c1reas Verdes (DAOMA).<\/p>\n<!--[if lt IE 9]><script>document.createElement('audio');<\/script><![endif]-->\n<audio class=\"wp-audio-shortcode\" id=\"audio-59969-1\" preload=\"none\" style=\"width: 100%;\" controls=\"controls\"><source type=\"audio\/mpeg\" src=\"https:\/\/municipalidadpucon.cl\/wp-content\/uploads\/2026\/04\/Sergio-Nunez-administrador-municipal-llama-al-cuidado-de-los-vecinos-y-denunciar-.mp3?_=1\" \/><a href=\"https:\/\/municipalidadpucon.cl\/wp-content\/uploads\/2026\/04\/Sergio-Nunez-administrador-municipal-llama-al-cuidado-de-los-vecinos-y-denunciar-.mp3\">https:\/\/municipalidadpucon.cl\/wp-content\/uploads\/2026\/04\/Sergio-Nunez-administrador-municipal-llama-al-cuidado-de-los-vecinos-y-denunciar-.mp3<\/a><\/audio>\n<p><img decoding=\"async\" class=\"alignnone size-medium wp-image-59972\" src=\"https:\/\/municipalidadpucon.cl\/wp-content\/uploads\/2026\/04\/3-19-225x300.jpeg\" alt=\"\" width=\"225\" height=\"300\" srcset=\"https:\/\/municipalidadpucon.cl\/wp-content\/uploads\/2026\/04\/3-19-200x267.jpeg 200w, https:\/\/municipalidadpucon.cl\/wp-content\/uploads\/2026\/04\/3-19-225x300.jpeg 225w, https:\/\/municipalidadpucon.cl\/wp-content\/uploads\/2026\/04\/3-19-400x533.jpeg 400w, https:\/\/municipalidadpucon.cl\/wp-content\/uploads\/2026\/04\/3-19-600x800.jpeg 600w, https:\/\/municipalidadpucon.cl\/wp-content\/uploads\/2026\/04\/3-19-768x1024.jpeg 768w, https:\/\/municipalidadpucon.cl\/wp-content\/uploads\/2026\/04\/3-19-800x1067.jpeg 800w, https:\/\/municipalidadpucon.cl\/wp-content\/uploads\/2026\/04\/3-19-scaled.jpeg 975w, https:\/\/municipalidadpucon.cl\/wp-content\/uploads\/2026\/04\/3-19-1152x1536.jpeg 1152w\" sizes=\"(max-width: 225px) 100vw, 225px\" \/> <img decoding=\"async\" class=\"alignnone size-medium wp-image-59973\" src=\"https:\/\/municipalidadpucon.cl\/wp-content\/uploads\/2026\/04\/4-18-225x300.jpeg\" alt=\"\" width=\"225\" height=\"300\" srcset=\"https:\/\/municipalidadpucon.cl\/wp-content\/uploads\/2026\/04\/4-18-200x267.jpeg 200w, https:\/\/municipalidadpucon.cl\/wp-content\/uploads\/2026\/04\/4-18-225x300.jpeg 225w, https:\/\/municipalidadpucon.cl\/wp-content\/uploads\/2026\/04\/4-18-400x533.jpeg 400w, https:\/\/municipalidadpucon.cl\/wp-content\/uploads\/2026\/04\/4-18-600x800.jpeg 600w, https:\/\/municipalidadpucon.cl\/wp-content\/uploads\/2026\/04\/4-18-768x1024.jpeg 768w, https:\/\/municipalidadpucon.cl\/wp-content\/uploads\/2026\/04\/4-18-800x1067.jpeg 800w, https:\/\/municipalidadpucon.cl\/wp-content\/uploads\/2026\/04\/4-18-scaled.jpeg 975w, https:\/\/municipalidadpucon.cl\/wp-content\/uploads\/2026\/04\/4-18-1152x1536.jpeg 1152w\" sizes=\"(max-width: 225px) 100vw, 225px\" \/><\/p>\n<p><strong>LABOR PROLIJA<\/strong><\/p>\n<p>En este sitio, Emilio Mendoza, vecino del lugar, calific\u00f3 los arreglos como \u201cespectaculares, la plaza cambi\u00f3 cien por ciento su infraestructura y su vista. Se nota que es un trabajo muy prolijo, y a nosotros, como vecinos, lo encontramos demasiado lindo. Le cambi\u00f3, como quien dice, el cach\u00e9 a la plaza de ac\u00e1 del sector\u201d.<\/p>\n<audio class=\"wp-audio-shortcode\" id=\"audio-59969-2\" preload=\"none\" style=\"width: 100%;\" controls=\"controls\"><source type=\"audio\/mpeg\" src=\"https:\/\/municipalidadpucon.cl\/wp-content\/uploads\/2026\/04\/Emilio-Mendoza-vecino-Jardin-del-Claro-valora-los-arreglos-al-lugar-.mp3?_=2\" \/><a href=\"https:\/\/municipalidadpucon.cl\/wp-content\/uploads\/2026\/04\/Emilio-Mendoza-vecino-Jardin-del-Claro-valora-los-arreglos-al-lugar-.mp3\">https:\/\/municipalidadpucon.cl\/wp-content\/uploads\/2026\/04\/Emilio-Mendoza-vecino-Jardin-del-Claro-valora-los-arreglos-al-lugar-.mp3<\/a><\/audio>\n<p>Junto a Jardines del Claro tambi\u00e9n se intervino el espacio p\u00fablico de Villa Bomberos de Chile, en donde tambi\u00e9n se arregl\u00f3 su multicancha, el cerco de delimitaci\u00f3n, que estaba roto, se pintaron las l\u00edneas, se cambiaron los aros y tambi\u00e9n los tableros de b\u00e1squetbol.<\/p>\n<p>\u201cEstamos contentos con las mejoras que nos han hecho en la cancha, en los asientos de ac\u00e1, muy bonitos. Y se puso una mesa, lo que es bueno porque ac\u00e1 vienen los pap\u00e1s y se sientan a ver a sus ni\u00f1os y los cuidan\u201d, coment\u00f3 la secretaria de la Junta de Vecinos de Bomberos de Chile, Audolinda Ruiz, quien tambi\u00e9n solicit\u00f3 que \u201clos vecinos no nos vengan a tirar basura, por favor, porque en la tarde se juntan muchos ni\u00f1os. Cooperemos con la limpieza de nuestro entorno, porque es bonito venir a sentarse aqu\u00ed bajo los \u00e1rboles\u201d.<\/p>\n<audio class=\"wp-audio-shortcode\" id=\"audio-59969-3\" preload=\"none\" style=\"width: 100%;\" controls=\"controls\"><source type=\"audio\/mpeg\" src=\"https:\/\/municipalidadpucon.cl\/wp-content\/uploads\/2026\/04\/Audolinda-Ruiz-secretaria-JJVV-Bomberos-de-Chile-agradece-y-pide-no-recibir-basura-.mp3?_=3\" \/><a href=\"https:\/\/municipalidadpucon.cl\/wp-content\/uploads\/2026\/04\/Audolinda-Ruiz-secretaria-JJVV-Bomberos-de-Chile-agradece-y-pide-no-recibir-basura-.mp3\">https:\/\/municipalidadpucon.cl\/wp-content\/uploads\/2026\/04\/Audolinda-Ruiz-secretaria-JJVV-Bomberos-de-Chile-agradece-y-pide-no-recibir-basura-.mp3<\/a><\/audio>\n<p><img decoding=\"async\" class=\"alignnone size-medium wp-image-59976\" src=\"https:\/\/municipalidadpucon.cl\/wp-content\/uploads\/2026\/04\/5-1-300x225.jpg\" alt=\"\" width=\"300\" height=\"225\" srcset=\"https:\/\/municipalidadpucon.cl\/wp-content\/uploads\/2026\/04\/5-1-200x150.jpg 200w, https:\/\/municipalidadpucon.cl\/wp-content\/uploads\/2026\/04\/5-1-300x225.jpg 300w, https:\/\/municipalidadpucon.cl\/wp-content\/uploads\/2026\/04\/5-1-400x300.jpg 400w, https:\/\/municipalidadpucon.cl\/wp-content\/uploads\/2026\/04\/5-1-600x450.jpg 600w, https:\/\/municipalidadpucon.cl\/wp-content\/uploads\/2026\/04\/5-1-768x576.jpg 768w, https:\/\/municipalidadpucon.cl\/wp-content\/uploads\/2026\/04\/5-1-800x600.jpg 800w, https:\/\/municipalidadpucon.cl\/wp-content\/uploads\/2026\/04\/5-1-1024x768.jpg 1024w, https:\/\/municipalidadpucon.cl\/wp-content\/uploads\/2026\/04\/5-1-1200x900.jpg 1200w, https:\/\/municipalidadpucon.cl\/wp-content\/uploads\/2026\/04\/5-1.jpg 1280w\" sizes=\"(max-width: 300px) 100vw, 300px\" \/> <img decoding=\"async\" class=\"alignnone size-medium wp-image-59977\" src=\"https:\/\/municipalidadpucon.cl\/wp-content\/uploads\/2026\/04\/6-12-300x169.jpeg\" alt=\"\" width=\"300\" height=\"169\" srcset=\"https:\/\/municipalidadpucon.cl\/wp-content\/uploads\/2026\/04\/6-12-200x113.jpeg 200w, https:\/\/municipalidadpucon.cl\/wp-content\/uploads\/2026\/04\/6-12-300x169.jpeg 300w, https:\/\/municipalidadpucon.cl\/wp-content\/uploads\/2026\/04\/6-12-400x225.jpeg 400w, https:\/\/municipalidadpucon.cl\/wp-content\/uploads\/2026\/04\/6-12-600x338.jpeg 600w, https:\/\/municipalidadpucon.cl\/wp-content\/uploads\/2026\/04\/6-12-768x432.jpeg 768w, https:\/\/municipalidadpucon.cl\/wp-content\/uploads\/2026\/04\/6-12-800x450.jpeg 800w, https:\/\/municipalidadpucon.cl\/wp-content\/uploads\/2026\/04\/6-12-1024x576.jpeg 1024w, https:\/\/municipalidadpucon.cl\/wp-content\/uploads\/2026\/04\/6-12-1200x675.jpeg 1200w, https:\/\/municipalidadpucon.cl\/wp-content\/uploads\/2026\/04\/6-12.jpeg 1280w\" sizes=\"(max-width: 300px) 100vw, 300px\" \/> <img decoding=\"async\" class=\"alignnone size-medium wp-image-59978\" src=\"https:\/\/municipalidadpucon.cl\/wp-content\/uploads\/2026\/04\/7-8-225x300.jpeg\" alt=\"\" width=\"225\" height=\"300\" srcset=\"https:\/\/municipalidadpucon.cl\/wp-content\/uploads\/2026\/04\/7-8-200x267.jpeg 200w, https:\/\/municipalidadpucon.cl\/wp-content\/uploads\/2026\/04\/7-8-225x300.jpeg 225w, https:\/\/municipalidadpucon.cl\/wp-content\/uploads\/2026\/04\/7-8-400x533.jpeg 400w, https:\/\/municipalidadpucon.cl\/wp-content\/uploads\/2026\/04\/7-8-600x800.jpeg 600w, https:\/\/municipalidadpucon.cl\/wp-content\/uploads\/2026\/04\/7-8-768x1024.jpeg 768w, https:\/\/municipalidadpucon.cl\/wp-content\/uploads\/2026\/04\/7-8-800x1067.jpeg 800w, https:\/\/municipalidadpucon.cl\/wp-content\/uploads\/2026\/04\/7-8-scaled.jpeg 975w, https:\/\/municipalidadpucon.cl\/wp-content\/uploads\/2026\/04\/7-8-1152x1536.jpeg 1152w\" sizes=\"(max-width: 225px) 100vw, 225px\" \/> <img decoding=\"async\" class=\"alignnone size-medium wp-image-59979\" src=\"https:\/\/municipalidadpucon.cl\/wp-content\/uploads\/2026\/04\/8-6-169x300.jpeg\" alt=\"\" width=\"169\" height=\"300\" srcset=\"https:\/\/municipalidadpucon.cl\/wp-content\/uploads\/2026\/04\/8-6-169x300.jpeg 169w, https:\/\/municipalidadpucon.cl\/wp-content\/uploads\/2026\/04\/8-6-200x356.jpeg 200w, https:\/\/municipalidadpucon.cl\/wp-content\/uploads\/2026\/04\/8-6-400x711.jpeg 400w, https:\/\/municipalidadpucon.cl\/wp-content\/uploads\/2026\/04\/8-6-576x1024.jpeg 576w, https:\/\/municipalidadpucon.cl\/wp-content\/uploads\/2026\/04\/8-6-600x1067.jpeg 600w, https:\/\/municipalidadpucon.cl\/wp-content\/uploads\/2026\/04\/8-6-scaled.jpeg 731w, https:\/\/municipalidadpucon.cl\/wp-content\/uploads\/2026\/04\/8-6-768x1365.jpeg 768w, https:\/\/municipalidadpucon.cl\/wp-content\/uploads\/2026\/04\/8-6-800x1422.jpeg 800w, https:\/\/municipalidadpucon.cl\/wp-content\/uploads\/2026\/04\/8-6-864x1536.jpeg 864w\" sizes=\"(max-width: 169px) 100vw, 169px\" \/><\/p>\n<p><strong>DENUNCIE AL 1448<\/strong><\/p>\n<p>Al respecto, desde el Municipio de Puc\u00f3n se inform\u00f3 que el retiro de la basura acumulada en los reci\u00e9n instalados nuevos basureros urbanos de mandera, que hasta hace poco no era retirada, ahora s\u00ed ocurrir\u00e1, tras coordinaciones ya definidas con personal de DAOMA.<\/p>\n<p>Adem\u00e1s, el administrador municipal, Sergio N\u00fa\u00f1ez, destac\u00f3 que \u201cel alcalde ha insistido mucho en que debemos mejorar los espacios p\u00fablicos, hacerlos m\u00e1s asequibles, en espacios p\u00fablicos ordenados, limpios y seguros. Y la mejor manera que ello contin\u00fae es que los cuidemos entre todos, los cuiden los vecinos, los usuarios y tambi\u00e9n los j\u00f3venes\u201d.<\/p>\n<audio class=\"wp-audio-shortcode\" id=\"audio-59969-4\" preload=\"none\" style=\"width: 100%;\" controls=\"controls\"><source type=\"audio\/mpeg\" src=\"https:\/\/municipalidadpucon.cl\/wp-content\/uploads\/2026\/04\/Sergio-Nunez-resume-las-actividades-realizadas.mp3?_=4\" \/><a href=\"https:\/\/municipalidadpucon.cl\/wp-content\/uploads\/2026\/04\/Sergio-Nunez-resume-las-actividades-realizadas.mp3\">https:\/\/municipalidadpucon.cl\/wp-content\/uploads\/2026\/04\/Sergio-Nunez-resume-las-actividades-realizadas.mp3<\/a><\/audio>\n<p>La autoridad tambi\u00e9n mencion\u00f3 que en caso de verificarse un da\u00f1o o intervenci\u00f3n indeseada en los nuevos espacios est\u00e1 disponible \u201c24-7\u201d, para denuncias, el n\u00famero de Seguridad P\u00fablica municipal: 1448.<\/p>\n","protected":false},"excerpt":{"rendered":"<p>En Bomberos de Chile y Jard\u00edn del Claro la administraci\u00f3n [&hellip;]<\/p>\n","protected":false},"author":11,"featured_media":59981,"comment_status":"closed","ping_status":"open","sticky":false,"template":"","format":"standard","meta":[],"categories":[98,3],"tags":[],"_links":{"self":[{"href":"https:\/\/municipalidadpucon.cl\/index.php?rest_route=\/wp\/v2\/posts\/59969"}],"collection":[{"href":"https:\/\/municipalidadpucon.cl\/index.php?rest_route=\/wp\/v2\/posts"}],"about":[{"href":"https:\/\/municipalidadpucon.cl\/index.php?rest_route=\/wp\/v2\/types\/post"}],"author":[{"embeddable":true,"href":"https:\/\/municipalidadpucon.cl\/index.php?rest_route=\/wp\/v2\/users\/11"}],"replies":[{"embeddable":true,"href":"https:\/\/municipalidadpucon.cl\/index.php?rest_route=%2Fwp%2Fv2%2Fcomments&post=59969"}],"version-history":[{"count":1,"href":"https:\/\/municipalidadpucon.cl\/index.php?rest_route=\/wp\/v2\/posts\/59969\/revisions"}],"predecessor-version":[{"id":59982,"href":"https:\/\/municipalidadpucon.cl\/index.php?rest_route=\/wp\/v2\/posts\/59969\/revisions\/59982"}],"wp:featuredmedia":[{"embeddable":true,"href":"https:\/\/municipalidadpucon.cl\/index.php?rest_route=\/wp\/v2\/media\/59981"}],"wp:attachment":[{"href":"https:\/\/municipalidadpucon.cl\/index.php?rest_route=%2Fwp%2Fv2%2Fmedia&parent=59969"}],"wp:term":[{"taxonomy":"category","embeddable":true,"href":"https:\/\/municipalidadpucon.cl\/index.php?rest_route=%2Fwp%2Fv2%2Fcategories&post=59969"},{"taxonomy":"post_tag","embeddable":true,"href":"https:\/\/municipalidadpucon.cl\/index.php?rest_route=%2Fwp%2Fv2%2Ftags&post=59969"}],"curies":[{"name":"wp","href":"https:\/\/api.w.org\/{rel}","templated":true}]}}