{"id":59983,"date":"2026-04-30T15:02:07","date_gmt":"2026-04-30T18:02:07","guid":{"rendered":"https:\/\/municipalidadpucon.cl\/?p=59983"},"modified":"2026-04-30T15:02:07","modified_gmt":"2026-04-30T18:02:07","slug":"en-pucon-les-confirman-a-dirigentes-vecinales-que-plan-piloto-vial-comenzara-este-4-de-mayo-en-horario-punta","status":"publish","type":"post","link":"https:\/\/municipalidadpucon.cl\/?p=59983","title":{"rendered":"En Puc\u00f3n les confirman a dirigentes vecinales que Plan Piloto Vial comenzar\u00e1 este 4 de mayo en horario punta"},"content":{"rendered":"<p><em><strong>Una reuni\u00f3n informativa desarroll\u00f3 la Municipalidad lacustre, a trav\u00e9s de Seguridad P\u00fablica, entidad que ratific\u00f3 que las intervenciones en las v\u00edas principales de la comuna se realizar\u00e1n entre las 17 y 20 horas durante una semana.<\/strong><\/em><\/p>\n<p><img decoding=\"async\" class=\"size-medium wp-image-59984 aligncenter\" src=\"https:\/\/municipalidadpucon.cl\/wp-content\/uploads\/2026\/04\/SECUNDARIA-13-300x225.jpeg\" alt=\"\" width=\"300\" height=\"225\" srcset=\"https:\/\/municipalidadpucon.cl\/wp-content\/uploads\/2026\/04\/SECUNDARIA-13-200x150.jpeg 200w, https:\/\/municipalidadpucon.cl\/wp-content\/uploads\/2026\/04\/SECUNDARIA-13-300x225.jpeg 300w, https:\/\/municipalidadpucon.cl\/wp-content\/uploads\/2026\/04\/SECUNDARIA-13-400x300.jpeg 400w, https:\/\/municipalidadpucon.cl\/wp-content\/uploads\/2026\/04\/SECUNDARIA-13-600x450.jpeg 600w, https:\/\/municipalidadpucon.cl\/wp-content\/uploads\/2026\/04\/SECUNDARIA-13-768x576.jpeg 768w, https:\/\/municipalidadpucon.cl\/wp-content\/uploads\/2026\/04\/SECUNDARIA-13-800x600.jpeg 800w, https:\/\/municipalidadpucon.cl\/wp-content\/uploads\/2026\/04\/SECUNDARIA-13-1024x768.jpeg 1024w, https:\/\/municipalidadpucon.cl\/wp-content\/uploads\/2026\/04\/SECUNDARIA-13-1200x900.jpeg 1200w, https:\/\/municipalidadpucon.cl\/wp-content\/uploads\/2026\/04\/SECUNDARIA-13-scaled.jpeg 1300w, https:\/\/municipalidadpucon.cl\/wp-content\/uploads\/2026\/04\/SECUNDARIA-13-1536x1152.jpeg 1536w\" sizes=\"(max-width: 300px) 100vw, 300px\" \/><\/p>\n<p>Muy bien valorado por los asistentes fue el encuentro de dirigentes vecinales, realizado en la Universidad de La Frontera (Ufro) esta \u00faltima semana de abril con personal de la Municipalidad de Puc\u00f3n, quienes expusieron los alcances del denominado Plan Piloto de Descongesti\u00f3n Vial para la comuna lacustre.<\/p>\n<p>En la reuni\u00f3n se ratific\u00f3 que las intervenciones callejeras en temporada baja comenzar\u00e1n este lunes 4 de mayo -entre 17 y 20 horas- en v\u00edas principales de Puc\u00f3n, control que estar\u00e1 a cargo de la Direcci\u00f3n de Seguridad P\u00fablica del Municipio, en coordinaci\u00f3n con el Departamento de Tr\u00e1nsito y Gesti\u00f3n del Riesgo de Desastres (GRD), todos dispuestos con el objetivo de darle fluidez a los desplazamientos vehiculares.<\/p>\n<p><strong>MEJORAR LA CIRCULACI\u00d3N<\/strong><\/p>\n<p>La jornada estuvo liderada por el director de Seguridad P\u00fablica, Juan Carlos Badilla, y el coordinador del mismo organismo, Claudio Escobar, quienes destacaron la presencia de directivos vecinales, explicando a su vez que el objetivo de estas intervenciones \u201ces permitir que nuestros vecinos puedan circular de mejor manera en horario punta por las calles principales de nuestra comuna\u201d, indic\u00f3 Badilla.<\/p>\n<p><img decoding=\"async\" class=\" wp-image-59987\" src=\"https:\/\/municipalidadpucon.cl\/wp-content\/uploads\/2026\/04\/IMG_4013-300x170.jpg\" alt=\"\" width=\"259\" height=\"147\" srcset=\"https:\/\/municipalidadpucon.cl\/wp-content\/uploads\/2026\/04\/IMG_4013-200x113.jpg 200w, https:\/\/municipalidadpucon.cl\/wp-content\/uploads\/2026\/04\/IMG_4013-300x170.jpg 300w, https:\/\/municipalidadpucon.cl\/wp-content\/uploads\/2026\/04\/IMG_4013-400x227.jpg 400w, https:\/\/municipalidadpucon.cl\/wp-content\/uploads\/2026\/04\/IMG_4013-600x340.jpg 600w, https:\/\/municipalidadpucon.cl\/wp-content\/uploads\/2026\/04\/IMG_4013-768x436.jpg 768w, https:\/\/municipalidadpucon.cl\/wp-content\/uploads\/2026\/04\/IMG_4013-800x454.jpg 800w, https:\/\/municipalidadpucon.cl\/wp-content\/uploads\/2026\/04\/IMG_4013-1024x581.jpg 1024w, https:\/\/municipalidadpucon.cl\/wp-content\/uploads\/2026\/04\/IMG_4013-1200x681.jpg 1200w, https:\/\/municipalidadpucon.cl\/wp-content\/uploads\/2026\/04\/IMG_4013-scaled.jpg 1300w, https:\/\/municipalidadpucon.cl\/wp-content\/uploads\/2026\/04\/IMG_4013-1536x872.jpg 1536w\" sizes=\"(max-width: 259px) 100vw, 259px\" \/><\/p>\n<p>&#8220;Considero importante este acercamiento a la poblaci\u00f3n, especialmente a las instituciones, a las juntas de vecinos y a las agrupaciones, porque la verdad es que la educaci\u00f3n vial viene de parte de todos&#8221;, coment\u00f3, tras la reuni\u00f3n J\u00e9ssica Ar\u00e9valo, representante de la Junta de Vecinos del sector Las Araucarias, subrayando que &#8220;esta instancia que genera el Departamento de Seguridad P\u00fablica es lo que deber\u00eda hacer en todas sus l\u00edneas la Municipalidad, y felicitamos la instancia que se nos da para participar y dar nuestras acotaciones, y familiarizar varios puntos del trabajo que ellos est\u00e1n realizando. Yo creo que es muy buena la instancia, hay que aprovecharla, tienen que venir m\u00e1s vecinos, porque necesitamos el apoyo de todos, porque esto es de todos y es transversal&#8221;.<\/p>\n<!--[if lt IE 9]><script>document.createElement('audio');<\/script><![endif]-->\n<audio class=\"wp-audio-shortcode\" id=\"audio-59983-1\" preload=\"none\" style=\"width: 100%;\" controls=\"controls\"><source type=\"audio\/mpeg\" src=\"https:\/\/municipalidadpucon.cl\/wp-content\/uploads\/2026\/04\/Jessica-Arevalo-JJVV-Las-Araucarias-destaca-la-instancia-de-informacion-.mp3?_=1\" \/><a href=\"https:\/\/municipalidadpucon.cl\/wp-content\/uploads\/2026\/04\/Jessica-Arevalo-JJVV-Las-Araucarias-destaca-la-instancia-de-informacion-.mp3\">https:\/\/municipalidadpucon.cl\/wp-content\/uploads\/2026\/04\/Jessica-Arevalo-JJVV-Las-Araucarias-destaca-la-instancia-de-informacion-.mp3<\/a><\/audio>\n<p><img decoding=\"async\" class=\"size-medium wp-image-59986 aligncenter\" src=\"https:\/\/municipalidadpucon.cl\/wp-content\/uploads\/2026\/04\/4-19-300x225.jpeg\" alt=\"\" width=\"300\" height=\"225\" srcset=\"https:\/\/municipalidadpucon.cl\/wp-content\/uploads\/2026\/04\/4-19-200x150.jpeg 200w, https:\/\/municipalidadpucon.cl\/wp-content\/uploads\/2026\/04\/4-19-300x225.jpeg 300w, https:\/\/municipalidadpucon.cl\/wp-content\/uploads\/2026\/04\/4-19-400x300.jpeg 400w, https:\/\/municipalidadpucon.cl\/wp-content\/uploads\/2026\/04\/4-19-600x450.jpeg 600w, https:\/\/municipalidadpucon.cl\/wp-content\/uploads\/2026\/04\/4-19-768x576.jpeg 768w, https:\/\/municipalidadpucon.cl\/wp-content\/uploads\/2026\/04\/4-19-800x600.jpeg 800w, https:\/\/municipalidadpucon.cl\/wp-content\/uploads\/2026\/04\/4-19-1024x768.jpeg 1024w, https:\/\/municipalidadpucon.cl\/wp-content\/uploads\/2026\/04\/4-19-1200x900.jpeg 1200w, https:\/\/municipalidadpucon.cl\/wp-content\/uploads\/2026\/04\/4-19-scaled.jpeg 1300w, https:\/\/municipalidadpucon.cl\/wp-content\/uploads\/2026\/04\/4-19-1536x1152.jpeg 1536w\" sizes=\"(max-width: 300px) 100vw, 300px\" \/><\/p>\n<p><strong>D\u00cdAS Y HORARIOS<\/strong><\/p>\n<p>En tono similar se manifest\u00f3 el dirigente V\u00edctor Jofr\u00e9, presidente del Comit\u00e9 de Adelanto El Triunfo del sector El Claro, al afirmar que este encuentro &#8220;me parece muy bien porque es la \u00fanica forma que nosotros como dirigentes podamos dar a conocer a nuestra comunidad los futuros proyectos, lo que se est\u00e1 avanzando por parte de la Municipalidad y me parece muy bien esto de descongestionar y todo lo que sea en mejoramiento de la comunidad siempre va a ser mejor&#8221;.<\/p>\n<p>Las intervenciones, en zonas de mayor afluencia vehicular -como Rotonda Matus, especialmente- est\u00e1n definidas a partir de este lunes 4 de mayo entre las 17 y 20 horas, &#8220;en un inicio hasta el viernes 8 de mayo, pero solo ese d\u00eda se sumar\u00e1 la intervenci\u00f3n vial en horario vespertino, entre las 13.45 y 14.30&#8221;, rubric\u00f3 el coordinador de Seguridad P\u00fablica del Municipio de Puc\u00f3n, Claudio Escobar.<\/p>\n","protected":false},"excerpt":{"rendered":"<p>Una reuni\u00f3n informativa desarroll\u00f3 la Municipalidad lacustre, a trav\u00e9s de [&hellip;]<\/p>\n","protected":false},"author":11,"featured_media":59989,"comment_status":"closed","ping_status":"open","sticky":false,"template":"","format":"standard","meta":[],"categories":[98,95,3],"tags":[],"_links":{"self":[{"href":"https:\/\/municipalidadpucon.cl\/index.php?rest_route=\/wp\/v2\/posts\/59983"}],"collection":[{"href":"https:\/\/municipalidadpucon.cl\/index.php?rest_route=\/wp\/v2\/posts"}],"about":[{"href":"https:\/\/municipalidadpucon.cl\/index.php?rest_route=\/wp\/v2\/types\/post"}],"author":[{"embeddable":true,"href":"https:\/\/municipalidadpucon.cl\/index.php?rest_route=\/wp\/v2\/users\/11"}],"replies":[{"embeddable":true,"href":"https:\/\/municipalidadpucon.cl\/index.php?rest_route=%2Fwp%2Fv2%2Fcomments&post=59983"}],"version-history":[{"count":1,"href":"https:\/\/municipalidadpucon.cl\/index.php?rest_route=\/wp\/v2\/posts\/59983\/revisions"}],"predecessor-version":[{"id":59990,"href":"https:\/\/municipalidadpucon.cl\/index.php?rest_route=\/wp\/v2\/posts\/59983\/revisions\/59990"}],"wp:featuredmedia":[{"embeddable":true,"href":"https:\/\/municipalidadpucon.cl\/index.php?rest_route=\/wp\/v2\/media\/59989"}],"wp:attachment":[{"href":"https:\/\/municipalidadpucon.cl\/index.php?rest_route=%2Fwp%2Fv2%2Fmedia&parent=59983"}],"wp:term":[{"taxonomy":"category","embeddable":true,"href":"https:\/\/municipalidadpucon.cl\/index.php?rest_route=%2Fwp%2Fv2%2Fcategories&post=59983"},{"taxonomy":"post_tag","embeddable":true,"href":"https:\/\/municipalidadpucon.cl\/index.php?rest_route=%2Fwp%2Fv2%2Ftags&post=59983"}],"curies":[{"name":"wp","href":"https:\/\/api.w.org\/{rel}","templated":true}]}}