{"id":61374,"date":"2026-08-31T18:14:38","date_gmt":"2026-08-31T21:14:38","guid":{"rendered":"https:\/\/municipalidadpucon.cl\/?p=61374"},"modified":"2026-08-31T18:17:17","modified_gmt":"2026-08-31T21:17:17","slug":"socavon-en-el-kilometro-6-de-la-ruta-segunda-faja-obliga-a-suspender-paso-vehicular","status":"publish","type":"post","link":"https:\/\/municipalidadpucon.cl\/?p=61374","title":{"rendered":"Socav\u00f3n en el kil\u00f3metro 6 de la Ruta Segunda Faja obliga a suspender paso vehicular"},"content":{"rendered":"<p><em><strong>Acumulaci\u00f3n de residuos en un curso de agua del sector Candelaria provoc\u00f3 el evento y posterior resquebrajamiento del pavimento, poniendo en peligro el normal paso de autom\u00f3viles, por lo que se espera una labor importante para restituir la v\u00eda.<\/strong><\/em><\/p>\n<p><img decoding=\"async\" class=\"alignnone size-medium wp-image-61375\" src=\"https:\/\/municipalidadpucon.cl\/wp-content\/uploads\/2026\/08\/SECUNDARIA-15-300x225.jpeg\" alt=\"\" width=\"300\" height=\"225\" srcset=\"https:\/\/municipalidadpucon.cl\/wp-content\/uploads\/2026\/08\/SECUNDARIA-15-200x150.jpeg 200w, https:\/\/municipalidadpucon.cl\/wp-content\/uploads\/2026\/08\/SECUNDARIA-15-300x225.jpeg 300w, https:\/\/municipalidadpucon.cl\/wp-content\/uploads\/2026\/08\/SECUNDARIA-15-400x300.jpeg 400w, https:\/\/municipalidadpucon.cl\/wp-content\/uploads\/2026\/08\/SECUNDARIA-15-600x450.jpeg 600w, https:\/\/municipalidadpucon.cl\/wp-content\/uploads\/2026\/08\/SECUNDARIA-15-768x576.jpeg 768w, https:\/\/municipalidadpucon.cl\/wp-content\/uploads\/2026\/08\/SECUNDARIA-15-800x600.jpeg 800w, https:\/\/municipalidadpucon.cl\/wp-content\/uploads\/2026\/08\/SECUNDARIA-15-1024x768.jpeg 1024w, https:\/\/municipalidadpucon.cl\/wp-content\/uploads\/2026\/08\/SECUNDARIA-15-1200x900.jpeg 1200w, https:\/\/municipalidadpucon.cl\/wp-content\/uploads\/2026\/08\/SECUNDARIA-15.jpeg 1280w\" sizes=\"(max-width: 300px) 100vw, 300px\" \/><\/p>\n<p>Un gran socav\u00f3n qued\u00f3 al descubierto este lunes 31 de agosto, lo que gener\u00f3 -hasta nuevo aviso- la suspensi\u00f3n del tr\u00e1nsito vehicular en el kil\u00f3metro 6 de la Ruta Segunda Faja, en la comuna de Puc\u00f3n y que une a esta zona con Villarrica, espec\u00edficamente en el Puente Candelaria.<\/p>\n<p>La decisi\u00f3n la tomaron, en terreno, personeros de la Oficina de Gesti\u00f3n del Riesgo de Desastres (GRD) de la Municipalidad de Puc\u00f3n, Carabineros y de la empresa global, encomendada para el mantenimiento del camino por Vialidad de la Regi\u00f3n de La Araucan\u00eda.<\/p>\n<p><strong>CIERRE DE LA V\u00cdA<\/strong><\/p>\n<p>\u201cConforme a los antecedentes recabados, se tom\u00f3 la decisi\u00f3n en conjunto con personal de emergencia de la Municipalidad cerrar la v\u00eda de Segunda Faja a la altura del puente Candelaria, dando paso exclusivamente a los vecinos residentes\u201d, explic\u00f3 en el mismo lugar el capit\u00e1n de Carabineros, Danilo Rojas, subcomisario de los servicios de la Novena Comisar\u00eda de Puc\u00f3n.<\/p>\n<!--[if lt IE 9]><script>document.createElement('audio');<\/script><![endif]-->\n<audio class=\"wp-audio-shortcode\" id=\"audio-61374-1\" preload=\"none\" style=\"width: 100%;\" controls=\"controls\"><source type=\"audio\/mpeg\" src=\"https:\/\/municipalidadpucon.cl\/wp-content\/uploads\/2026\/08\/Capitan-Danilo-Rojas-subcomisario-de-los-servicios-9na.-Com-DECISION.mp3?_=1\" \/><a href=\"https:\/\/municipalidadpucon.cl\/wp-content\/uploads\/2026\/08\/Capitan-Danilo-Rojas-subcomisario-de-los-servicios-9na.-Com-DECISION.mp3\">https:\/\/municipalidadpucon.cl\/wp-content\/uploads\/2026\/08\/Capitan-Danilo-Rojas-subcomisario-de-los-servicios-9na.-Com-DECISION.mp3<\/a><\/audio>\n<p><img decoding=\"async\" class=\"alignnone size-medium wp-image-61377\" src=\"https:\/\/municipalidadpucon.cl\/wp-content\/uploads\/2026\/08\/3-13-300x225.jpeg\" alt=\"\" width=\"300\" height=\"225\" srcset=\"https:\/\/municipalidadpucon.cl\/wp-content\/uploads\/2026\/08\/3-13-200x150.jpeg 200w, https:\/\/municipalidadpucon.cl\/wp-content\/uploads\/2026\/08\/3-13-300x225.jpeg 300w, https:\/\/municipalidadpucon.cl\/wp-content\/uploads\/2026\/08\/3-13-400x300.jpeg 400w, https:\/\/municipalidadpucon.cl\/wp-content\/uploads\/2026\/08\/3-13-600x450.jpeg 600w, https:\/\/municipalidadpucon.cl\/wp-content\/uploads\/2026\/08\/3-13-768x576.jpeg 768w, https:\/\/municipalidadpucon.cl\/wp-content\/uploads\/2026\/08\/3-13-800x600.jpeg 800w, https:\/\/municipalidadpucon.cl\/wp-content\/uploads\/2026\/08\/3-13-1024x768.jpeg 1024w, https:\/\/municipalidadpucon.cl\/wp-content\/uploads\/2026\/08\/3-13-1200x900.jpeg 1200w, https:\/\/municipalidadpucon.cl\/wp-content\/uploads\/2026\/08\/3-13.jpeg 1280w\" sizes=\"(max-width: 300px) 100vw, 300px\" \/> <img decoding=\"async\" class=\"alignnone size-medium wp-image-61378\" src=\"https:\/\/municipalidadpucon.cl\/wp-content\/uploads\/2026\/08\/4-10-300x225.jpeg\" alt=\"\" width=\"300\" height=\"225\" srcset=\"https:\/\/municipalidadpucon.cl\/wp-content\/uploads\/2026\/08\/4-10-200x150.jpeg 200w, https:\/\/municipalidadpucon.cl\/wp-content\/uploads\/2026\/08\/4-10-300x225.jpeg 300w, https:\/\/municipalidadpucon.cl\/wp-content\/uploads\/2026\/08\/4-10-400x300.jpeg 400w, https:\/\/municipalidadpucon.cl\/wp-content\/uploads\/2026\/08\/4-10-600x450.jpeg 600w, https:\/\/municipalidadpucon.cl\/wp-content\/uploads\/2026\/08\/4-10-768x576.jpeg 768w, https:\/\/municipalidadpucon.cl\/wp-content\/uploads\/2026\/08\/4-10-800x600.jpeg 800w, https:\/\/municipalidadpucon.cl\/wp-content\/uploads\/2026\/08\/4-10-1024x768.jpeg 1024w, https:\/\/municipalidadpucon.cl\/wp-content\/uploads\/2026\/08\/4-10-1200x900.jpeg 1200w, https:\/\/municipalidadpucon.cl\/wp-content\/uploads\/2026\/08\/4-10.jpeg 1280w\" sizes=\"(max-width: 300px) 100vw, 300px\" \/><\/p>\n<p>Seg\u00fan el asesor de GRD municipal, Esteban Backit, \u201cse gener\u00f3 un socav\u00f3n producto de la ca\u00edda de varios cerritos que est\u00e1n ac\u00e1 al lado, debido al escurrimiento de mucho material, lo que fisur\u00f3 el pavimento\u201d.<\/p>\n<audio class=\"wp-audio-shortcode\" id=\"audio-61374-2\" preload=\"none\" style=\"width: 100%;\" controls=\"controls\"><source type=\"audio\/mpeg\" src=\"https:\/\/municipalidadpucon.cl\/wp-content\/uploads\/2026\/08\/Esteban-Backit-asesor-GRD-explica-problema-y-sector-afectado-.mp3?_=2\" \/><a href=\"https:\/\/municipalidadpucon.cl\/wp-content\/uploads\/2026\/08\/Esteban-Backit-asesor-GRD-explica-problema-y-sector-afectado-.mp3\">https:\/\/municipalidadpucon.cl\/wp-content\/uploads\/2026\/08\/Esteban-Backit-asesor-GRD-explica-problema-y-sector-afectado-.mp3<\/a><\/audio>\n<p>\u201cEn conjunto con la empresa global, con el residente y tambi\u00e9n con carabineros, se ha tomado la terminaci\u00f3n de cortar e interrumpir el tr\u00e1nsito en este sector hasta que las condiciones seguras lo ameriten y los equipos t\u00e9cnicos puedan generar una evaluaci\u00f3n y tambi\u00e9n una reparaci\u00f3n de lo que acaba de ocurrir\u201d, agreg\u00f3 el personero de la entidad edilicia puconina.<\/p>\n<p><strong>ALTERNATIVAS<\/strong><\/p>\n<p>Frente a ello, a partir de este mismo lunes 31 de agosto, se les recomienda a los vecinos y conductores circular desde la Segunda Faja por la Subida Krause o Candelaria y Los Riscos, \u201cque sabemos no han estado en muy buenas condiciones, pero hemos notificado a Vialidad para que pueda generar la mantenci\u00f3n de sus caminos\u201d, recalc\u00f3 Backit, quien de todos modos inform\u00f3 que se ha dispuesto la maquinaria municipal con miras a hacer la mantenci\u00f3n preventiva de todo el mencionado circuito.<\/p>\n<audio class=\"wp-audio-shortcode\" id=\"audio-61374-3\" preload=\"none\" style=\"width: 100%;\" controls=\"controls\"><source type=\"audio\/mpeg\" src=\"https:\/\/municipalidadpucon.cl\/wp-content\/uploads\/2026\/08\/Esteban-Backit-explica-alternativas-y-trabajos-que-deben-hacerse-en-el-lugar-.mp3?_=3\" \/><a href=\"https:\/\/municipalidadpucon.cl\/wp-content\/uploads\/2026\/08\/Esteban-Backit-explica-alternativas-y-trabajos-que-deben-hacerse-en-el-lugar-.mp3\">https:\/\/municipalidadpucon.cl\/wp-content\/uploads\/2026\/08\/Esteban-Backit-explica-alternativas-y-trabajos-que-deben-hacerse-en-el-lugar-.mp3<\/a><\/audio>\n<p><img decoding=\"async\" class=\"alignnone size-medium wp-image-61381\" src=\"https:\/\/municipalidadpucon.cl\/wp-content\/uploads\/2026\/08\/5-11-300x225.jpeg\" alt=\"\" width=\"300\" height=\"225\" srcset=\"https:\/\/municipalidadpucon.cl\/wp-content\/uploads\/2026\/08\/5-11-200x150.jpeg 200w, https:\/\/municipalidadpucon.cl\/wp-content\/uploads\/2026\/08\/5-11-300x225.jpeg 300w, https:\/\/municipalidadpucon.cl\/wp-content\/uploads\/2026\/08\/5-11-400x300.jpeg 400w, https:\/\/municipalidadpucon.cl\/wp-content\/uploads\/2026\/08\/5-11-600x450.jpeg 600w, https:\/\/municipalidadpucon.cl\/wp-content\/uploads\/2026\/08\/5-11-768x576.jpeg 768w, https:\/\/municipalidadpucon.cl\/wp-content\/uploads\/2026\/08\/5-11-800x600.jpeg 800w, https:\/\/municipalidadpucon.cl\/wp-content\/uploads\/2026\/08\/5-11-1024x768.jpeg 1024w, https:\/\/municipalidadpucon.cl\/wp-content\/uploads\/2026\/08\/5-11-1200x900.jpeg 1200w, https:\/\/municipalidadpucon.cl\/wp-content\/uploads\/2026\/08\/5-11.jpeg 1280w\" sizes=\"(max-width: 300px) 100vw, 300px\" \/><\/p>\n<p><strong>OPORTUNA RESPUESTA<\/strong><\/p>\n<p>Consultada por la respuesta de los equipos de emergencia, la presidenta de la Junta de Vecinos del sector Candelaria de Puc\u00f3n, Eva Soto, coment\u00f3 que \u201cdamos las gracias porque acudieron \u2018al tiro\u2019 cuando hicimos el llamado. La (oficina de) emergencia, operaciones y toda la Municipalidad, estuvieron en terreno para ver el problema que tenemos aqu\u00ed en este puente Candelaria de Segunda Faja. Lo mejor era suspender el paso de veh\u00edculos, porque est\u00e1 demasiado peligroso el camino\u201d, indic\u00f3 la dirigente vecinal puconina.<\/p>\n<audio class=\"wp-audio-shortcode\" id=\"audio-61374-4\" preload=\"none\" style=\"width: 100%;\" controls=\"controls\"><source type=\"audio\/mpeg\" src=\"https:\/\/municipalidadpucon.cl\/wp-content\/uploads\/2026\/08\/Eva-Soto-Pdta-JJVV-Candelaria-agradece-la-gestion-de-las-autoridades-.mp3?_=4\" \/><a href=\"https:\/\/municipalidadpucon.cl\/wp-content\/uploads\/2026\/08\/Eva-Soto-Pdta-JJVV-Candelaria-agradece-la-gestion-de-las-autoridades-.mp3\">https:\/\/municipalidadpucon.cl\/wp-content\/uploads\/2026\/08\/Eva-Soto-Pdta-JJVV-Candelaria-agradece-la-gestion-de-las-autoridades-.mp3<\/a><\/audio>\n","protected":false},"excerpt":{"rendered":"<p>Acumulaci\u00f3n de residuos en un curso de agua del sector [&hellip;]<\/p>\n","protected":false},"author":11,"featured_media":61383,"comment_status":"closed","ping_status":"open","sticky":false,"template":"","format":"standard","meta":[],"categories":[98,95,3],"tags":[],"_links":{"self":[{"href":"https:\/\/municipalidadpucon.cl\/index.php?rest_route=\/wp\/v2\/posts\/61374"}],"collection":[{"href":"https:\/\/municipalidadpucon.cl\/index.php?rest_route=\/wp\/v2\/posts"}],"about":[{"href":"https:\/\/municipalidadpucon.cl\/index.php?rest_route=\/wp\/v2\/types\/post"}],"author":[{"embeddable":true,"href":"https:\/\/municipalidadpucon.cl\/index.php?rest_route=\/wp\/v2\/users\/11"}],"replies":[{"embeddable":true,"href":"https:\/\/municipalidadpucon.cl\/index.php?rest_route=%2Fwp%2Fv2%2Fcomments&post=61374"}],"version-history":[{"count":3,"href":"https:\/\/municipalidadpucon.cl\/index.php?rest_route=\/wp\/v2\/posts\/61374\/revisions"}],"predecessor-version":[{"id":61386,"href":"https:\/\/municipalidadpucon.cl\/index.php?rest_route=\/wp\/v2\/posts\/61374\/revisions\/61386"}],"wp:featuredmedia":[{"embeddable":true,"href":"https:\/\/municipalidadpucon.cl\/index.php?rest_route=\/wp\/v2\/media\/61383"}],"wp:attachment":[{"href":"https:\/\/municipalidadpucon.cl\/index.php?rest_route=%2Fwp%2Fv2%2Fmedia&parent=61374"}],"wp:term":[{"taxonomy":"category","embeddable":true,"href":"https:\/\/municipalidadpucon.cl\/index.php?rest_route=%2Fwp%2Fv2%2Fcategories&post=61374"},{"taxonomy":"post_tag","embeddable":true,"href":"https:\/\/municipalidadpucon.cl\/index.php?rest_route=%2Fwp%2Fv2%2Ftags&post=61374"}],"curies":[{"name":"wp","href":"https:\/\/api.w.org\/{rel}","templated":true}]}}