{"id":61387,"date":"2026-09-01T16:47:19","date_gmt":"2026-09-01T19:47:19","guid":{"rendered":"https:\/\/municipalidadpucon.cl\/?p=61387"},"modified":"2026-09-01T16:47:19","modified_gmt":"2026-09-01T19:47:19","slug":"encuentro-empresarial-de-sence-tuvo-una-alta-convocatoria-en-pucon","status":"publish","type":"post","link":"https:\/\/municipalidadpucon.cl\/?p=61387","title":{"rendered":"Encuentro empresarial de SENCE tuvo una alta convocatoria en Puc\u00f3n"},"content":{"rendered":"<p><em><strong>Sobre \u201cProgramas y Beneficios Fiscales para empresas\u201d se trat\u00f3 el evento, el cual fue muy bien valorado por casi un centenar de asistentes, empresarios o emprendedores de la zona lacustre, que incluy\u00f3 a Villarrica, Melipeuco, Cunco y Curarrehue.<\/strong><\/em><\/p>\n<p><img decoding=\"async\" class=\"size-medium wp-image-61388 aligncenter\" src=\"https:\/\/municipalidadpucon.cl\/wp-content\/uploads\/2026\/09\/SECUNDARIA-300x225.jpeg\" alt=\"\" width=\"300\" height=\"225\" srcset=\"https:\/\/municipalidadpucon.cl\/wp-content\/uploads\/2026\/09\/SECUNDARIA-200x150.jpeg 200w, https:\/\/municipalidadpucon.cl\/wp-content\/uploads\/2026\/09\/SECUNDARIA-300x225.jpeg 300w, https:\/\/municipalidadpucon.cl\/wp-content\/uploads\/2026\/09\/SECUNDARIA-400x300.jpeg 400w, https:\/\/municipalidadpucon.cl\/wp-content\/uploads\/2026\/09\/SECUNDARIA-600x450.jpeg 600w, https:\/\/municipalidadpucon.cl\/wp-content\/uploads\/2026\/09\/SECUNDARIA-768x576.jpeg 768w, https:\/\/municipalidadpucon.cl\/wp-content\/uploads\/2026\/09\/SECUNDARIA-800x600.jpeg 800w, https:\/\/municipalidadpucon.cl\/wp-content\/uploads\/2026\/09\/SECUNDARIA-1024x768.jpeg 1024w, https:\/\/municipalidadpucon.cl\/wp-content\/uploads\/2026\/09\/SECUNDARIA-1200x900.jpeg 1200w, https:\/\/municipalidadpucon.cl\/wp-content\/uploads\/2026\/09\/SECUNDARIA-scaled.jpeg 1300w, https:\/\/municipalidadpucon.cl\/wp-content\/uploads\/2026\/09\/SECUNDARIA-1536x1152.jpeg 1536w\" sizes=\"(max-width: 300px) 100vw, 300px\" \/><\/p>\n<p>Fue en dependencias de la Universidad de La Frontera (UFRO), campus Puc\u00f3n, en donde se realiz\u00f3 el Encuentro Empresarial para la zona lacustre de la Regi\u00f3n de La Araucan\u00eda, actividad abierta y gratuita que estuvo coordinada por el Servicio Nacional de Capacitaci\u00f3n y Empleo (SENCE) y la Municipalidad de Puc\u00f3n, a trav\u00e9s de su Oficina de Intermediaci\u00f3n Laboral (OMIL).<\/p>\n<p>A este evento, adem\u00e1s, fueron invitados empresarios y emprendedores, no s\u00f3lo de Puc\u00f3n, sino tambi\u00e9n de lo que se conoce como la Red Sur Lacustre que incluye a las comunas de Villarrica Melipeuco, Cunco y Curarrehue.<\/p>\n<p><strong>M\u00c1S EMPLEOS<\/strong><\/p>\n<p>\u201cEsto se debe a un plan de trabajo anual, entre el Servicio Nacional de Capacitaci\u00f3n y Empleo (SENCE), a trav\u00e9s de la Red Sur Lacustre, que est\u00e1 compuesto por estas cinco comunas\u201d, coment\u00f3 la encargada de la OMIL puconina, Sandra Delgadillo, quien valor\u00f3 que para la ocasi\u00f3n \u201cse hicieron invitaciones a las empresas para hablar de los temas, de los programas y convenios fiscales, y que subsidian la contrataci\u00f3n de mano de obra nueva\u201d.<\/p>\n<!--[if lt IE 9]><script>document.createElement('audio');<\/script><![endif]-->\n<audio class=\"wp-audio-shortcode\" id=\"audio-61387-1\" preload=\"none\" style=\"width: 100%;\" controls=\"controls\"><source type=\"audio\/mpeg\" src=\"https:\/\/municipalidadpucon.cl\/wp-content\/uploads\/2026\/09\/Sandra-Delgadillo-encargada-OMIL-Muni-Pucon-detalla-los-temas-abordados-.mp3?_=1\" \/><a href=\"https:\/\/municipalidadpucon.cl\/wp-content\/uploads\/2026\/09\/Sandra-Delgadillo-encargada-OMIL-Muni-Pucon-detalla-los-temas-abordados-.mp3\">https:\/\/municipalidadpucon.cl\/wp-content\/uploads\/2026\/09\/Sandra-Delgadillo-encargada-OMIL-Muni-Pucon-detalla-los-temas-abordados-.mp3<\/a><\/audio>\n<p><img decoding=\"async\" class=\"alignnone size-medium wp-image-61390\" src=\"https:\/\/municipalidadpucon.cl\/wp-content\/uploads\/2026\/09\/3-300x225.jpeg\" alt=\"\" width=\"300\" height=\"225\" srcset=\"https:\/\/municipalidadpucon.cl\/wp-content\/uploads\/2026\/09\/3-200x150.jpeg 200w, https:\/\/municipalidadpucon.cl\/wp-content\/uploads\/2026\/09\/3-300x225.jpeg 300w, https:\/\/municipalidadpucon.cl\/wp-content\/uploads\/2026\/09\/3-400x300.jpeg 400w, https:\/\/municipalidadpucon.cl\/wp-content\/uploads\/2026\/09\/3-600x450.jpeg 600w, https:\/\/municipalidadpucon.cl\/wp-content\/uploads\/2026\/09\/3-768x576.jpeg 768w, https:\/\/municipalidadpucon.cl\/wp-content\/uploads\/2026\/09\/3-800x600.jpeg 800w, https:\/\/municipalidadpucon.cl\/wp-content\/uploads\/2026\/09\/3-1024x768.jpeg 1024w, https:\/\/municipalidadpucon.cl\/wp-content\/uploads\/2026\/09\/3-1200x900.jpeg 1200w, https:\/\/municipalidadpucon.cl\/wp-content\/uploads\/2026\/09\/3-scaled.jpeg 1300w, https:\/\/municipalidadpucon.cl\/wp-content\/uploads\/2026\/09\/3-1536x1152.jpeg 1536w\" sizes=\"(max-width: 300px) 100vw, 300px\" \/> <img decoding=\"async\" class=\"alignnone size-medium wp-image-61391\" src=\"https:\/\/municipalidadpucon.cl\/wp-content\/uploads\/2026\/09\/4-300x225.jpeg\" alt=\"\" width=\"300\" height=\"225\" srcset=\"https:\/\/municipalidadpucon.cl\/wp-content\/uploads\/2026\/09\/4-200x150.jpeg 200w, https:\/\/municipalidadpucon.cl\/wp-content\/uploads\/2026\/09\/4-300x225.jpeg 300w, https:\/\/municipalidadpucon.cl\/wp-content\/uploads\/2026\/09\/4-400x300.jpeg 400w, https:\/\/municipalidadpucon.cl\/wp-content\/uploads\/2026\/09\/4-600x450.jpeg 600w, https:\/\/municipalidadpucon.cl\/wp-content\/uploads\/2026\/09\/4-768x576.jpeg 768w, https:\/\/municipalidadpucon.cl\/wp-content\/uploads\/2026\/09\/4-800x600.jpeg 800w, https:\/\/municipalidadpucon.cl\/wp-content\/uploads\/2026\/09\/4-1024x768.jpeg 1024w, https:\/\/municipalidadpucon.cl\/wp-content\/uploads\/2026\/09\/4-1200x900.jpeg 1200w, https:\/\/municipalidadpucon.cl\/wp-content\/uploads\/2026\/09\/4-scaled.jpeg 1300w, https:\/\/municipalidadpucon.cl\/wp-content\/uploads\/2026\/09\/4-1536x1152.jpeg 1536w\" sizes=\"(max-width: 300px) 100vw, 300px\" \/><\/p>\n<p>Seg\u00fan la personera de OMIL de Puc\u00f3n, los casi cien asistentes a esta jornada de promoci\u00f3n legal quedaron \u201ctodos muy contentos, hicieron muchas consultas porque ah\u00ed estaban los expertos, que eran relatores de la Tesorer\u00eda General de la Rep\u00fablica\u201d.<\/p>\n<p><strong>COORDINACIONES<\/strong><\/p>\n<p>Rodrigo Gonz\u00e1lez, representante del SENCE regional, destac\u00f3 la gran convocatoria de esta reuni\u00f3n. \u201cValoramos mucho la alta convocatoria que ha tenido esta actividad, con casi cien empresas de diferentes tama\u00f1os, los que est\u00e1n muy interesados en poder conocer los programas que entrega el sector p\u00fablico en este caso, tanto el SENCE como la Tesorer\u00eda General de la Rep\u00fablica, para poder desarrollar sus negocios, y as\u00ed poder crear empleos en la comuna, que es muy importante para todos\u201d, coment\u00f3 el profesional del organismo t\u00e9cnico.<\/p>\n<audio class=\"wp-audio-shortcode\" id=\"audio-61387-2\" preload=\"none\" style=\"width: 100%;\" controls=\"controls\"><source type=\"audio\/mpeg\" src=\"https:\/\/municipalidadpucon.cl\/wp-content\/uploads\/2026\/09\/Rodrigo-Gonzalez-representante-de-SENCE-destaca-coordinacion-intercomunal.mp3?_=2\" \/><a href=\"https:\/\/municipalidadpucon.cl\/wp-content\/uploads\/2026\/09\/Rodrigo-Gonzalez-representante-de-SENCE-destaca-coordinacion-intercomunal.mp3\">https:\/\/municipalidadpucon.cl\/wp-content\/uploads\/2026\/09\/Rodrigo-Gonzalez-representante-de-SENCE-destaca-coordinacion-intercomunal.mp3<\/a><\/audio>\n<p>A decir de los organizadores, la jornada pudo concretarse gracias a una labor \u00a0\u00a0colaborativa, \u201cque nos permite en el territorio, y a lo largo de la Regi\u00f3n, poder generar oportunidades de trabajo, gestionar intermediaci\u00f3n laboral, y tambi\u00e9n apoyo a empresas de diferentes tama\u00f1os y sectores econ\u00f3micos\u201d, sentenci\u00f3 Rodrigo Gonz\u00e1lez.<\/p>\n<p>&nbsp;<\/p>\n<p>&nbsp;<\/p>\n<p>&nbsp;<\/p>\n<p>&nbsp;<\/p>\n","protected":false},"excerpt":{"rendered":"<p>Sobre \u201cProgramas y Beneficios Fiscales para empresas\u201d se trat\u00f3 el [&hellip;]<\/p>\n","protected":false},"author":11,"featured_media":61393,"comment_status":"closed","ping_status":"open","sticky":false,"template":"","format":"standard","meta":[],"categories":[98,3],"tags":[],"_links":{"self":[{"href":"https:\/\/municipalidadpucon.cl\/index.php?rest_route=\/wp\/v2\/posts\/61387"}],"collection":[{"href":"https:\/\/municipalidadpucon.cl\/index.php?rest_route=\/wp\/v2\/posts"}],"about":[{"href":"https:\/\/municipalidadpucon.cl\/index.php?rest_route=\/wp\/v2\/types\/post"}],"author":[{"embeddable":true,"href":"https:\/\/municipalidadpucon.cl\/index.php?rest_route=\/wp\/v2\/users\/11"}],"replies":[{"embeddable":true,"href":"https:\/\/municipalidadpucon.cl\/index.php?rest_route=%2Fwp%2Fv2%2Fcomments&post=61387"}],"version-history":[{"count":1,"href":"https:\/\/municipalidadpucon.cl\/index.php?rest_route=\/wp\/v2\/posts\/61387\/revisions"}],"predecessor-version":[{"id":61394,"href":"https:\/\/municipalidadpucon.cl\/index.php?rest_route=\/wp\/v2\/posts\/61387\/revisions\/61394"}],"wp:featuredmedia":[{"embeddable":true,"href":"https:\/\/municipalidadpucon.cl\/index.php?rest_route=\/wp\/v2\/media\/61393"}],"wp:attachment":[{"href":"https:\/\/municipalidadpucon.cl\/index.php?rest_route=%2Fwp%2Fv2%2Fmedia&parent=61387"}],"wp:term":[{"taxonomy":"category","embeddable":true,"href":"https:\/\/municipalidadpucon.cl\/index.php?rest_route=%2Fwp%2Fv2%2Fcategories&post=61387"},{"taxonomy":"post_tag","embeddable":true,"href":"https:\/\/municipalidadpucon.cl\/index.php?rest_route=%2Fwp%2Fv2%2Ftags&post=61387"}],"curies":[{"name":"wp","href":"https:\/\/api.w.org\/{rel}","templated":true}]}}