{"id":61397,"date":"2026-09-02T12:47:21","date_gmt":"2026-09-02T15:47:21","guid":{"rendered":"https:\/\/municipalidadpucon.cl\/?p=61397"},"modified":"2026-09-02T13:07:57","modified_gmt":"2026-09-02T16:07:57","slug":"club-indomitas-de-pucon-festeja-subir-a-primera-division-del-basquetbol-femenino-del-sur","status":"publish","type":"post","link":"https:\/\/municipalidadpucon.cl\/?p=61397","title":{"rendered":"Club Ind\u00f3mitas de Puc\u00f3n festeja subir a Primera Divisi\u00f3n del b\u00e1squetbol femenino del sur"},"content":{"rendered":"<p><em><strong>El reciente fin de semana, el cuadro local derrot\u00f3 a su similar de Puerto Montt, en duelo disputado en el Polideportivo puconino, lo que les asegur\u00f3 cambiar de categor\u00eda para el 2027 y, de paso, clasificarse a la disputa por el t\u00edtulo sub-18, este fin de semana en el mismo recinto puconino.<\/strong><\/em><\/p>\n<p><img decoding=\"async\" class=\"size-medium wp-image-61398 aligncenter\" src=\"https:\/\/municipalidadpucon.cl\/wp-content\/uploads\/2026\/09\/SECUNDARIA-300x200.jpg\" alt=\"\" width=\"300\" height=\"200\" srcset=\"https:\/\/municipalidadpucon.cl\/wp-content\/uploads\/2026\/09\/SECUNDARIA-200x133.jpg 200w, https:\/\/municipalidadpucon.cl\/wp-content\/uploads\/2026\/09\/SECUNDARIA-300x200.jpg 300w, https:\/\/municipalidadpucon.cl\/wp-content\/uploads\/2026\/09\/SECUNDARIA-400x267.jpg 400w, https:\/\/municipalidadpucon.cl\/wp-content\/uploads\/2026\/09\/SECUNDARIA-600x400.jpg 600w, https:\/\/municipalidadpucon.cl\/wp-content\/uploads\/2026\/09\/SECUNDARIA-768x512.jpg 768w, https:\/\/municipalidadpucon.cl\/wp-content\/uploads\/2026\/09\/SECUNDARIA-800x533.jpg 800w, https:\/\/municipalidadpucon.cl\/wp-content\/uploads\/2026\/09\/SECUNDARIA-1024x683.jpg 1024w, https:\/\/municipalidadpucon.cl\/wp-content\/uploads\/2026\/09\/SECUNDARIA-1200x800.jpg 1200w, https:\/\/municipalidadpucon.cl\/wp-content\/uploads\/2026\/09\/SECUNDARIA-scaled.jpg 1300w, https:\/\/municipalidadpucon.cl\/wp-content\/uploads\/2026\/09\/SECUNDARIA-1536x1024.jpg 1536w\" sizes=\"(max-width: 300px) 100vw, 300px\" \/><\/p>\n<p><strong><span style=\"font-size: 10pt\"><em>Fotograf\u00edas: Gentileza @lakontraproduccion<\/em><\/span><\/strong><\/p>\n<p>En su primer a\u00f1o como participante del torneo de b\u00e1squetbol femenino FEMISUR, el Club Ind\u00f3mitas de Puc\u00f3n se asegur\u00f3 para el a\u00f1o 2027 su participaci\u00f3n en la Primera Divisi\u00f3n de este certamen formativo, en el cual todo debutante debe comenzar a jugar en la divisi\u00f3n de ascenso de una competencia cesteril que une a elencos de Temuco al sur, \u201ccuna\u201d del talento basquetbol\u00edstico de mujeres.<\/p>\n<p>De hecho, este campeonato puede considerarse formativo para el quehacer cesteril de Chile, debido a que une cuatro series menores, hasta la sub-18.<\/p>\n<p><strong>\u00c9XITO A LA PRIMERA<\/strong><\/p>\n<p>Fue el pasado s\u00e1bado que el elenco puconino se enfrent\u00f3 en el Polideportivo de Puc\u00f3n a sus similares de Puerto Montt, a las que la sub-18 super\u00f3 con amplitud, coronando una jornada que termin\u00f3 en la zona c\u00e9ntrica de la comuna lacustre con los festejos de jugadoras, familiares e hinchas del cuadro dorado.<\/p>\n<p>\u201cCon el club hemos trabajado mucho para esto. La verdad, subir a la Primera Divisi\u00f3n en el primer a\u00f1o es un logro s\u00faper bueno, no todos los clubes logran esto\u201d, destac\u00f3 una de las m\u00e1s destacadas del quinteto local, Isabel Lamarca.<\/p>\n<!--[if lt IE 9]><script>document.createElement('audio');<\/script><![endif]-->\n<audio class=\"wp-audio-shortcode\" id=\"audio-61397-1\" preload=\"none\" style=\"width: 100%;\" controls=\"controls\"><source type=\"audio\/mpeg\" src=\"https:\/\/municipalidadpucon.cl\/wp-content\/uploads\/2026\/09\/Isabel-Lamarca-capitana-del-equipo-destaca-el-logro-de-subir-e-invita-a-la-final.mp3?_=1\" \/><a href=\"https:\/\/municipalidadpucon.cl\/wp-content\/uploads\/2026\/09\/Isabel-Lamarca-capitana-del-equipo-destaca-el-logro-de-subir-e-invita-a-la-final.mp3\">https:\/\/municipalidadpucon.cl\/wp-content\/uploads\/2026\/09\/Isabel-Lamarca-capitana-del-equipo-destaca-el-logro-de-subir-e-invita-a-la-final.mp3<\/a><\/audio>\n<p><img decoding=\"async\" class=\"alignnone size-medium wp-image-61400\" src=\"https:\/\/municipalidadpucon.cl\/wp-content\/uploads\/2026\/09\/3-300x200.jpg\" alt=\"\" width=\"300\" height=\"200\" srcset=\"https:\/\/municipalidadpucon.cl\/wp-content\/uploads\/2026\/09\/3-200x133.jpg 200w, https:\/\/municipalidadpucon.cl\/wp-content\/uploads\/2026\/09\/3-300x200.jpg 300w, https:\/\/municipalidadpucon.cl\/wp-content\/uploads\/2026\/09\/3-400x267.jpg 400w, https:\/\/municipalidadpucon.cl\/wp-content\/uploads\/2026\/09\/3-600x400.jpg 600w, https:\/\/municipalidadpucon.cl\/wp-content\/uploads\/2026\/09\/3-768x512.jpg 768w, https:\/\/municipalidadpucon.cl\/wp-content\/uploads\/2026\/09\/3-800x533.jpg 800w, https:\/\/municipalidadpucon.cl\/wp-content\/uploads\/2026\/09\/3-1024x683.jpg 1024w, https:\/\/municipalidadpucon.cl\/wp-content\/uploads\/2026\/09\/3-1200x800.jpg 1200w, https:\/\/municipalidadpucon.cl\/wp-content\/uploads\/2026\/09\/3-scaled.jpg 1300w, https:\/\/municipalidadpucon.cl\/wp-content\/uploads\/2026\/09\/3-1536x1024.jpg 1536w\" sizes=\"(max-width: 300px) 100vw, 300px\" \/> <img decoding=\"async\" class=\"alignnone size-medium wp-image-61401\" src=\"https:\/\/municipalidadpucon.cl\/wp-content\/uploads\/2026\/09\/4-300x211.jpg\" alt=\"\" width=\"300\" height=\"211\" srcset=\"https:\/\/municipalidadpucon.cl\/wp-content\/uploads\/2026\/09\/4-200x140.jpg 200w, https:\/\/municipalidadpucon.cl\/wp-content\/uploads\/2026\/09\/4-300x211.jpg 300w, https:\/\/municipalidadpucon.cl\/wp-content\/uploads\/2026\/09\/4-400x281.jpg 400w, https:\/\/municipalidadpucon.cl\/wp-content\/uploads\/2026\/09\/4-600x421.jpg 600w, https:\/\/municipalidadpucon.cl\/wp-content\/uploads\/2026\/09\/4-768x539.jpg 768w, https:\/\/municipalidadpucon.cl\/wp-content\/uploads\/2026\/09\/4-800x561.jpg 800w, https:\/\/municipalidadpucon.cl\/wp-content\/uploads\/2026\/09\/4-1024x719.jpg 1024w, https:\/\/municipalidadpucon.cl\/wp-content\/uploads\/2026\/09\/4-1200x842.jpg 1200w, https:\/\/municipalidadpucon.cl\/wp-content\/uploads\/2026\/09\/4-scaled.jpg 1300w, https:\/\/municipalidadpucon.cl\/wp-content\/uploads\/2026\/09\/4-1536x1078.jpg 1536w\" sizes=\"(max-width: 300px) 100vw, 300px\" \/><\/p>\n<p>La espigada basquetbolista aprovech\u00f3 los festejos para invitar a los fan\u00e1ticos del quehacer cesteril con miras al cuadrangular final, el que se disputar\u00e1 a partir de este viernes 4 de septiembre, a las 18 horas con los duelos entre San Francisco de Castro vs CD Valdivia y a las 20 horas IND\u00d3MITAS PUC\u00d3N vs Rangers de Osorno. Ganadores de esta jornada se enfrentar\u00e1n en la semifinal del s\u00e1bado, fij\u00e1ndose la jornada final para el domingo 6 de este mes, con la premiaci\u00f3n a eso de las 13 horas, siempre en el Polideportivo del Parque Municipal.<\/p>\n<p><strong>\u201cCUNA\u201d DE JUGADORAS<\/strong><\/p>\n<p>El head coach de Ind\u00f3mitas, Ricardo C\u00e1ceres, valor\u00f3 el logro, destacando el nivel del torneo FEMISUR. \u201cEs la liga de b\u00e1squetbol femenina m\u00e1s importante de Temuco por el norte y hasta Punta Arenas por el sur, pero adem\u00e1s ha formado muchas jugadoras que hoy d\u00eda son parte de la selecci\u00f3n chilena y son parte de la Liga Nacional. Es lejos la liga formativa m\u00e1s importante del b\u00e1squetbol femenino y destacar que en nuestra primera temporada, sin siquiera haberlo so\u00f1ado nos convertimos en uno de los dos equipos que suben a Primera\u201d.<\/p>\n<p><strong>M\u00c1S RESPALDO<\/strong><\/p>\n<p>Sobre lo que les significar\u00e1, como club, jugar en la Primera Divisi\u00f3n del b\u00e1squetbol femenino formativo del sur del pa\u00eds, el entrenador de Ind\u00f3mitas, Ricardo C\u00e1ceres recalc\u00f3 que \u201cson palabras mayores, necesitamos mucho m\u00e1s apoyo. La cantidad de entrenamientos que tenemos no son suficientes para poder competir en el siguiente nivel, pero sabemos que Puc\u00f3n est\u00e1 creciendo en el b\u00e1squetbol y est\u00e1 creciendo en el deporte. Por ejemplo, en este invierno hicimos que vinieran clubes de Chonchi, Castro, Ancud, Purranque, Osorno o Puerto Montt. Toda esa gente vino en buses, vino con familia y activamos tambi\u00e9n a Puc\u00f3n\u201d.<\/p>\n<p>&nbsp;<\/p>\n<audio class=\"wp-audio-shortcode\" id=\"audio-61397-2\" preload=\"none\" style=\"width: 100%;\" controls=\"controls\"><source type=\"audio\/mpeg\" src=\"https:\/\/municipalidadpucon.cl\/wp-content\/uploads\/2026\/09\/Ricardo-Caceres-destaca-el-desafio-mayor-de-Primera-.mp3?_=2\" \/><a href=\"https:\/\/municipalidadpucon.cl\/wp-content\/uploads\/2026\/09\/Ricardo-Caceres-destaca-el-desafio-mayor-de-Primera-.mp3\">https:\/\/municipalidadpucon.cl\/wp-content\/uploads\/2026\/09\/Ricardo-Caceres-destaca-el-desafio-mayor-de-Primera-.mp3<\/a><\/audio>\n<p>El joven y entusiasta t\u00e9cnico de b\u00e1squetbol insisti\u00f3 que \u201cahora necesitamos que la comunidad aporte lo que se necesita para poder competir en Primera, porque las chicas se lo ganaron en cancha\u201d, rubric\u00f3 el DT.<\/p>\n<p>&nbsp;<\/p>\n<p>&nbsp;<\/p>\n","protected":false},"excerpt":{"rendered":"<p>El reciente fin de semana, el cuadro local derrot\u00f3 a [&hellip;]<\/p>\n","protected":false},"author":11,"featured_media":61402,"comment_status":"closed","ping_status":"open","sticky":false,"template":"","format":"standard","meta":[],"categories":[98,3],"tags":[],"_links":{"self":[{"href":"https:\/\/municipalidadpucon.cl\/index.php?rest_route=\/wp\/v2\/posts\/61397"}],"collection":[{"href":"https:\/\/municipalidadpucon.cl\/index.php?rest_route=\/wp\/v2\/posts"}],"about":[{"href":"https:\/\/municipalidadpucon.cl\/index.php?rest_route=\/wp\/v2\/types\/post"}],"author":[{"embeddable":true,"href":"https:\/\/municipalidadpucon.cl\/index.php?rest_route=\/wp\/v2\/users\/11"}],"replies":[{"embeddable":true,"href":"https:\/\/municipalidadpucon.cl\/index.php?rest_route=%2Fwp%2Fv2%2Fcomments&post=61397"}],"version-history":[{"count":2,"href":"https:\/\/municipalidadpucon.cl\/index.php?rest_route=\/wp\/v2\/posts\/61397\/revisions"}],"predecessor-version":[{"id":61405,"href":"https:\/\/municipalidadpucon.cl\/index.php?rest_route=\/wp\/v2\/posts\/61397\/revisions\/61405"}],"wp:featuredmedia":[{"embeddable":true,"href":"https:\/\/municipalidadpucon.cl\/index.php?rest_route=\/wp\/v2\/media\/61402"}],"wp:attachment":[{"href":"https:\/\/municipalidadpucon.cl\/index.php?rest_route=%2Fwp%2Fv2%2Fmedia&parent=61397"}],"wp:term":[{"taxonomy":"category","embeddable":true,"href":"https:\/\/municipalidadpucon.cl\/index.php?rest_route=%2Fwp%2Fv2%2Fcategories&post=61397"},{"taxonomy":"post_tag","embeddable":true,"href":"https:\/\/municipalidadpucon.cl\/index.php?rest_route=%2Fwp%2Fv2%2Ftags&post=61397"}],"curies":[{"name":"wp","href":"https:\/\/api.w.org\/{rel}","templated":true}]}}