{"id":61407,"date":"2026-09-03T14:21:23","date_gmt":"2026-09-03T17:21:23","guid":{"rendered":"https:\/\/municipalidadpucon.cl\/?p=61407"},"modified":"2026-09-03T14:21:23","modified_gmt":"2026-09-03T17:21:23","slug":"expo-friki-2026-le-puso-masivo-termino-al-mes-de-la-ninez-en-pucon","status":"publish","type":"post","link":"https:\/\/municipalidadpucon.cl\/?p=61407","title":{"rendered":"\u201cExpo Friki\u201d 2026 le puso masivo t\u00e9rmino al Mes de la Ni\u00f1ez en Puc\u00f3n"},"content":{"rendered":"<p><em><strong>El Gimnasio Municipal de la comuna se replet\u00f3 de familias, colores, manga, videojuegos, cosplay, K-pop, emprendimientos, concursos y premios.<\/strong><\/em><\/p>\n<p><img decoding=\"async\" class=\"alignnone size-medium wp-image-61408\" src=\"https:\/\/municipalidadpucon.cl\/wp-content\/uploads\/2026\/09\/9-300x225.jpeg\" alt=\"\" width=\"300\" height=\"225\" srcset=\"https:\/\/municipalidadpucon.cl\/wp-content\/uploads\/2026\/09\/9-200x150.jpeg 200w, https:\/\/municipalidadpucon.cl\/wp-content\/uploads\/2026\/09\/9-300x225.jpeg 300w, https:\/\/municipalidadpucon.cl\/wp-content\/uploads\/2026\/09\/9-400x300.jpeg 400w, https:\/\/municipalidadpucon.cl\/wp-content\/uploads\/2026\/09\/9-600x450.jpeg 600w, https:\/\/municipalidadpucon.cl\/wp-content\/uploads\/2026\/09\/9-768x576.jpeg 768w, https:\/\/municipalidadpucon.cl\/wp-content\/uploads\/2026\/09\/9-800x600.jpeg 800w, https:\/\/municipalidadpucon.cl\/wp-content\/uploads\/2026\/09\/9-1024x768.jpeg 1024w, https:\/\/municipalidadpucon.cl\/wp-content\/uploads\/2026\/09\/9-1200x900.jpeg 1200w, https:\/\/municipalidadpucon.cl\/wp-content\/uploads\/2026\/09\/9-scaled.jpeg 1300w, https:\/\/municipalidadpucon.cl\/wp-content\/uploads\/2026\/09\/9-1536x1152.jpeg 1536w\" sizes=\"(max-width: 300px) 100vw, 300px\" \/> <img decoding=\"async\" class=\"alignnone size-medium wp-image-61409\" src=\"https:\/\/municipalidadpucon.cl\/wp-content\/uploads\/2026\/09\/10-300x225.jpeg\" alt=\"\" width=\"300\" height=\"225\" srcset=\"https:\/\/municipalidadpucon.cl\/wp-content\/uploads\/2026\/09\/10-200x150.jpeg 200w, https:\/\/municipalidadpucon.cl\/wp-content\/uploads\/2026\/09\/10-300x225.jpeg 300w, https:\/\/municipalidadpucon.cl\/wp-content\/uploads\/2026\/09\/10-400x300.jpeg 400w, https:\/\/municipalidadpucon.cl\/wp-content\/uploads\/2026\/09\/10-600x450.jpeg 600w, https:\/\/municipalidadpucon.cl\/wp-content\/uploads\/2026\/09\/10-768x576.jpeg 768w, https:\/\/municipalidadpucon.cl\/wp-content\/uploads\/2026\/09\/10-800x600.jpeg 800w, https:\/\/municipalidadpucon.cl\/wp-content\/uploads\/2026\/09\/10-1024x768.jpeg 1024w, https:\/\/municipalidadpucon.cl\/wp-content\/uploads\/2026\/09\/10-1200x900.jpeg 1200w, https:\/\/municipalidadpucon.cl\/wp-content\/uploads\/2026\/09\/10-scaled.jpeg 1300w, https:\/\/municipalidadpucon.cl\/wp-content\/uploads\/2026\/09\/10-1536x1152.jpeg 1536w\" sizes=\"(max-width: 300px) 100vw, 300px\" \/> <img decoding=\"async\" class=\"alignnone size-medium wp-image-61410\" src=\"https:\/\/municipalidadpucon.cl\/wp-content\/uploads\/2026\/09\/11-300x225.jpeg\" alt=\"\" width=\"300\" height=\"225\" srcset=\"https:\/\/municipalidadpucon.cl\/wp-content\/uploads\/2026\/09\/11-200x150.jpeg 200w, https:\/\/municipalidadpucon.cl\/wp-content\/uploads\/2026\/09\/11-300x225.jpeg 300w, https:\/\/municipalidadpucon.cl\/wp-content\/uploads\/2026\/09\/11-400x300.jpeg 400w, https:\/\/municipalidadpucon.cl\/wp-content\/uploads\/2026\/09\/11-600x450.jpeg 600w, https:\/\/municipalidadpucon.cl\/wp-content\/uploads\/2026\/09\/11-768x576.jpeg 768w, https:\/\/municipalidadpucon.cl\/wp-content\/uploads\/2026\/09\/11-800x600.jpeg 800w, https:\/\/municipalidadpucon.cl\/wp-content\/uploads\/2026\/09\/11-1024x768.jpeg 1024w, https:\/\/municipalidadpucon.cl\/wp-content\/uploads\/2026\/09\/11-1200x900.jpeg 1200w, https:\/\/municipalidadpucon.cl\/wp-content\/uploads\/2026\/09\/11-scaled.jpeg 1300w, https:\/\/municipalidadpucon.cl\/wp-content\/uploads\/2026\/09\/11-1536x1152.jpeg 1536w\" sizes=\"(max-width: 300px) 100vw, 300px\" \/> <img decoding=\"async\" class=\"alignnone size-medium wp-image-61411\" src=\"https:\/\/municipalidadpucon.cl\/wp-content\/uploads\/2026\/09\/12-300x225.jpeg\" alt=\"\" width=\"300\" height=\"225\" srcset=\"https:\/\/municipalidadpucon.cl\/wp-content\/uploads\/2026\/09\/12-200x150.jpeg 200w, https:\/\/municipalidadpucon.cl\/wp-content\/uploads\/2026\/09\/12-300x225.jpeg 300w, https:\/\/municipalidadpucon.cl\/wp-content\/uploads\/2026\/09\/12-400x300.jpeg 400w, https:\/\/municipalidadpucon.cl\/wp-content\/uploads\/2026\/09\/12-600x450.jpeg 600w, https:\/\/municipalidadpucon.cl\/wp-content\/uploads\/2026\/09\/12-768x576.jpeg 768w, https:\/\/municipalidadpucon.cl\/wp-content\/uploads\/2026\/09\/12-800x600.jpeg 800w, https:\/\/municipalidadpucon.cl\/wp-content\/uploads\/2026\/09\/12-1024x768.jpeg 1024w, https:\/\/municipalidadpucon.cl\/wp-content\/uploads\/2026\/09\/12-1200x900.jpeg 1200w, https:\/\/municipalidadpucon.cl\/wp-content\/uploads\/2026\/09\/12-scaled.jpeg 1300w, https:\/\/municipalidadpucon.cl\/wp-content\/uploads\/2026\/09\/12-1536x1152.jpeg 1536w\" sizes=\"(max-width: 300px) 100vw, 300px\" \/><\/p>\n<p>De manera masiva se desarroll\u00f3 el reciente fin de semana, en el Gimnasio Municipal de Puc\u00f3n, la Expo Friki 2026, actividad que organiz\u00f3 con particular \u00e9xito la Municipalidad lacustre, por medio de su Departamento de la Ni\u00f1ez y Adolescencia, la que con este evento le puso un colorido t\u00e9rmino al reciente Mes de la Ni\u00f1ez.<\/p>\n<p>El certamen permiti\u00f3 unir en el c\u00e9ntrico recinto deportivo puconino mucho color, la familia, el manga, videojuegos, cosplay, K-pop, emprendimientos, concursos y hasta premios.<\/p>\n<p><strong>FIESTA DE CLAUSURA<\/strong><\/p>\n<p>\u201cEn este espacio quisimos brindar un lugar para aquellos ni\u00f1os, ni\u00f1as y adolescentes que les guste y disfruten de aquellas situaciones que no est\u00e1n dentro de lo m\u00e1s tradicional, y tambi\u00e9n poder brindar un espacio para los emprendedores que se dedican a vender en la comuna\u201d, coment\u00f3 tras la masiva y esta exitosa \u201cExposici\u00f3n Rara\u201d, Valeria Carvajal, encargada del Departamento de la Ni\u00f1ez y Adolescencia, quien estuvo acompa\u00f1ada por los concejales Ver\u00f3nica Castillo, Emilio Ulloa y Marina Matus.<\/p>\n<!--[if lt IE 9]><script>document.createElement('audio');<\/script><![endif]-->\n<audio class=\"wp-audio-shortcode\" id=\"audio-61407-1\" preload=\"none\" style=\"width: 100%;\" controls=\"controls\"><source type=\"audio\/mpeg\" src=\"https:\/\/municipalidadpucon.cl\/wp-content\/uploads\/2026\/09\/Valeria-Carvajal-encargada-Depart.-de-la-Ninez-y-Adolescencia-valoro-Expo-Friki.mp3?_=1\" \/><a href=\"https:\/\/municipalidadpucon.cl\/wp-content\/uploads\/2026\/09\/Valeria-Carvajal-encargada-Depart.-de-la-Ninez-y-Adolescencia-valoro-Expo-Friki.mp3\">https:\/\/municipalidadpucon.cl\/wp-content\/uploads\/2026\/09\/Valeria-Carvajal-encargada-Depart.-de-la-Ninez-y-Adolescencia-valoro-Expo-Friki.mp3<\/a><\/audio>\n<p><img decoding=\"async\" class=\"alignnone size-medium wp-image-61413\" src=\"https:\/\/municipalidadpucon.cl\/wp-content\/uploads\/2026\/09\/3-1-300x225.jpeg\" alt=\"\" width=\"300\" height=\"225\" srcset=\"https:\/\/municipalidadpucon.cl\/wp-content\/uploads\/2026\/09\/3-1-200x150.jpeg 200w, https:\/\/municipalidadpucon.cl\/wp-content\/uploads\/2026\/09\/3-1-300x225.jpeg 300w, https:\/\/municipalidadpucon.cl\/wp-content\/uploads\/2026\/09\/3-1-400x300.jpeg 400w, https:\/\/municipalidadpucon.cl\/wp-content\/uploads\/2026\/09\/3-1-600x450.jpeg 600w, https:\/\/municipalidadpucon.cl\/wp-content\/uploads\/2026\/09\/3-1-768x576.jpeg 768w, https:\/\/municipalidadpucon.cl\/wp-content\/uploads\/2026\/09\/3-1-800x600.jpeg 800w, https:\/\/municipalidadpucon.cl\/wp-content\/uploads\/2026\/09\/3-1-1024x768.jpeg 1024w, https:\/\/municipalidadpucon.cl\/wp-content\/uploads\/2026\/09\/3-1-1200x900.jpeg 1200w, https:\/\/municipalidadpucon.cl\/wp-content\/uploads\/2026\/09\/3-1-scaled.jpeg 1300w, https:\/\/municipalidadpucon.cl\/wp-content\/uploads\/2026\/09\/3-1-1536x1152.jpeg 1536w\" sizes=\"(max-width: 300px) 100vw, 300px\" \/> <img decoding=\"async\" class=\"alignnone size-medium wp-image-61414\" src=\"https:\/\/municipalidadpucon.cl\/wp-content\/uploads\/2026\/09\/4-1-300x225.jpeg\" alt=\"\" width=\"300\" height=\"225\" srcset=\"https:\/\/municipalidadpucon.cl\/wp-content\/uploads\/2026\/09\/4-1-200x150.jpeg 200w, https:\/\/municipalidadpucon.cl\/wp-content\/uploads\/2026\/09\/4-1-300x225.jpeg 300w, https:\/\/municipalidadpucon.cl\/wp-content\/uploads\/2026\/09\/4-1-400x300.jpeg 400w, https:\/\/municipalidadpucon.cl\/wp-content\/uploads\/2026\/09\/4-1-600x450.jpeg 600w, https:\/\/municipalidadpucon.cl\/wp-content\/uploads\/2026\/09\/4-1-768x576.jpeg 768w, https:\/\/municipalidadpucon.cl\/wp-content\/uploads\/2026\/09\/4-1-800x600.jpeg 800w, https:\/\/municipalidadpucon.cl\/wp-content\/uploads\/2026\/09\/4-1-1024x768.jpeg 1024w, https:\/\/municipalidadpucon.cl\/wp-content\/uploads\/2026\/09\/4-1-1200x900.jpeg 1200w, https:\/\/municipalidadpucon.cl\/wp-content\/uploads\/2026\/09\/4-1-scaled.jpeg 1300w, https:\/\/municipalidadpucon.cl\/wp-content\/uploads\/2026\/09\/4-1-1536x1152.jpeg 1536w\" sizes=\"(max-width: 300px) 100vw, 300px\" \/> <img decoding=\"async\" class=\"alignnone size-medium wp-image-61415\" src=\"https:\/\/municipalidadpucon.cl\/wp-content\/uploads\/2026\/09\/5-300x225.jpeg\" alt=\"\" width=\"300\" height=\"225\" srcset=\"https:\/\/municipalidadpucon.cl\/wp-content\/uploads\/2026\/09\/5-200x150.jpeg 200w, https:\/\/municipalidadpucon.cl\/wp-content\/uploads\/2026\/09\/5-300x225.jpeg 300w, https:\/\/municipalidadpucon.cl\/wp-content\/uploads\/2026\/09\/5-400x300.jpeg 400w, https:\/\/municipalidadpucon.cl\/wp-content\/uploads\/2026\/09\/5-600x450.jpeg 600w, https:\/\/municipalidadpucon.cl\/wp-content\/uploads\/2026\/09\/5-768x576.jpeg 768w, https:\/\/municipalidadpucon.cl\/wp-content\/uploads\/2026\/09\/5-800x600.jpeg 800w, https:\/\/municipalidadpucon.cl\/wp-content\/uploads\/2026\/09\/5-1024x768.jpeg 1024w, https:\/\/municipalidadpucon.cl\/wp-content\/uploads\/2026\/09\/5-1200x900.jpeg 1200w, https:\/\/municipalidadpucon.cl\/wp-content\/uploads\/2026\/09\/5-scaled.jpeg 1300w, https:\/\/municipalidadpucon.cl\/wp-content\/uploads\/2026\/09\/5-1536x1152.jpeg 1536w\" sizes=\"(max-width: 300px) 100vw, 300px\" \/> <img decoding=\"async\" class=\"alignnone size-medium wp-image-61416\" src=\"https:\/\/municipalidadpucon.cl\/wp-content\/uploads\/2026\/09\/13-300x225.jpeg\" alt=\"\" width=\"300\" height=\"225\" srcset=\"https:\/\/municipalidadpucon.cl\/wp-content\/uploads\/2026\/09\/13-200x150.jpeg 200w, https:\/\/municipalidadpucon.cl\/wp-content\/uploads\/2026\/09\/13-300x225.jpeg 300w, https:\/\/municipalidadpucon.cl\/wp-content\/uploads\/2026\/09\/13-400x300.jpeg 400w, https:\/\/municipalidadpucon.cl\/wp-content\/uploads\/2026\/09\/13-600x450.jpeg 600w, https:\/\/municipalidadpucon.cl\/wp-content\/uploads\/2026\/09\/13-768x576.jpeg 768w, https:\/\/municipalidadpucon.cl\/wp-content\/uploads\/2026\/09\/13-800x600.jpeg 800w, https:\/\/municipalidadpucon.cl\/wp-content\/uploads\/2026\/09\/13-1024x768.jpeg 1024w, https:\/\/municipalidadpucon.cl\/wp-content\/uploads\/2026\/09\/13-1200x900.jpeg 1200w, https:\/\/municipalidadpucon.cl\/wp-content\/uploads\/2026\/09\/13-scaled.jpeg 1300w, https:\/\/municipalidadpucon.cl\/wp-content\/uploads\/2026\/09\/13-1536x1152.jpeg 1536w\" sizes=\"(max-width: 300px) 100vw, 300px\" \/><\/p>\n<p>La personera tambi\u00e9n valor\u00f3 la buena cantidad de asistentes, \u201ca pesar de las inclemencias del tiempo que tuvimos, truenos y rel\u00e1mpagos en la ma\u00f1ana, pero esta actividad estuvo con p\u00fablico desde las 12 del d\u00eda hasta las 5 de la tarde, y todav\u00eda tenemos presencia de mucha familia\u201d.<\/p>\n<p><strong>ASISTENTES FELICES<\/strong><\/p>\n<p>\u201cVinimos con mi hermano a participar y encontramos que todo estaba muy lindo, hab\u00eda muchas cosas para comprar, para ver y muchos concursos. Nosotros participamos en el concurso familiar. Nunca hab\u00eda venido a algo as\u00ed, as\u00ed es que feliz de compartir\u201d, coment\u00f3 Yael, junto a su peque\u00f1o hermano que disfrut\u00f3 de la jornada que tambi\u00e9n luci\u00f3 los conocidos \u201csix-seven\u201d y el \u201cfarmear aura\u201d.<\/p>\n<audio class=\"wp-audio-shortcode\" id=\"audio-61407-2\" preload=\"none\" style=\"width: 100%;\" controls=\"controls\"><source type=\"audio\/mpeg\" src=\"https:\/\/municipalidadpucon.cl\/wp-content\/uploads\/2026\/09\/Yael-asistente-de-Pucon-participo-con-su-hermano.mp3?_=2\" \/><a href=\"https:\/\/municipalidadpucon.cl\/wp-content\/uploads\/2026\/09\/Yael-asistente-de-Pucon-participo-con-su-hermano.mp3\">https:\/\/municipalidadpucon.cl\/wp-content\/uploads\/2026\/09\/Yael-asistente-de-Pucon-participo-con-su-hermano.mp3<\/a><\/audio>\n<p>A decir de Maite, el evento \u201cfue s\u00faper lindo, me gust\u00f3 mucho participar de las actividades que hab\u00eda, y me gust\u00f3 mucho ver c\u00f3mo la gente convive en este tipo de ferias. Al principio no estaba tan lleno, pero tard\u00f3 muy poco en llenarse\u201d.<\/p>\n<audio class=\"wp-audio-shortcode\" id=\"audio-61407-3\" preload=\"none\" style=\"width: 100%;\" controls=\"controls\"><source type=\"audio\/mpeg\" src=\"https:\/\/municipalidadpucon.cl\/wp-content\/uploads\/2026\/09\/Maite-asistente-a-la-jornada-valora-la-actividad-.mp3?_=3\" \/><a href=\"https:\/\/municipalidadpucon.cl\/wp-content\/uploads\/2026\/09\/Maite-asistente-a-la-jornada-valora-la-actividad-.mp3\">https:\/\/municipalidadpucon.cl\/wp-content\/uploads\/2026\/09\/Maite-asistente-a-la-jornada-valora-la-actividad-.mp3<\/a><\/audio>\n<p><img decoding=\"async\" class=\"alignnone size-medium wp-image-61419\" src=\"https:\/\/municipalidadpucon.cl\/wp-content\/uploads\/2026\/09\/11-1-300x225.jpeg\" alt=\"\" width=\"300\" height=\"225\" srcset=\"https:\/\/municipalidadpucon.cl\/wp-content\/uploads\/2026\/09\/11-1-200x150.jpeg 200w, https:\/\/municipalidadpucon.cl\/wp-content\/uploads\/2026\/09\/11-1-300x225.jpeg 300w, https:\/\/municipalidadpucon.cl\/wp-content\/uploads\/2026\/09\/11-1-400x300.jpeg 400w, https:\/\/municipalidadpucon.cl\/wp-content\/uploads\/2026\/09\/11-1-600x450.jpeg 600w, https:\/\/municipalidadpucon.cl\/wp-content\/uploads\/2026\/09\/11-1-768x576.jpeg 768w, https:\/\/municipalidadpucon.cl\/wp-content\/uploads\/2026\/09\/11-1-800x600.jpeg 800w, https:\/\/municipalidadpucon.cl\/wp-content\/uploads\/2026\/09\/11-1-1024x768.jpeg 1024w, https:\/\/municipalidadpucon.cl\/wp-content\/uploads\/2026\/09\/11-1-1200x900.jpeg 1200w, https:\/\/municipalidadpucon.cl\/wp-content\/uploads\/2026\/09\/11-1-scaled.jpeg 1300w, https:\/\/municipalidadpucon.cl\/wp-content\/uploads\/2026\/09\/11-1-1536x1152.jpeg 1536w\" sizes=\"(max-width: 300px) 100vw, 300px\" \/> <img decoding=\"async\" class=\"alignnone size-medium wp-image-61420\" src=\"https:\/\/municipalidadpucon.cl\/wp-content\/uploads\/2026\/09\/12-1-300x225.jpeg\" alt=\"\" width=\"300\" height=\"225\" srcset=\"https:\/\/municipalidadpucon.cl\/wp-content\/uploads\/2026\/09\/12-1-200x150.jpeg 200w, https:\/\/municipalidadpucon.cl\/wp-content\/uploads\/2026\/09\/12-1-300x225.jpeg 300w, https:\/\/municipalidadpucon.cl\/wp-content\/uploads\/2026\/09\/12-1-400x300.jpeg 400w, https:\/\/municipalidadpucon.cl\/wp-content\/uploads\/2026\/09\/12-1-600x450.jpeg 600w, https:\/\/municipalidadpucon.cl\/wp-content\/uploads\/2026\/09\/12-1-768x576.jpeg 768w, https:\/\/municipalidadpucon.cl\/wp-content\/uploads\/2026\/09\/12-1-800x600.jpeg 800w, https:\/\/municipalidadpucon.cl\/wp-content\/uploads\/2026\/09\/12-1-1024x768.jpeg 1024w, https:\/\/municipalidadpucon.cl\/wp-content\/uploads\/2026\/09\/12-1-1200x900.jpeg 1200w, https:\/\/municipalidadpucon.cl\/wp-content\/uploads\/2026\/09\/12-1-scaled.jpeg 1300w, https:\/\/municipalidadpucon.cl\/wp-content\/uploads\/2026\/09\/12-1-1536x1152.jpeg 1536w\" sizes=\"(max-width: 300px) 100vw, 300px\" \/><\/p>\n<p>Seg\u00fan Daniela, madre que llev\u00f3 a su hija al encuentro y adem\u00e1s pudo instalarse con un puesto en la muestra, lo vivido \u201cfue maravilloso, porque aqu\u00ed en la zona se necesita este tipo de actividades porque hay mucha gente que le gusta este tipo de fiestas. Mi hija particip\u00f3 y qued\u00f3 feliz de la vida\u201d.<\/p>\n<audio class=\"wp-audio-shortcode\" id=\"audio-61407-4\" preload=\"none\" style=\"width: 100%;\" controls=\"controls\"><source type=\"audio\/mpeg\" src=\"https:\/\/municipalidadpucon.cl\/wp-content\/uploads\/2026\/09\/Daniela-madre-asistente-agradece-estas-instancias-.mp3?_=4\" \/><a href=\"https:\/\/municipalidadpucon.cl\/wp-content\/uploads\/2026\/09\/Daniela-madre-asistente-agradece-estas-instancias-.mp3\">https:\/\/municipalidadpucon.cl\/wp-content\/uploads\/2026\/09\/Daniela-madre-asistente-agradece-estas-instancias-.mp3<\/a><\/audio>\n<p><img decoding=\"async\" class=\"alignnone size-medium wp-image-61424\" src=\"https:\/\/municipalidadpucon.cl\/wp-content\/uploads\/2026\/09\/SECUNDARIA-1-300x225.jpeg\" alt=\"\" width=\"300\" height=\"225\" srcset=\"https:\/\/municipalidadpucon.cl\/wp-content\/uploads\/2026\/09\/SECUNDARIA-1-200x150.jpeg 200w, https:\/\/municipalidadpucon.cl\/wp-content\/uploads\/2026\/09\/SECUNDARIA-1-300x225.jpeg 300w, https:\/\/municipalidadpucon.cl\/wp-content\/uploads\/2026\/09\/SECUNDARIA-1-400x300.jpeg 400w, https:\/\/municipalidadpucon.cl\/wp-content\/uploads\/2026\/09\/SECUNDARIA-1-600x450.jpeg 600w, https:\/\/municipalidadpucon.cl\/wp-content\/uploads\/2026\/09\/SECUNDARIA-1-768x576.jpeg 768w, https:\/\/municipalidadpucon.cl\/wp-content\/uploads\/2026\/09\/SECUNDARIA-1-800x600.jpeg 800w, https:\/\/municipalidadpucon.cl\/wp-content\/uploads\/2026\/09\/SECUNDARIA-1-1024x768.jpeg 1024w, https:\/\/municipalidadpucon.cl\/wp-content\/uploads\/2026\/09\/SECUNDARIA-1-1200x900.jpeg 1200w, https:\/\/municipalidadpucon.cl\/wp-content\/uploads\/2026\/09\/SECUNDARIA-1-scaled.jpeg 1300w, https:\/\/municipalidadpucon.cl\/wp-content\/uploads\/2026\/09\/SECUNDARIA-1-1536x1152.jpeg 1536w\" sizes=\"(max-width: 300px) 100vw, 300px\" \/><\/p>\n<p><strong>CAMPE\u00d3N POKEMON<\/strong><\/p>\n<p>Por \u00faltimo, con el t\u00edtulo de ganador de la competencia de Pokemon TCG, el joven de Curarrehue, Francisco Sierra, reconoci\u00f3 que esta Expo Friki Puc\u00f3n 2026 estuvo \u201cbien entretenida. Hace rato que no se hac\u00edan eventos de este estilo y ahora en un lugar m\u00e1s accesible. Estuve s\u00faper entretenido, faltaron un poco m\u00e1s de stand, pero estuvo s\u00faper buena. Harta gente igual y mucho m\u00e1s tranquilo que la \u00faltima vez. Todo estuvo bien organizado\u201d, sentenci\u00f3 el tambi\u00e9n oriundo del sector Catripulli.<\/p>\n<audio class=\"wp-audio-shortcode\" id=\"audio-61407-5\" preload=\"none\" style=\"width: 100%;\" controls=\"controls\"><source type=\"audio\/mpeg\" src=\"https:\/\/municipalidadpucon.cl\/wp-content\/uploads\/2026\/09\/Fco-Sierra-asistente-de-Curarrehue-ganador-de-Pokemon-TCG-.mp3?_=5\" \/><a href=\"https:\/\/municipalidadpucon.cl\/wp-content\/uploads\/2026\/09\/Fco-Sierra-asistente-de-Curarrehue-ganador-de-Pokemon-TCG-.mp3\">https:\/\/municipalidadpucon.cl\/wp-content\/uploads\/2026\/09\/Fco-Sierra-asistente-de-Curarrehue-ganador-de-Pokemon-TCG-.mp3<\/a><\/audio>\n","protected":false},"excerpt":{"rendered":"<p>El Gimnasio Municipal de la comuna se replet\u00f3 de familias, [&hellip;]<\/p>\n","protected":false},"author":11,"featured_media":61423,"comment_status":"closed","ping_status":"open","sticky":false,"template":"","format":"standard","meta":[],"categories":[98,3],"tags":[],"_links":{"self":[{"href":"https:\/\/municipalidadpucon.cl\/index.php?rest_route=\/wp\/v2\/posts\/61407"}],"collection":[{"href":"https:\/\/municipalidadpucon.cl\/index.php?rest_route=\/wp\/v2\/posts"}],"about":[{"href":"https:\/\/municipalidadpucon.cl\/index.php?rest_route=\/wp\/v2\/types\/post"}],"author":[{"embeddable":true,"href":"https:\/\/municipalidadpucon.cl\/index.php?rest_route=\/wp\/v2\/users\/11"}],"replies":[{"embeddable":true,"href":"https:\/\/municipalidadpucon.cl\/index.php?rest_route=%2Fwp%2Fv2%2Fcomments&post=61407"}],"version-history":[{"count":1,"href":"https:\/\/municipalidadpucon.cl\/index.php?rest_route=\/wp\/v2\/posts\/61407\/revisions"}],"predecessor-version":[{"id":61425,"href":"https:\/\/municipalidadpucon.cl\/index.php?rest_route=\/wp\/v2\/posts\/61407\/revisions\/61425"}],"wp:featuredmedia":[{"embeddable":true,"href":"https:\/\/municipalidadpucon.cl\/index.php?rest_route=\/wp\/v2\/media\/61423"}],"wp:attachment":[{"href":"https:\/\/municipalidadpucon.cl\/index.php?rest_route=%2Fwp%2Fv2%2Fmedia&parent=61407"}],"wp:term":[{"taxonomy":"category","embeddable":true,"href":"https:\/\/municipalidadpucon.cl\/index.php?rest_route=%2Fwp%2Fv2%2Fcategories&post=61407"},{"taxonomy":"post_tag","embeddable":true,"href":"https:\/\/municipalidadpucon.cl\/index.php?rest_route=%2Fwp%2Fv2%2Ftags&post=61407"}],"curies":[{"name":"wp","href":"https:\/\/api.w.org\/{rel}","templated":true}]}}