{"id":61426,"date":"2026-09-04T11:00:25","date_gmt":"2026-09-04T14:00:25","guid":{"rendered":"https:\/\/municipalidadpucon.cl\/?p=61426"},"modified":"2026-09-04T15:01:39","modified_gmt":"2026-09-04T18:01:39","slug":"con-el-izamiento-del-pabellon-patrio-pucon-abraza-a-chile-en-fiestas-patrias","status":"publish","type":"post","link":"https:\/\/municipalidadpucon.cl\/?p=61426","title":{"rendered":"Con el izamiento del pabell\u00f3n patrio Puc\u00f3n \u201cabraza a Chile\u201d en Fiestas Patrias"},"content":{"rendered":"<p><em><strong>Actividad fue este viernes 4 de septiembre en plena Plaza de Armas de la comuna, en donde se realizar\u00e1 en los d\u00edas venideros una veintena de actividades que incluye desfiles rurales y urbano, una feria de emprendedores y la Fiesta Familiar que ser\u00e1 en el Ecoparque Municipal.<\/strong><\/em><\/p>\n<p>&nbsp;<\/p>\n<p><img decoding=\"async\" class=\"size-medium wp-image-61441 aligncenter\" src=\"https:\/\/municipalidadpucon.cl\/wp-content\/uploads\/2026\/09\/3-3-300x225.jpeg\" alt=\"\" width=\"300\" height=\"225\" srcset=\"https:\/\/municipalidadpucon.cl\/wp-content\/uploads\/2026\/09\/3-3-200x150.jpeg 200w, https:\/\/municipalidadpucon.cl\/wp-content\/uploads\/2026\/09\/3-3-300x225.jpeg 300w, https:\/\/municipalidadpucon.cl\/wp-content\/uploads\/2026\/09\/3-3-400x300.jpeg 400w, https:\/\/municipalidadpucon.cl\/wp-content\/uploads\/2026\/09\/3-3-600x450.jpeg 600w, https:\/\/municipalidadpucon.cl\/wp-content\/uploads\/2026\/09\/3-3-768x576.jpeg 768w, https:\/\/municipalidadpucon.cl\/wp-content\/uploads\/2026\/09\/3-3-800x600.jpeg 800w, https:\/\/municipalidadpucon.cl\/wp-content\/uploads\/2026\/09\/3-3-1024x768.jpeg 1024w, https:\/\/municipalidadpucon.cl\/wp-content\/uploads\/2026\/09\/3-3-1200x900.jpeg 1200w, https:\/\/municipalidadpucon.cl\/wp-content\/uploads\/2026\/09\/3-3-scaled.jpeg 1300w, https:\/\/municipalidadpucon.cl\/wp-content\/uploads\/2026\/09\/3-3-1536x1152.jpeg 1536w\" sizes=\"(max-width: 300px) 100vw, 300px\" \/><\/p>\n<p>\u201cChile Se Abraza en Puc\u00f3n\u201d es la invitaci\u00f3n de vecinos, emprendedores y actores tur\u00edsticos de la siempre atractiva lacustre comuna de La Araucan\u00eda para las festividades patrias que en la zona comenz\u00f3 con el tradicional Izamiento de la Bandera, que fue en la Plaza de Armas en una actividad fijada inicialmente para el pasado martes 1 de septiembre, pero que se concret\u00f3 este viernes 4, debido a los factores clim\u00e1ticos al inicio de este semana.<\/p>\n<p>En este evento, adem\u00e1s, se realiz\u00f3 una gran cuecada, la que fue aplaudida por los asistentes; entre los cuales estuvo el alcalde (s), Gustavo Sandoval y los concejales Claudio Cortez, Emilio Ulloa y Marina Matus, junto a autoridades municipales, de carabineros, la Armada y de establecimientos educacionales de la comuna.<\/p>\n<p><img decoding=\"async\" class=\"alignnone size-medium wp-image-61442\" src=\"https:\/\/municipalidadpucon.cl\/wp-content\/uploads\/2026\/09\/2-1-300x225.jpeg\" alt=\"\" width=\"300\" height=\"225\" srcset=\"https:\/\/municipalidadpucon.cl\/wp-content\/uploads\/2026\/09\/2-1-200x150.jpeg 200w, https:\/\/municipalidadpucon.cl\/wp-content\/uploads\/2026\/09\/2-1-300x225.jpeg 300w, https:\/\/municipalidadpucon.cl\/wp-content\/uploads\/2026\/09\/2-1-400x300.jpeg 400w, https:\/\/municipalidadpucon.cl\/wp-content\/uploads\/2026\/09\/2-1-600x450.jpeg 600w, https:\/\/municipalidadpucon.cl\/wp-content\/uploads\/2026\/09\/2-1-768x576.jpeg 768w, https:\/\/municipalidadpucon.cl\/wp-content\/uploads\/2026\/09\/2-1-800x600.jpeg 800w, https:\/\/municipalidadpucon.cl\/wp-content\/uploads\/2026\/09\/2-1-1024x768.jpeg 1024w, https:\/\/municipalidadpucon.cl\/wp-content\/uploads\/2026\/09\/2-1-1200x900.jpeg 1200w, https:\/\/municipalidadpucon.cl\/wp-content\/uploads\/2026\/09\/2-1-scaled.jpeg 1300w, https:\/\/municipalidadpucon.cl\/wp-content\/uploads\/2026\/09\/2-1-1536x1152.jpeg 1536w\" sizes=\"(max-width: 300px) 100vw, 300px\" \/> <img decoding=\"async\" class=\"alignnone size-medium wp-image-61443\" src=\"https:\/\/municipalidadpucon.cl\/wp-content\/uploads\/2026\/09\/5-1-300x225.jpeg\" alt=\"\" width=\"300\" height=\"225\" srcset=\"https:\/\/municipalidadpucon.cl\/wp-content\/uploads\/2026\/09\/5-1-200x150.jpeg 200w, https:\/\/municipalidadpucon.cl\/wp-content\/uploads\/2026\/09\/5-1-300x225.jpeg 300w, https:\/\/municipalidadpucon.cl\/wp-content\/uploads\/2026\/09\/5-1-400x300.jpeg 400w, https:\/\/municipalidadpucon.cl\/wp-content\/uploads\/2026\/09\/5-1-600x450.jpeg 600w, https:\/\/municipalidadpucon.cl\/wp-content\/uploads\/2026\/09\/5-1-768x576.jpeg 768w, https:\/\/municipalidadpucon.cl\/wp-content\/uploads\/2026\/09\/5-1-800x600.jpeg 800w, https:\/\/municipalidadpucon.cl\/wp-content\/uploads\/2026\/09\/5-1-1024x768.jpeg 1024w, https:\/\/municipalidadpucon.cl\/wp-content\/uploads\/2026\/09\/5-1-1200x900.jpeg 1200w, https:\/\/municipalidadpucon.cl\/wp-content\/uploads\/2026\/09\/5-1-scaled.jpeg 1300w, https:\/\/municipalidadpucon.cl\/wp-content\/uploads\/2026\/09\/5-1-1536x1152.jpeg 1536w\" sizes=\"(max-width: 300px) 100vw, 300px\" \/> <img decoding=\"async\" class=\"alignnone size-medium wp-image-61444\" src=\"https:\/\/municipalidadpucon.cl\/wp-content\/uploads\/2026\/09\/6-300x225.jpeg\" alt=\"\" width=\"300\" height=\"225\" srcset=\"https:\/\/municipalidadpucon.cl\/wp-content\/uploads\/2026\/09\/6-200x150.jpeg 200w, https:\/\/municipalidadpucon.cl\/wp-content\/uploads\/2026\/09\/6-300x225.jpeg 300w, https:\/\/municipalidadpucon.cl\/wp-content\/uploads\/2026\/09\/6-400x300.jpeg 400w, https:\/\/municipalidadpucon.cl\/wp-content\/uploads\/2026\/09\/6-600x450.jpeg 600w, https:\/\/municipalidadpucon.cl\/wp-content\/uploads\/2026\/09\/6-768x576.jpeg 768w, https:\/\/municipalidadpucon.cl\/wp-content\/uploads\/2026\/09\/6-800x600.jpeg 800w, https:\/\/municipalidadpucon.cl\/wp-content\/uploads\/2026\/09\/6-1024x768.jpeg 1024w, https:\/\/municipalidadpucon.cl\/wp-content\/uploads\/2026\/09\/6-1200x900.jpeg 1200w, https:\/\/municipalidadpucon.cl\/wp-content\/uploads\/2026\/09\/6-scaled.jpeg 1300w, https:\/\/municipalidadpucon.cl\/wp-content\/uploads\/2026\/09\/6-1536x1152.jpeg 1536w\" sizes=\"(max-width: 300px) 100vw, 300px\" \/> <img decoding=\"async\" class=\"alignnone size-medium wp-image-61445\" src=\"https:\/\/municipalidadpucon.cl\/wp-content\/uploads\/2026\/09\/7-300x168.jpeg\" alt=\"\" width=\"300\" height=\"168\" srcset=\"https:\/\/municipalidadpucon.cl\/wp-content\/uploads\/2026\/09\/7-200x112.jpeg 200w, https:\/\/municipalidadpucon.cl\/wp-content\/uploads\/2026\/09\/7-300x168.jpeg 300w, https:\/\/municipalidadpucon.cl\/wp-content\/uploads\/2026\/09\/7-400x224.jpeg 400w, https:\/\/municipalidadpucon.cl\/wp-content\/uploads\/2026\/09\/7-600x336.jpeg 600w, https:\/\/municipalidadpucon.cl\/wp-content\/uploads\/2026\/09\/7-768x431.jpeg 768w, https:\/\/municipalidadpucon.cl\/wp-content\/uploads\/2026\/09\/7-800x449.jpeg 800w, https:\/\/municipalidadpucon.cl\/wp-content\/uploads\/2026\/09\/7-1024x574.jpeg 1024w, https:\/\/municipalidadpucon.cl\/wp-content\/uploads\/2026\/09\/7-1200x673.jpeg 1200w, https:\/\/municipalidadpucon.cl\/wp-content\/uploads\/2026\/09\/7-scaled.jpeg 1300w, https:\/\/municipalidadpucon.cl\/wp-content\/uploads\/2026\/09\/7-1536x861.jpeg 1536w\" sizes=\"(max-width: 300px) 100vw, 300px\" \/><\/p>\n<p>Otro gran atractivo ser\u00e1 para este 2026 la Feria de Fiestas Patrias de emprendedores locales, quienes se instalar\u00e1n -bajo la coordinaci\u00f3n de la Municipalidad local, a trav\u00e9s de su Centro de Desarrollo de Negocios (CDN)- en la mism\u00edsima Plaza de Armas, entre el 11 y 27 de septiembre, de 12 a 21 horas.<\/p>\n<p><strong>MUESTRA TRADICIONAL<\/strong><\/p>\n<p>\u201cEncuentro que es una buena instancia para todos los que tenemos un emprendimiento y poder mostrarlo al p\u00fablico, y la verdad es que s\u00ed me he sentido apoyada por todo\u201d, coment\u00f3 Francisca Toro, artesana en papeler\u00eda, quien a inicios de esta semana particip\u00f3 de una reuni\u00f3n de coordinaci\u00f3n -junto a m\u00e1s de un centenar de artesanos y productores locales- con profesionales municipales del CDN, quienes aseguraron buenas dependencias para estas festividades, tanto para los expositores como para visitantes y turistas.<\/p>\n<!--[if lt IE 9]><script>document.createElement('audio');<\/script><![endif]-->\n<audio class=\"wp-audio-shortcode\" id=\"audio-61426-1\" preload=\"none\" style=\"width: 100%;\" controls=\"controls\"><source type=\"audio\/mpeg\" src=\"https:\/\/municipalidadpucon.cl\/wp-content\/uploads\/2026\/09\/Francisca-Toro-emprendedora-en-papeleria-destaca-que-la-temporada.mp3?_=1\" \/><a href=\"https:\/\/municipalidadpucon.cl\/wp-content\/uploads\/2026\/09\/Francisca-Toro-emprendedora-en-papeleria-destaca-que-la-temporada.mp3\">https:\/\/municipalidadpucon.cl\/wp-content\/uploads\/2026\/09\/Francisca-Toro-emprendedora-en-papeleria-destaca-que-la-temporada.mp3<\/a><\/audio>\n<p><img decoding=\"async\" class=\"alignnone size-medium wp-image-61429\" src=\"https:\/\/municipalidadpucon.cl\/wp-content\/uploads\/2026\/09\/3-2-300x225.jpeg\" alt=\"\" width=\"300\" height=\"225\" srcset=\"https:\/\/municipalidadpucon.cl\/wp-content\/uploads\/2026\/09\/3-2-200x150.jpeg 200w, https:\/\/municipalidadpucon.cl\/wp-content\/uploads\/2026\/09\/3-2-300x225.jpeg 300w, https:\/\/municipalidadpucon.cl\/wp-content\/uploads\/2026\/09\/3-2-400x300.jpeg 400w, https:\/\/municipalidadpucon.cl\/wp-content\/uploads\/2026\/09\/3-2-600x450.jpeg 600w, https:\/\/municipalidadpucon.cl\/wp-content\/uploads\/2026\/09\/3-2-768x576.jpeg 768w, https:\/\/municipalidadpucon.cl\/wp-content\/uploads\/2026\/09\/3-2-800x600.jpeg 800w, https:\/\/municipalidadpucon.cl\/wp-content\/uploads\/2026\/09\/3-2-1024x768.jpeg 1024w, https:\/\/municipalidadpucon.cl\/wp-content\/uploads\/2026\/09\/3-2-1200x900.jpeg 1200w, https:\/\/municipalidadpucon.cl\/wp-content\/uploads\/2026\/09\/3-2.jpeg 1280w\" sizes=\"(max-width: 300px) 100vw, 300px\" \/> <img decoding=\"async\" class=\"alignnone size-medium wp-image-61430\" src=\"https:\/\/municipalidadpucon.cl\/wp-content\/uploads\/2026\/09\/4-2-300x225.jpeg\" alt=\"\" width=\"300\" height=\"225\" srcset=\"https:\/\/municipalidadpucon.cl\/wp-content\/uploads\/2026\/09\/4-2-200x150.jpeg 200w, https:\/\/municipalidadpucon.cl\/wp-content\/uploads\/2026\/09\/4-2-300x225.jpeg 300w, https:\/\/municipalidadpucon.cl\/wp-content\/uploads\/2026\/09\/4-2-400x300.jpeg 400w, https:\/\/municipalidadpucon.cl\/wp-content\/uploads\/2026\/09\/4-2-600x450.jpeg 600w, https:\/\/municipalidadpucon.cl\/wp-content\/uploads\/2026\/09\/4-2-768x576.jpeg 768w, https:\/\/municipalidadpucon.cl\/wp-content\/uploads\/2026\/09\/4-2-800x600.jpeg 800w, https:\/\/municipalidadpucon.cl\/wp-content\/uploads\/2026\/09\/4-2-1024x768.jpeg 1024w, https:\/\/municipalidadpucon.cl\/wp-content\/uploads\/2026\/09\/4-2-1200x900.jpeg 1200w, https:\/\/municipalidadpucon.cl\/wp-content\/uploads\/2026\/09\/4-2-scaled.jpeg 1300w, https:\/\/municipalidadpucon.cl\/wp-content\/uploads\/2026\/09\/4-2-1536x1152.jpeg 1536w\" sizes=\"(max-width: 300px) 100vw, 300px\" \/><\/p>\n<p>Con m\u00e1s de 50 a\u00f1os de labor artesanal en Puc\u00f3n, Sergio M\u00e9ndez, uno de los cientos de emprendedores que estar\u00e1 en esta feria, destac\u00f3 que \u201cesta plaza est\u00e1 dentro de las mejores plazas de Chile para los emprendedores. No es la mejor plaza de la Regi\u00f3n, sino de Chile. Y le voy a decir, derechamente, est\u00e1 dentro de las 10 mejores plazas del mundo, como centro neur\u00e1lgico de venta de artesan\u00eda\u201d.<\/p>\n<audio class=\"wp-audio-shortcode\" id=\"audio-61426-2\" preload=\"none\" style=\"width: 100%;\" controls=\"controls\"><source type=\"audio\/mpeg\" src=\"https:\/\/municipalidadpucon.cl\/wp-content\/uploads\/2026\/09\/Sergio-Mendez-emprendedor-en-la-zona-por-mas-de-50-anos-.mp3?_=2\" \/><a href=\"https:\/\/municipalidadpucon.cl\/wp-content\/uploads\/2026\/09\/Sergio-Mendez-emprendedor-en-la-zona-por-mas-de-50-anos-.mp3\">https:\/\/municipalidadpucon.cl\/wp-content\/uploads\/2026\/09\/Sergio-Mendez-emprendedor-en-la-zona-por-mas-de-50-anos-.mp3<\/a><\/audio>\n<p><strong>APOYO LOCAL<\/strong><\/p>\n<p>El productor puconino felicit\u00f3 el apoyo municipal y de su alcalde Sebasti\u00e1n \u00c1lvarez, quienes -seg\u00fan recalca- \u201cse han atrevido a utilizar la plaza para emprendedores, porque usted vio aqu\u00ed que hay m\u00e1s de 150 personas que tenemos deseos de seguir manteni\u00e9ndolo, viviendo de nuestro emprendimiento, y que nos den la plaza y nos den esta oportunidad, realmente son unas felicitaciones por mil que les hago llegar\u201d.<\/p>\n<p>Sobre las actividades del Mes de la Patria, este viernes ser\u00e1 el izamiento del pabell\u00f3n patrio, junto a un gran cuecazo comunal, desde las 11.30 horas; a lo que se sumar\u00e1 el Provincial de Cueca Escolar B\u00e1sica, rural y urbana en el Gimnasio Municipal, este s\u00e1bado 5, a partir de las 15 horas; una muestra de campeones nacionales de cueca, en el Gimnasio Municipal (19 horas); mientras este domingo 6 de septiembre, a las 19 horas, se desarrollar\u00e1 el Regional de J\u00f3venes por la Cueca, siempre en el Gimnasio Municipal, a las 15 horas.<\/p>\n<p><img decoding=\"async\" class=\"alignnone size-medium wp-image-61432\" src=\"https:\/\/municipalidadpucon.cl\/wp-content\/uploads\/2026\/09\/Afiche-1-240x300.jpeg\" alt=\"\" width=\"240\" height=\"300\" srcset=\"https:\/\/municipalidadpucon.cl\/wp-content\/uploads\/2026\/09\/Afiche-1-200x250.jpeg 200w, https:\/\/municipalidadpucon.cl\/wp-content\/uploads\/2026\/09\/Afiche-1-240x300.jpeg 240w, https:\/\/municipalidadpucon.cl\/wp-content\/uploads\/2026\/09\/Afiche-1-400x500.jpeg 400w, https:\/\/municipalidadpucon.cl\/wp-content\/uploads\/2026\/09\/Afiche-1-600x750.jpeg 600w, https:\/\/municipalidadpucon.cl\/wp-content\/uploads\/2026\/09\/Afiche-1-768x960.jpeg 768w, https:\/\/municipalidadpucon.cl\/wp-content\/uploads\/2026\/09\/Afiche-1-800x1000.jpeg 800w, https:\/\/municipalidadpucon.cl\/wp-content\/uploads\/2026\/09\/Afiche-1-819x1024.jpeg 819w, https:\/\/municipalidadpucon.cl\/wp-content\/uploads\/2026\/09\/Afiche-1-scaled.jpeg 1040w, https:\/\/municipalidadpucon.cl\/wp-content\/uploads\/2026\/09\/Afiche-1-1200x1500.jpeg 1200w, https:\/\/municipalidadpucon.cl\/wp-content\/uploads\/2026\/09\/Afiche-1-1229x1536.jpeg 1229w\" sizes=\"(max-width: 240px) 100vw, 240px\" \/> <img decoding=\"async\" class=\"alignnone size-medium wp-image-61433\" src=\"https:\/\/municipalidadpucon.cl\/wp-content\/uploads\/2026\/09\/Afiche-2-240x300.jpeg\" alt=\"\" width=\"240\" height=\"300\" srcset=\"https:\/\/municipalidadpucon.cl\/wp-content\/uploads\/2026\/09\/Afiche-2-200x250.jpeg 200w, https:\/\/municipalidadpucon.cl\/wp-content\/uploads\/2026\/09\/Afiche-2-240x300.jpeg 240w, https:\/\/municipalidadpucon.cl\/wp-content\/uploads\/2026\/09\/Afiche-2-400x500.jpeg 400w, https:\/\/municipalidadpucon.cl\/wp-content\/uploads\/2026\/09\/Afiche-2-600x750.jpeg 600w, https:\/\/municipalidadpucon.cl\/wp-content\/uploads\/2026\/09\/Afiche-2-768x960.jpeg 768w, https:\/\/municipalidadpucon.cl\/wp-content\/uploads\/2026\/09\/Afiche-2-800x1000.jpeg 800w, https:\/\/municipalidadpucon.cl\/wp-content\/uploads\/2026\/09\/Afiche-2-819x1024.jpeg 819w, https:\/\/municipalidadpucon.cl\/wp-content\/uploads\/2026\/09\/Afiche-2-scaled.jpeg 1040w, https:\/\/municipalidadpucon.cl\/wp-content\/uploads\/2026\/09\/Afiche-2-1200x1500.jpeg 1200w, https:\/\/municipalidadpucon.cl\/wp-content\/uploads\/2026\/09\/Afiche-2-1229x1536.jpeg 1229w\" sizes=\"(max-width: 240px) 100vw, 240px\" \/> <img decoding=\"async\" class=\"alignnone size-medium wp-image-61434\" src=\"https:\/\/municipalidadpucon.cl\/wp-content\/uploads\/2026\/09\/Afiche-3-240x300.jpeg\" alt=\"\" width=\"240\" height=\"300\" srcset=\"https:\/\/municipalidadpucon.cl\/wp-content\/uploads\/2026\/09\/Afiche-3-200x250.jpeg 200w, https:\/\/municipalidadpucon.cl\/wp-content\/uploads\/2026\/09\/Afiche-3-240x300.jpeg 240w, https:\/\/municipalidadpucon.cl\/wp-content\/uploads\/2026\/09\/Afiche-3-400x500.jpeg 400w, https:\/\/municipalidadpucon.cl\/wp-content\/uploads\/2026\/09\/Afiche-3-600x750.jpeg 600w, https:\/\/municipalidadpucon.cl\/wp-content\/uploads\/2026\/09\/Afiche-3-768x960.jpeg 768w, https:\/\/municipalidadpucon.cl\/wp-content\/uploads\/2026\/09\/Afiche-3-800x1000.jpeg 800w, https:\/\/municipalidadpucon.cl\/wp-content\/uploads\/2026\/09\/Afiche-3-819x1024.jpeg 819w, https:\/\/municipalidadpucon.cl\/wp-content\/uploads\/2026\/09\/Afiche-3-scaled.jpeg 1040w, https:\/\/municipalidadpucon.cl\/wp-content\/uploads\/2026\/09\/Afiche-3-1200x1500.jpeg 1200w, https:\/\/municipalidadpucon.cl\/wp-content\/uploads\/2026\/09\/Afiche-3-1229x1536.jpeg 1229w\" sizes=\"(max-width: 240px) 100vw, 240px\" \/><\/p>\n<p><strong>VARIADAS ACTIVIDADES<\/strong><\/p>\n<p>Adem\u00e1s, se espera la elecci\u00f3n de la Mejor Empanada de Puc\u00f3n, el pr\u00f3ximo 9 de septiembre a las 12 horas en el Municipio lacustre; los desfiles rurales en Caburgua, Villa San Pedro y Palgu\u00edn (10 y 11 de septiembre); una Media Marat\u00f3n (en el Estadio Municipal el s\u00e1bado 12, al mediod\u00eda); la Corrida Infantil Sin Pedales (Playa Negra de Caburgua, a las 11); la Carrera de Garzones (lunes 14, a las 12 horas); el desfile por Avenida O\u2019Higgins -o en el CECH, en caso de intensa lluvia- (18 de septiembre, a las 11 horas); el Trail Familiar (en el sector El Play\u00f3n, Camino al Volc\u00e1n, a las 9 horas del s\u00e1bado 26) y los festejos por el D\u00eda Mundial del Turismo, el mismo d\u00eda 26 al mediod\u00eda en la mism\u00edsima Plaza de Armas a partir de las 12 horas.<\/p>\n<p><img decoding=\"async\" class=\"alignnone size-medium wp-image-61435\" src=\"https:\/\/municipalidadpucon.cl\/wp-content\/uploads\/2026\/09\/5-300x169.jpg\" alt=\"\" width=\"300\" height=\"169\" srcset=\"https:\/\/municipalidadpucon.cl\/wp-content\/uploads\/2026\/09\/5-200x113.jpg 200w, https:\/\/municipalidadpucon.cl\/wp-content\/uploads\/2026\/09\/5-300x169.jpg 300w, https:\/\/municipalidadpucon.cl\/wp-content\/uploads\/2026\/09\/5-400x225.jpg 400w, https:\/\/municipalidadpucon.cl\/wp-content\/uploads\/2026\/09\/5-600x338.jpg 600w, https:\/\/municipalidadpucon.cl\/wp-content\/uploads\/2026\/09\/5-768x432.jpg 768w, https:\/\/municipalidadpucon.cl\/wp-content\/uploads\/2026\/09\/5-800x450.jpg 800w, https:\/\/municipalidadpucon.cl\/wp-content\/uploads\/2026\/09\/5-1024x576.jpg 1024w, https:\/\/municipalidadpucon.cl\/wp-content\/uploads\/2026\/09\/5-1200x675.jpg 1200w, https:\/\/municipalidadpucon.cl\/wp-content\/uploads\/2026\/09\/5-scaled.jpg 1300w, https:\/\/municipalidadpucon.cl\/wp-content\/uploads\/2026\/09\/5-1536x864.jpg 1536w\" sizes=\"(max-width: 300px) 100vw, 300px\" \/> <img decoding=\"async\" class=\"alignnone size-medium wp-image-61436\" src=\"https:\/\/municipalidadpucon.cl\/wp-content\/uploads\/2026\/09\/6-300x169.jpg\" alt=\"\" width=\"300\" height=\"169\" srcset=\"https:\/\/municipalidadpucon.cl\/wp-content\/uploads\/2026\/09\/6-200x113.jpg 200w, https:\/\/municipalidadpucon.cl\/wp-content\/uploads\/2026\/09\/6-300x169.jpg 300w, https:\/\/municipalidadpucon.cl\/wp-content\/uploads\/2026\/09\/6-400x225.jpg 400w, https:\/\/municipalidadpucon.cl\/wp-content\/uploads\/2026\/09\/6-600x338.jpg 600w, https:\/\/municipalidadpucon.cl\/wp-content\/uploads\/2026\/09\/6-768x432.jpg 768w, https:\/\/municipalidadpucon.cl\/wp-content\/uploads\/2026\/09\/6-800x450.jpg 800w, https:\/\/municipalidadpucon.cl\/wp-content\/uploads\/2026\/09\/6-1024x576.jpg 1024w, https:\/\/municipalidadpucon.cl\/wp-content\/uploads\/2026\/09\/6-1200x675.jpg 1200w, https:\/\/municipalidadpucon.cl\/wp-content\/uploads\/2026\/09\/6-scaled.jpg 1300w, https:\/\/municipalidadpucon.cl\/wp-content\/uploads\/2026\/09\/6-1536x864.jpg 1536w\" sizes=\"(max-width: 300px) 100vw, 300px\" \/><\/p>\n<p>Por \u00faltimo, desde el Municipio de Puc\u00f3n se confirm\u00f3 que la Fiesta Oficial \u201cChile en Familia\u201d se instalar\u00e1 en las dependencias municipales del EcoParque, junto al gimnasio Polideportivo y la futura piscina temperada del Centro del Sur de Chile.<\/p>\n","protected":false},"excerpt":{"rendered":"<p>Actividad fue este viernes 4 de septiembre en plena Plaza [&hellip;]<\/p>\n","protected":false},"author":11,"featured_media":61446,"comment_status":"closed","ping_status":"open","sticky":false,"template":"","format":"standard","meta":[],"categories":[98,94,3],"tags":[],"_links":{"self":[{"href":"https:\/\/municipalidadpucon.cl\/index.php?rest_route=\/wp\/v2\/posts\/61426"}],"collection":[{"href":"https:\/\/municipalidadpucon.cl\/index.php?rest_route=\/wp\/v2\/posts"}],"about":[{"href":"https:\/\/municipalidadpucon.cl\/index.php?rest_route=\/wp\/v2\/types\/post"}],"author":[{"embeddable":true,"href":"https:\/\/municipalidadpucon.cl\/index.php?rest_route=\/wp\/v2\/users\/11"}],"replies":[{"embeddable":true,"href":"https:\/\/municipalidadpucon.cl\/index.php?rest_route=%2Fwp%2Fv2%2Fcomments&post=61426"}],"version-history":[{"count":3,"href":"https:\/\/municipalidadpucon.cl\/index.php?rest_route=\/wp\/v2\/posts\/61426\/revisions"}],"predecessor-version":[{"id":61447,"href":"https:\/\/municipalidadpucon.cl\/index.php?rest_route=\/wp\/v2\/posts\/61426\/revisions\/61447"}],"wp:featuredmedia":[{"embeddable":true,"href":"https:\/\/municipalidadpucon.cl\/index.php?rest_route=\/wp\/v2\/media\/61446"}],"wp:attachment":[{"href":"https:\/\/municipalidadpucon.cl\/index.php?rest_route=%2Fwp%2Fv2%2Fmedia&parent=61426"}],"wp:term":[{"taxonomy":"category","embeddable":true,"href":"https:\/\/municipalidadpucon.cl\/index.php?rest_route=%2Fwp%2Fv2%2Fcategories&post=61426"},{"taxonomy":"post_tag","embeddable":true,"href":"https:\/\/municipalidadpucon.cl\/index.php?rest_route=%2Fwp%2Fv2%2Ftags&post=61426"}],"curies":[{"name":"wp","href":"https:\/\/api.w.org\/{rel}","templated":true}]}}